{"id":25094,"date":"2025-11-08T13:14:01","date_gmt":"2025-11-08T17:14:01","guid":{"rendered":"https:\/\/mincomercionacional.gob.ve\/?p=25094"},"modified":"2025-11-10T10:37:01","modified_gmt":"2025-11-10T14:37:01","slug":"el-1x10-del-buen-gobierno-se-consolida-en-comunidades-de-apure","status":"publish","type":"post","link":"https:\/\/mincomercionacional.gob.ve\/?p=25094","title":{"rendered":"El 1&#215;10 del Buen Gobierno se consolida en comunidades de Apure"},"content":{"rendered":"<p style=\"text-align: justify;\">El Ministro del Poder Popular de Comercio Nacional, Luis Antonio Villegas, junto al gobernador del estado Apure, Wilmer Rodr\u00edguez, el alcalde del municipio San Fernando, Joel Solorzano, y dem\u00e1s autoridades lider\u00f3 una jornada de trabajo con el objetivo de revisar los avances del 1&#215;10 del Buen Gobierno en las comunidades de la entidad.<\/p>\n<p style=\"text-align: justify;\">El despliegue permiti\u00f3 hacer un balance de la planificaci\u00f3n territorial, donde se inaugur\u00f3 la Sala de Autogobierno Comunal, iniciativa que consolida el Estado Comunal, fortaleciendo la participaci\u00f3n activa de las comunidades organizadas.<\/p>\n<p style=\"text-align: justify;\">\u00abMuy contentos de estar en estas comunas revisando el mapa de los sue\u00f1os, viendo la Agenda Concreta de Acci\u00f3n y verificando los avances de los proyectos que buscan el beneficio colectivo. Sigamos construyendo la verdadera sociedad comunal para estar a la vanguardia del nuevo Sistema de Gobierno. El despliegue avanza porque el compromiso de o\u00edr al pueblo se mantiene inquebrantable\u00bb, indic\u00f3 el Titular de Comercio Nacional.<\/p>\n<p style=\"text-align: justify;\">Por su parte, una vocera de la Comuna Trina Omaira mencion\u00f3 que se est\u00e1 entregando el mapa de los sue\u00f1os y los proyectos a ejecutar, \u00abreunidos con todo el equipo del gobierno regional y del Ministerio de Comercio Nacional en un trabajo articulado, llevamos las soluciones para el pueblo. Juntos todo es posible. Hoy m\u00e1s que nunca las mujeres de Apure estamos trabajando y defendiendo a la Patria\u00bb.<\/p>\n<p style=\"text-align: justify;\">\u200bLa Sala de Autogobierno se establece como el espacio neur\u00e1lgico para el desarrollo territorial, la eficiencia institucional y la justicia social, al garantizar la vinculaci\u00f3n directa de los proyectos comunales con el mandato obediencial de la Agenda Concreta de Acci\u00f3n (ACA).<\/p>\n<p style=\"text-align: justify;\">\u200bLa jornada, permiti\u00f3 realizar un recorrido por las comunas Trina Omaira del municipio San Fernando y El Tamarindo de P\u00e1ez en el municipio Achaguas, lo que sirvi\u00f3 para fortalecer los v\u00ednculos sociales y consolidar el camino hacia el buen vivir del pueblo apure\u00f1o.<\/p>\n<div class=\"tiled-gallery type-rectangular tiled-gallery-unresized\" data-original-width=\"500\" data-carousel-extra='{&quot;blog_id&quot;:1,&quot;permalink&quot;:&quot;https:\\\/\\\/mincomercionacional.gob.ve\\\/?p=25094&quot;,&quot;likes_blog_id&quot;:170001901}' itemscope itemtype=\"http:\/\/schema.org\/ImageGallery\" > <div class=\"gallery-row\" style=\"width: 500px; height: 224px;\" data-original-width=\"500\" data-original-height=\"224\" > <div class=\"gallery-group images-1\" style=\"width: 334px; height: 224px;\" data-original-width=\"334\" data-original-height=\"224\" > <div class=\"tiled-gallery-item tiled-gallery-item-large\" itemprop=\"associatedMedia\" itemscope itemtype=\"http:\/\/schema.org\/ImageObject\"> <a href=\"https:\/\/mincomercionacional.gob.ve\/?attachment_id=25095\" border=\"0\" itemprop=\"url\"> <meta itemprop=\"width\" content=\"330\"> <meta itemprop=\"height\" content=\"220\"> <img decoding=\"async\" class=\"\" data-attachment-id=\"25095\" data-orig-file=\"https:\/\/mincomercionacional.gob.ve\/wp-content\/uploads\/2025\/11\/IMG_20251107_211743_564.jpg\" data-orig-size=\"1280,855\" data-comments-opened=\"\" data-image-meta=\"{&quot;aperture&quot;:&quot;0&quot;,&quot;credit&quot;:&quot;&quot;,&quot;camera&quot;:&quot;&quot;,&quot;caption&quot;:&quot;&quot;,&quot;created_timestamp&quot;:&quot;0&quot;,&quot;copyright&quot;:&quot;&quot;,&quot;focal_length&quot;:&quot;0&quot;,&quot;iso&quot;:&quot;0&quot;,&quot;shutter_speed&quot;:&quot;0&quot;,&quot;title&quot;:&quot;&quot;,&quot;orientation&quot;:&quot;0&quot;}\" data-image-title=\"IMG_20251107_211743_564\" data-image-description=\"\" data-medium-file=\"https:\/\/i0.wp.com\/mincomercionacional.gob.ve\/wp-content\/uploads\/2025\/11\/IMG_20251107_211743_564.jpg?fit=300%2C200&#038;ssl=1\" data-large-file=\"https:\/\/i0.wp.com\/mincomercionacional.gob.ve\/wp-content\/uploads\/2025\/11\/IMG_20251107_211743_564.jpg?fit=1024%2C684&#038;ssl=1\" src=\"https:\/\/i0.wp.com\/mincomercionacional.gob.ve\/wp-content\/uploads\/2025\/11\/IMG_20251107_211743_564.jpg?w=330&#038;h=220&#038;ssl=1\" width=\"330\" height=\"220\" loading=\"lazy\" data-original-width=\"330\" data-original-height=\"220\" itemprop=\"http:\/\/schema.org\/image\" title=\"IMG_20251107_211743_564\" alt=\"IMG_20251107_211743_564\" style=\"width: 330px; height: 220px;\" \/> <\/a> <\/div> <\/div> <!-- close group --> <div class=\"gallery-group images-2\" style=\"width: 166px; height: 224px;\" data-original-width=\"166\" data-original-height=\"224\" > <div class=\"tiled-gallery-item tiled-gallery-item-small\" itemprop=\"associatedMedia\" itemscope itemtype=\"http:\/\/schema.org\/ImageObject\"> <a href=\"https:\/\/mincomercionacional.gob.ve\/?attachment_id=25096\" border=\"0\" itemprop=\"url\"> <meta itemprop=\"width\" content=\"162\"> <meta itemprop=\"height\" content=\"108\"> <img decoding=\"async\" class=\"\" data-attachment-id=\"25096\" data-orig-file=\"https:\/\/mincomercionacional.gob.ve\/wp-content\/uploads\/2025\/11\/IMG_20251107_211730_285.jpg\" data-orig-size=\"1280,855\" data-comments-opened=\"\" data-image-meta=\"{&quot;aperture&quot;:&quot;0&quot;,&quot;credit&quot;:&quot;&quot;,&quot;camera&quot;:&quot;&quot;,&quot;caption&quot;:&quot;&quot;,&quot;created_timestamp&quot;:&quot;0&quot;,&quot;copyright&quot;:&quot;&quot;,&quot;focal_length&quot;:&quot;0&quot;,&quot;iso&quot;:&quot;0&quot;,&quot;shutter_speed&quot;:&quot;0&quot;,&quot;title&quot;:&quot;&quot;,&quot;orientation&quot;:&quot;0&quot;}\" data-image-title=\"IMG_20251107_211730_285\" data-image-description=\"\" data-medium-file=\"https:\/\/i0.wp.com\/mincomercionacional.gob.ve\/wp-content\/uploads\/2025\/11\/IMG_20251107_211730_285.jpg?fit=300%2C200&#038;ssl=1\" data-large-file=\"https:\/\/i0.wp.com\/mincomercionacional.gob.ve\/wp-content\/uploads\/2025\/11\/IMG_20251107_211730_285.jpg?fit=1024%2C684&#038;ssl=1\" src=\"https:\/\/i0.wp.com\/mincomercionacional.gob.ve\/wp-content\/uploads\/2025\/11\/IMG_20251107_211730_285.jpg?w=162&#038;h=108&#038;ssl=1\" width=\"162\" height=\"108\" loading=\"lazy\" data-original-width=\"162\" data-original-height=\"108\" itemprop=\"http:\/\/schema.org\/image\" title=\"IMG_20251107_211730_285\" alt=\"IMG_20251107_211730_285\" style=\"width: 162px; height: 108px;\" \/> <\/a> <\/div> <div class=\"tiled-gallery-item tiled-gallery-item-small\" itemprop=\"associatedMedia\" itemscope itemtype=\"http:\/\/schema.org\/ImageObject\"> <a href=\"https:\/\/mincomercionacional.gob.ve\/?attachment_id=25097\" border=\"0\" itemprop=\"url\"> <meta itemprop=\"width\" content=\"162\"> <meta itemprop=\"height\" content=\"108\"> <img decoding=\"async\" class=\"\" data-attachment-id=\"25097\" data-orig-file=\"https:\/\/mincomercionacional.gob.ve\/wp-content\/uploads\/2025\/11\/IMG_20251107_211725_455.jpg\" data-orig-size=\"1280,855\" data-comments-opened=\"\" data-image-meta=\"{&quot;aperture&quot;:&quot;0&quot;,&quot;credit&quot;:&quot;&quot;,&quot;camera&quot;:&quot;&quot;,&quot;caption&quot;:&quot;&quot;,&quot;created_timestamp&quot;:&quot;0&quot;,&quot;copyright&quot;:&quot;&quot;,&quot;focal_length&quot;:&quot;0&quot;,&quot;iso&quot;:&quot;0&quot;,&quot;shutter_speed&quot;:&quot;0&quot;,&quot;title&quot;:&quot;&quot;,&quot;orientation&quot;:&quot;0&quot;}\" data-image-title=\"IMG_20251107_211725_455\" data-image-description=\"\" data-medium-file=\"https:\/\/i0.wp.com\/mincomercionacional.gob.ve\/wp-content\/uploads\/2025\/11\/IMG_20251107_211725_455.jpg?fit=300%2C200&#038;ssl=1\" data-large-file=\"https:\/\/i0.wp.com\/mincomercionacional.gob.ve\/wp-content\/uploads\/2025\/11\/IMG_20251107_211725_455.jpg?fit=1024%2C684&#038;ssl=1\" src=\"https:\/\/i0.wp.com\/mincomercionacional.gob.ve\/wp-content\/uploads\/2025\/11\/IMG_20251107_211725_455.jpg?w=162&#038;h=108&#038;ssl=1\" width=\"162\" height=\"108\" loading=\"lazy\" data-original-width=\"162\" data-original-height=\"108\" itemprop=\"http:\/\/schema.org\/image\" title=\"IMG_20251107_211725_455\" alt=\"IMG_20251107_211725_455\" style=\"width: 162px; height: 108px;\" \/> <\/a> <\/div> <\/div> <!-- close group --> <\/div> <!-- close row --> <div class=\"gallery-row\" style=\"width: 500px; height: 104px;\" data-original-width=\"500\" data-original-height=\"104\" > <div class=\"gallery-group images-1\" style=\"width: 154px; height: 104px;\" data-original-width=\"154\" data-original-height=\"104\" > <div class=\"tiled-gallery-item tiled-gallery-item-small\" itemprop=\"associatedMedia\" itemscope itemtype=\"http:\/\/schema.org\/ImageObject\"> <a href=\"https:\/\/mincomercionacional.gob.ve\/?attachment_id=25098\" border=\"0\" itemprop=\"url\"> <meta itemprop=\"width\" content=\"150\"> <meta itemprop=\"height\" content=\"100\"> <img decoding=\"async\" class=\"\" data-attachment-id=\"25098\" data-orig-file=\"https:\/\/mincomercionacional.gob.ve\/wp-content\/uploads\/2025\/11\/IMG_20251107_211703_496.jpg\" data-orig-size=\"1280,855\" data-comments-opened=\"\" data-image-meta=\"{&quot;aperture&quot;:&quot;0&quot;,&quot;credit&quot;:&quot;&quot;,&quot;camera&quot;:&quot;&quot;,&quot;caption&quot;:&quot;&quot;,&quot;created_timestamp&quot;:&quot;0&quot;,&quot;copyright&quot;:&quot;&quot;,&quot;focal_length&quot;:&quot;0&quot;,&quot;iso&quot;:&quot;0&quot;,&quot;shutter_speed&quot;:&quot;0&quot;,&quot;title&quot;:&quot;&quot;,&quot;orientation&quot;:&quot;0&quot;}\" data-image-title=\"IMG_20251107_211703_496\" data-image-description=\"\" data-medium-file=\"https:\/\/i0.wp.com\/mincomercionacional.gob.ve\/wp-content\/uploads\/2025\/11\/IMG_20251107_211703_496.jpg?fit=300%2C200&#038;ssl=1\" data-large-file=\"https:\/\/i0.wp.com\/mincomercionacional.gob.ve\/wp-content\/uploads\/2025\/11\/IMG_20251107_211703_496.jpg?fit=1024%2C684&#038;ssl=1\" src=\"https:\/\/i0.wp.com\/mincomercionacional.gob.ve\/wp-content\/uploads\/2025\/11\/IMG_20251107_211703_496.jpg?w=150&#038;h=100&#038;ssl=1\" width=\"150\" height=\"100\" loading=\"lazy\" data-original-width=\"150\" data-original-height=\"100\" itemprop=\"http:\/\/schema.org\/image\" title=\"IMG_20251107_211703_496\" alt=\"IMG_20251107_211703_496\" style=\"width: 150px; height: 100px;\" \/> <\/a> <\/div> <\/div> <!-- close group --> <div class=\"gallery-group images-1\" style=\"width: 192px; height: 104px;\" data-original-width=\"192\" data-original-height=\"104\" > <div class=\"tiled-gallery-item tiled-gallery-item-small\" itemprop=\"associatedMedia\" itemscope itemtype=\"http:\/\/schema.org\/ImageObject\"> <a href=\"https:\/\/mincomercionacional.gob.ve\/?attachment_id=25099\" border=\"0\" itemprop=\"url\"> <meta itemprop=\"width\" content=\"188\"> <meta itemprop=\"height\" content=\"100\"> <img decoding=\"async\" class=\"\" data-attachment-id=\"25099\" data-orig-file=\"https:\/\/mincomercionacional.gob.ve\/wp-content\/uploads\/2025\/11\/IMG_20251107_211811_509.jpg\" data-orig-size=\"1280,680\" data-comments-opened=\"\" data-image-meta=\"{&quot;aperture&quot;:&quot;0&quot;,&quot;credit&quot;:&quot;&quot;,&quot;camera&quot;:&quot;&quot;,&quot;caption&quot;:&quot;&quot;,&quot;created_timestamp&quot;:&quot;0&quot;,&quot;copyright&quot;:&quot;&quot;,&quot;focal_length&quot;:&quot;0&quot;,&quot;iso&quot;:&quot;0&quot;,&quot;shutter_speed&quot;:&quot;0&quot;,&quot;title&quot;:&quot;&quot;,&quot;orientation&quot;:&quot;0&quot;}\" data-image-title=\"IMG_20251107_211811_509\" data-image-description=\"\" data-medium-file=\"https:\/\/i0.wp.com\/mincomercionacional.gob.ve\/wp-content\/uploads\/2025\/11\/IMG_20251107_211811_509.jpg?fit=300%2C159&#038;ssl=1\" data-large-file=\"https:\/\/i0.wp.com\/mincomercionacional.gob.ve\/wp-content\/uploads\/2025\/11\/IMG_20251107_211811_509.jpg?fit=1024%2C544&#038;ssl=1\" src=\"https:\/\/i0.wp.com\/mincomercionacional.gob.ve\/wp-content\/uploads\/2025\/11\/IMG_20251107_211811_509.jpg?w=188&#038;h=100&#038;ssl=1\" width=\"188\" height=\"100\" loading=\"lazy\" data-original-width=\"188\" data-original-height=\"100\" itemprop=\"http:\/\/schema.org\/image\" title=\"IMG_20251107_211811_509\" alt=\"IMG_20251107_211811_509\" style=\"width: 188px; height: 100px;\" \/> <\/a> <\/div> <\/div> <!-- close group --> <div class=\"gallery-group images-1\" style=\"width: 154px; height: 104px;\" data-original-width=\"154\" data-original-height=\"104\" > <div class=\"tiled-gallery-item tiled-gallery-item-small\" itemprop=\"associatedMedia\" itemscope itemtype=\"http:\/\/schema.org\/ImageObject\"> <a href=\"https:\/\/mincomercionacional.gob.ve\/?attachment_id=25100\" border=\"0\" itemprop=\"url\"> <meta itemprop=\"width\" content=\"150\"> <meta itemprop=\"height\" content=\"100\"> <img decoding=\"async\" class=\"\" data-attachment-id=\"25100\" data-orig-file=\"https:\/\/mincomercionacional.gob.ve\/wp-content\/uploads\/2025\/11\/IMG_20251107_211825_597.jpg\" data-orig-size=\"1280,855\" data-comments-opened=\"\" data-image-meta=\"{&quot;aperture&quot;:&quot;0&quot;,&quot;credit&quot;:&quot;&quot;,&quot;camera&quot;:&quot;&quot;,&quot;caption&quot;:&quot;&quot;,&quot;created_timestamp&quot;:&quot;0&quot;,&quot;copyright&quot;:&quot;&quot;,&quot;focal_length&quot;:&quot;0&quot;,&quot;iso&quot;:&quot;0&quot;,&quot;shutter_speed&quot;:&quot;0&quot;,&quot;title&quot;:&quot;&quot;,&quot;orientation&quot;:&quot;0&quot;}\" data-image-title=\"IMG_20251107_211825_597\" data-image-description=\"\" data-medium-file=\"https:\/\/i0.wp.com\/mincomercionacional.gob.ve\/wp-content\/uploads\/2025\/11\/IMG_20251107_211825_597.jpg?fit=300%2C200&#038;ssl=1\" data-large-file=\"https:\/\/i0.wp.com\/mincomercionacional.gob.ve\/wp-content\/uploads\/2025\/11\/IMG_20251107_211825_597.jpg?fit=1024%2C684&#038;ssl=1\" src=\"https:\/\/i0.wp.com\/mincomercionacional.gob.ve\/wp-content\/uploads\/2025\/11\/IMG_20251107_211825_597.jpg?w=150&#038;h=100&#038;ssl=1\" width=\"150\" height=\"100\" loading=\"lazy\" data-original-width=\"150\" data-original-height=\"100\" itemprop=\"http:\/\/schema.org\/image\" title=\"IMG_20251107_211825_597\" alt=\"IMG_20251107_211825_597\" style=\"width: 150px; height: 100px;\" \/> <\/a> <\/div> <\/div> <!-- close group --> <\/div> <!-- close row --> <div class=\"gallery-row\" style=\"width: 500px; height: 98px;\" data-original-width=\"500\" data-original-height=\"98\" > <div class=\"gallery-group images-1\" style=\"width: 142px; height: 98px;\" data-original-width=\"142\" data-original-height=\"98\" > <div class=\"tiled-gallery-item tiled-gallery-item-small\" itemprop=\"associatedMedia\" itemscope itemtype=\"http:\/\/schema.org\/ImageObject\"> <a href=\"https:\/\/mincomercionacional.gob.ve\/?attachment_id=25101\" border=\"0\" itemprop=\"url\"> <meta itemprop=\"width\" content=\"138\"> <meta itemprop=\"height\" content=\"94\"> <img decoding=\"async\" class=\"\" data-attachment-id=\"25101\" data-orig-file=\"https:\/\/mincomercionacional.gob.ve\/wp-content\/uploads\/2025\/11\/IMG_20251107_211837_739.jpg\" data-orig-size=\"1167,797\" data-comments-opened=\"\" data-image-meta=\"{&quot;aperture&quot;:&quot;0&quot;,&quot;credit&quot;:&quot;&quot;,&quot;camera&quot;:&quot;&quot;,&quot;caption&quot;:&quot;&quot;,&quot;created_timestamp&quot;:&quot;0&quot;,&quot;copyright&quot;:&quot;&quot;,&quot;focal_length&quot;:&quot;0&quot;,&quot;iso&quot;:&quot;0&quot;,&quot;shutter_speed&quot;:&quot;0&quot;,&quot;title&quot;:&quot;&quot;,&quot;orientation&quot;:&quot;0&quot;}\" data-image-title=\"IMG_20251107_211837_739\" data-image-description=\"\" data-medium-file=\"https:\/\/i0.wp.com\/mincomercionacional.gob.ve\/wp-content\/uploads\/2025\/11\/IMG_20251107_211837_739.jpg?fit=300%2C205&#038;ssl=1\" data-large-file=\"https:\/\/i0.wp.com\/mincomercionacional.gob.ve\/wp-content\/uploads\/2025\/11\/IMG_20251107_211837_739.jpg?fit=1024%2C699&#038;ssl=1\" src=\"https:\/\/i0.wp.com\/mincomercionacional.gob.ve\/wp-content\/uploads\/2025\/11\/IMG_20251107_211837_739.jpg?w=138&#038;h=94&#038;ssl=1\" width=\"138\" height=\"94\" loading=\"lazy\" data-original-width=\"138\" data-original-height=\"94\" itemprop=\"http:\/\/schema.org\/image\" title=\"IMG_20251107_211837_739\" alt=\"IMG_20251107_211837_739\" style=\"width: 138px; height: 94px;\" \/> <\/a> <\/div> <\/div> <!-- close group --> <div class=\"gallery-group images-1\" style=\"width: 146px; height: 98px;\" data-original-width=\"146\" data-original-height=\"98\" > <div class=\"tiled-gallery-item tiled-gallery-item-small\" itemprop=\"associatedMedia\" itemscope itemtype=\"http:\/\/schema.org\/ImageObject\"> <a href=\"https:\/\/mincomercionacional.gob.ve\/?attachment_id=25102\" border=\"0\" itemprop=\"url\"> <meta itemprop=\"width\" content=\"142\"> <meta itemprop=\"height\" content=\"94\"> <img decoding=\"async\" class=\"\" data-attachment-id=\"25102\" data-orig-file=\"https:\/\/mincomercionacional.gob.ve\/wp-content\/uploads\/2025\/11\/IMG_20251107_211849_565.jpg\" data-orig-size=\"1280,855\" data-comments-opened=\"\" data-image-meta=\"{&quot;aperture&quot;:&quot;0&quot;,&quot;credit&quot;:&quot;&quot;,&quot;camera&quot;:&quot;&quot;,&quot;caption&quot;:&quot;&quot;,&quot;created_timestamp&quot;:&quot;0&quot;,&quot;copyright&quot;:&quot;&quot;,&quot;focal_length&quot;:&quot;0&quot;,&quot;iso&quot;:&quot;0&quot;,&quot;shutter_speed&quot;:&quot;0&quot;,&quot;title&quot;:&quot;&quot;,&quot;orientation&quot;:&quot;0&quot;}\" data-image-title=\"IMG_20251107_211849_565\" data-image-description=\"\" data-medium-file=\"https:\/\/i0.wp.com\/mincomercionacional.gob.ve\/wp-content\/uploads\/2025\/11\/IMG_20251107_211849_565.jpg?fit=300%2C200&#038;ssl=1\" data-large-file=\"https:\/\/i0.wp.com\/mincomercionacional.gob.ve\/wp-content\/uploads\/2025\/11\/IMG_20251107_211849_565.jpg?fit=1024%2C684&#038;ssl=1\" src=\"https:\/\/i0.wp.com\/mincomercionacional.gob.ve\/wp-content\/uploads\/2025\/11\/IMG_20251107_211849_565.jpg?w=142&#038;h=94&#038;ssl=1\" width=\"142\" height=\"94\" loading=\"lazy\" data-original-width=\"142\" data-original-height=\"94\" itemprop=\"http:\/\/schema.org\/image\" title=\"IMG_20251107_211849_565\" alt=\"IMG_20251107_211849_565\" style=\"width: 142px; height: 94px;\" \/> <\/a> <\/div> <\/div> <!-- close group --> <div class=\"gallery-group images-1\" style=\"width: 67px; height: 98px;\" data-original-width=\"67\" data-original-height=\"98\" > <div class=\"tiled-gallery-item tiled-gallery-item-small\" itemprop=\"associatedMedia\" itemscope itemtype=\"http:\/\/schema.org\/ImageObject\"> <a href=\"https:\/\/mincomercionacional.gob.ve\/?attachment_id=25103\" border=\"0\" itemprop=\"url\"> <meta itemprop=\"width\" content=\"63\"> <meta itemprop=\"height\" content=\"94\"> <img decoding=\"async\" class=\"\" data-attachment-id=\"25103\" data-orig-file=\"https:\/\/mincomercionacional.gob.ve\/wp-content\/uploads\/2025\/11\/IMG_20251107_211906_527.jpg\" data-orig-size=\"855,1280\" data-comments-opened=\"\" data-image-meta=\"{&quot;aperture&quot;:&quot;0&quot;,&quot;credit&quot;:&quot;&quot;,&quot;camera&quot;:&quot;&quot;,&quot;caption&quot;:&quot;&quot;,&quot;created_timestamp&quot;:&quot;0&quot;,&quot;copyright&quot;:&quot;&quot;,&quot;focal_length&quot;:&quot;0&quot;,&quot;iso&quot;:&quot;0&quot;,&quot;shutter_speed&quot;:&quot;0&quot;,&quot;title&quot;:&quot;&quot;,&quot;orientation&quot;:&quot;0&quot;}\" data-image-title=\"IMG_20251107_211906_527\" data-image-description=\"\" data-medium-file=\"https:\/\/i0.wp.com\/mincomercionacional.gob.ve\/wp-content\/uploads\/2025\/11\/IMG_20251107_211906_527.jpg?fit=200%2C300&#038;ssl=1\" data-large-file=\"https:\/\/i0.wp.com\/mincomercionacional.gob.ve\/wp-content\/uploads\/2025\/11\/IMG_20251107_211906_527.jpg?fit=684%2C1024&#038;ssl=1\" src=\"https:\/\/i0.wp.com\/mincomercionacional.gob.ve\/wp-content\/uploads\/2025\/11\/IMG_20251107_211906_527.jpg?w=63&#038;h=94&#038;ssl=1\" width=\"63\" height=\"94\" loading=\"lazy\" data-original-width=\"63\" data-original-height=\"94\" itemprop=\"http:\/\/schema.org\/image\" title=\"IMG_20251107_211906_527\" alt=\"IMG_20251107_211906_527\" style=\"width: 63px; height: 94px;\" \/> <\/a> <\/div> <\/div> <!-- close group --> <div class=\"gallery-group images-1\" style=\"width: 145px; height: 98px;\" data-original-width=\"145\" data-original-height=\"98\" > <div class=\"tiled-gallery-item tiled-gallery-item-small\" itemprop=\"associatedMedia\" itemscope itemtype=\"http:\/\/schema.org\/ImageObject\"> <a href=\"https:\/\/mincomercionacional.gob.ve\/?attachment_id=25104\" border=\"0\" itemprop=\"url\"> <meta itemprop=\"width\" content=\"141\"> <meta itemprop=\"height\" content=\"94\"> <img decoding=\"async\" class=\"\" data-attachment-id=\"25104\" data-orig-file=\"https:\/\/mincomercionacional.gob.ve\/wp-content\/uploads\/2025\/11\/IMG_20251107_211954_265.jpg\" data-orig-size=\"1280,855\" data-comments-opened=\"\" data-image-meta=\"{&quot;aperture&quot;:&quot;0&quot;,&quot;credit&quot;:&quot;&quot;,&quot;camera&quot;:&quot;&quot;,&quot;caption&quot;:&quot;&quot;,&quot;created_timestamp&quot;:&quot;0&quot;,&quot;copyright&quot;:&quot;&quot;,&quot;focal_length&quot;:&quot;0&quot;,&quot;iso&quot;:&quot;0&quot;,&quot;shutter_speed&quot;:&quot;0&quot;,&quot;title&quot;:&quot;&quot;,&quot;orientation&quot;:&quot;0&quot;}\" data-image-title=\"IMG_20251107_211954_265\" data-image-description=\"\" data-medium-file=\"https:\/\/i0.wp.com\/mincomercionacional.gob.ve\/wp-content\/uploads\/2025\/11\/IMG_20251107_211954_265.jpg?fit=300%2C200&#038;ssl=1\" data-large-file=\"https:\/\/i0.wp.com\/mincomercionacional.gob.ve\/wp-content\/uploads\/2025\/11\/IMG_20251107_211954_265.jpg?fit=1024%2C684&#038;ssl=1\" src=\"https:\/\/i0.wp.com\/mincomercionacional.gob.ve\/wp-content\/uploads\/2025\/11\/IMG_20251107_211954_265.jpg?w=141&#038;h=94&#038;ssl=1\" width=\"141\" height=\"94\" loading=\"lazy\" data-original-width=\"141\" data-original-height=\"94\" itemprop=\"http:\/\/schema.org\/image\" title=\"IMG_20251107_211954_265\" alt=\"IMG_20251107_211954_265\" style=\"width: 141px; height: 94px;\" \/> <\/a> <\/div> <\/div> <!-- close group --> <\/div> <!-- close row --> <\/div>\n","protected":false},"excerpt":{"rendered":"<p>El Ministro del Poder Popular de Comercio Nacional, Luis Antonio Villegas, junto al gobernador del estado Apure, Wilmer Rodr\u00edguez, el alcalde del municipio San Fernando, Joel Solorzano, y dem\u00e1s autoridades lider\u00f3 una jornada de trabajo con el objetivo de revisar los avances del 1&#215;10 del Buen Gobierno en las comunidades de la entidad. El despliegue &hellip;<\/p>\n","protected":false},"author":22,"featured_media":25105,"comment_status":"closed","ping_status":"open","sticky":false,"template":"","format":"standard","meta":{"footnotes":""},"categories":[1256,1],"tags":[1345,1096,1302,934],"class_list":["post-25094","post","type-post","status-publish","format-standard","has-post-thumbnail","hentry","category-comercio-nacional","category-prensa","tag-1x10-del-buen-gobierno","tag-apure","tag-comunidades","tag-luis-antonio-villegas"],"jetpack_featured_media_url":"https:\/\/i0.wp.com\/mincomercionacional.gob.ve\/wp-content\/uploads\/2025\/11\/IMG_20251108_131341_264.jpg?fit=1280%2C855&ssl=1","jetpack_shortlink":"https:\/\/wp.me\/pbvjg9-6wK","_links":{"self":[{"href":"https:\/\/mincomercionacional.gob.ve\/index.php?rest_route=\/wp\/v2\/posts\/25094","targetHints":{"allow":["GET"]}}],"collection":[{"href":"https:\/\/mincomercionacional.gob.ve\/index.php?rest_route=\/wp\/v2\/posts"}],"about":[{"href":"https:\/\/mincomercionacional.gob.ve\/index.php?rest_route=\/wp\/v2\/types\/post"}],"author":[{"embeddable":true,"href":"https:\/\/mincomercionacional.gob.ve\/index.php?rest_route=\/wp\/v2\/users\/22"}],"replies":[{"embeddable":true,"href":"https:\/\/mincomercionacional.gob.ve\/index.php?rest_route=%2Fwp%2Fv2%2Fcomments&post=25094"}],"version-history":[{"count":3,"href":"https:\/\/mincomercionacional.gob.ve\/index.php?rest_route=\/wp\/v2\/posts\/25094\/revisions"}],"predecessor-version":[{"id":25108,"href":"https:\/\/mincomercionacional.gob.ve\/index.php?rest_route=\/wp\/v2\/posts\/25094\/revisions\/25108"}],"wp:featuredmedia":[{"embeddable":true,"href":"https:\/\/mincomercionacional.gob.ve\/index.php?rest_route=\/wp\/v2\/media\/25105"}],"wp:attachment":[{"href":"https:\/\/mincomercionacional.gob.ve\/index.php?rest_route=%2Fwp%2Fv2%2Fmedia&parent=25094"}],"wp:term":[{"taxonomy":"category","embeddable":true,"href":"https:\/\/mincomercionacional.gob.ve\/index.php?rest_route=%2Fwp%2Fv2%2Fcategories&post=25094"},{"taxonomy":"post_tag","embeddable":true,"href":"https:\/\/mincomercionacional.gob.ve\/index.php?rest_route=%2Fwp%2Fv2%2Ftags&post=25094"}],"curies":[{"name":"wp","href":"https:\/\/api.w.org\/{rel}","templated":true}]}}