{"id":24939,"date":"2025-10-28T10:00:15","date_gmt":"2025-10-28T14:00:15","guid":{"rendered":"https:\/\/mincomercionacional.gob.ve\/?p=24939"},"modified":"2025-10-28T15:45:55","modified_gmt":"2025-10-28T19:45:55","slug":"venezuela-agradece-solidaridad-de-lideres-del-caribe-ante-despliegue-militar-de-ee-uu-en-la-region","status":"publish","type":"post","link":"https:\/\/mincomercionacional.gob.ve\/?p=24939","title":{"rendered":"Venezuela agradece solidaridad de l\u00edderes del Caribe ante despliegue militar de EE. UU. en la regi\u00f3n"},"content":{"rendered":"<p style=\"text-align: justify;\">El jefe de Estado, Nicol\u00e1s Maduro, valor\u00f3 la postura de la Conferencia Episcopal de las Antillas y de los l\u00edderes del CARICOM por alzar su voz contra las amenazas militares dirigidas a Venezuela, Colombia y el Caribe, a quienes como instituciones valientes y con proyecto de convivencia humana.<\/p>\n<p style=\"text-align: justify;\">\u201cLa regi\u00f3n vive un tiempo de definici\u00f3n, por ello el Gobierno Bolivariano celebra este respaldo, que reafirma el compromiso de Venezuela con la verdad y la defensa de la paz regional\u201d, declar\u00f3 el Presidente durante la edici\u00f3n la edici\u00f3n n\u00famero 95 del programa Con Maduro +.<\/p>\n<p style=\"text-align: justify;\">Aprovech\u00f3 para anunciar y aprobar el cese inmediato de acuerdos gas\u00edferos con Trinidad y Tobago por la escalada de hostilidades y un plan de falsa bandera, debido a las recientes acciones inaceptables adoptadas por el Gobierno de la primera ministra Kamla Persad-Bissessar al sumarse a los planes de guerra y desestabilizaci\u00f3n impulsados desde Estados Unidos para agredir a la regi\u00f3n.<\/p>\n<p style=\"text-align: justify;\">En ese sentido, felicit\u00f3 al pueblo en el oriente del pa\u00eds que sali\u00f3 a las calles a protestar contra la primera ministra de Trinidad y Tobago, Kamla Persad-Bissessar \u201cVenezuela quiere Paz. \u00a1Basta de amenazas imperialistas!. Lamentablemente, la primera ministra es una alcahueta y propulsora de la guerra por sus propias debilidades personales, f\u00edsicas, mentales y morales\u201d.<\/p>\n","protected":false},"excerpt":{"rendered":"<p>El jefe de Estado, Nicol\u00e1s Maduro, valor\u00f3 la postura de la Conferencia Episcopal de las Antillas y de los l\u00edderes del CARICOM por alzar su voz contra las amenazas militares dirigidas a Venezuela, Colombia y el Caribe, a quienes como instituciones valientes y con proyecto de convivencia humana. \u201cLa regi\u00f3n vive un tiempo de definici\u00f3n, &hellip;<\/p>\n","protected":false},"author":22,"featured_media":24940,"comment_status":"closed","ping_status":"open","sticky":false,"template":"","format":"standard","meta":{"footnotes":""},"categories":[1253],"tags":[1500,354,2294,39],"class_list":["post-24939","post","type-post","status-publish","format-standard","has-post-thumbnail","hentry","category-prensa-presidencial","tag-defensa","tag-despliegue","tag-solidaridad","tag-venezuela"],"jetpack_featured_media_url":"https:\/\/i0.wp.com\/mincomercionacional.gob.ve\/wp-content\/uploads\/2025\/10\/photo_2025-10-28_14-53-53.jpg?fit=1280%2C853&ssl=1","jetpack_shortlink":"https:\/\/wp.me\/pbvjg9-6uf","_links":{"self":[{"href":"https:\/\/mincomercionacional.gob.ve\/index.php?rest_route=\/wp\/v2\/posts\/24939","targetHints":{"allow":["GET"]}}],"collection":[{"href":"https:\/\/mincomercionacional.gob.ve\/index.php?rest_route=\/wp\/v2\/posts"}],"about":[{"href":"https:\/\/mincomercionacional.gob.ve\/index.php?rest_route=\/wp\/v2\/types\/post"}],"author":[{"embeddable":true,"href":"https:\/\/mincomercionacional.gob.ve\/index.php?rest_route=\/wp\/v2\/users\/22"}],"replies":[{"embeddable":true,"href":"https:\/\/mincomercionacional.gob.ve\/index.php?rest_route=%2Fwp%2Fv2%2Fcomments&post=24939"}],"version-history":[{"count":1,"href":"https:\/\/mincomercionacional.gob.ve\/index.php?rest_route=\/wp\/v2\/posts\/24939\/revisions"}],"predecessor-version":[{"id":24941,"href":"https:\/\/mincomercionacional.gob.ve\/index.php?rest_route=\/wp\/v2\/posts\/24939\/revisions\/24941"}],"wp:featuredmedia":[{"embeddable":true,"href":"https:\/\/mincomercionacional.gob.ve\/index.php?rest_route=\/wp\/v2\/media\/24940"}],"wp:attachment":[{"href":"https:\/\/mincomercionacional.gob.ve\/index.php?rest_route=%2Fwp%2Fv2%2Fmedia&parent=24939"}],"wp:term":[{"taxonomy":"category","embeddable":true,"href":"https:\/\/mincomercionacional.gob.ve\/index.php?rest_route=%2Fwp%2Fv2%2Fcategories&post=24939"},{"taxonomy":"post_tag","embeddable":true,"href":"https:\/\/mincomercionacional.gob.ve\/index.php?rest_route=%2Fwp%2Fv2%2Ftags&post=24939"}],"curies":[{"name":"wp","href":"https:\/\/api.w.org\/{rel}","templated":true}]}}