{"id":24883,"date":"2025-10-24T20:05:31","date_gmt":"2025-10-25T00:05:31","guid":{"rendered":"https:\/\/mincomercionacional.gob.ve\/?p=24883"},"modified":"2025-10-24T20:05:31","modified_gmt":"2025-10-25T00:05:31","slug":"gobierno-bolivariano-revisa-avances-de-politicas-publicas-para-el-bienestar-social-del-pueblo","status":"publish","type":"post","link":"https:\/\/mincomercionacional.gob.ve\/?p=24883","title":{"rendered":"Gobierno Bolivariano revisa avances de pol\u00edticas p\u00fablicas para el bienestar social del pueblo"},"content":{"rendered":"<p style=\"text-align: justify;\">La vicepresidenta Ejecutiva de la Rep\u00fablica Bolivariana de Venezuela, Delcy Rodr\u00edguez, llev\u00f3 a cabo una reuni\u00f3n con los Vicepresidentes Sectoriales del Gobierno Bolivariano para revisar la agenda de trabajo y los avances en materia pol\u00edtica, econ\u00f3mica, social y seguridad que permitan consolidar estrategias para mejorar la calidad de vida de las y los ciudadanos.<\/p>\n<p style=\"text-align: justify;\">En el encuentro, las autoridades abordaron la recuperaci\u00f3n econ\u00f3mica sostenida del pa\u00eds durante 18 trimestres consecutivo a trav\u00e9s de los 13 motores productivos de la Agenda Econ\u00f3mica Bolivariana.<\/p>\n<p style=\"text-align: justify;\">Asimismo, hicieron seguimiento a las pol\u00edticas p\u00fablicas en el contexto del Plan de las Siete Transformaciones, para garantizar la m\u00e1xima felicidad social.<\/p>\n<p style=\"text-align: justify;\">Adem\u00e1s, revisaron la entrega de las m\u00e1s de 20 mil obras que se realizan en el pa\u00eds a trav\u00e9s de las diversas jornadas del Obrat\u00f3n y el relanzamiento del Sistema 1\u00d710 del Buen Gobierno.<\/p>\n<p style=\"text-align: justify;\">En materia de seguridad, los vicepresidentes sectoriales revisaron el desarrollo del Ejercicio de Defensa Costa Independencia 200, as\u00ed como las acciones preventiva que se llevan a cabo en el pa\u00eds ante las fuertes precipitaciones.<\/p>\n<p style=\"text-align: justify;\">En el encuentro participaron los vicepresidentes sectoriales: Diosdado Cabello, Vladimir Padrino L\u00f3pez; Jorge M\u00e1rquez; Ricardo Men\u00e9ndez y Gabriela Jim\u00e9nez Ram\u00edrez.<\/p>\n","protected":false},"excerpt":{"rendered":"<p>La vicepresidenta Ejecutiva de la Rep\u00fablica Bolivariana de Venezuela, Delcy Rodr\u00edguez, llev\u00f3 a cabo una reuni\u00f3n con los Vicepresidentes Sectoriales del Gobierno Bolivariano para revisar la agenda de trabajo y los avances en materia pol\u00edtica, econ\u00f3mica, social y seguridad que permitan consolidar estrategias para mejorar la calidad de vida de las y los ciudadanos. En &hellip;<\/p>\n","protected":false},"author":22,"featured_media":24884,"comment_status":"closed","ping_status":"open","sticky":false,"template":"","format":"standard","meta":{"footnotes":""},"categories":[1257],"tags":[],"class_list":["post-24883","post","type-post","status-publish","format-standard","has-post-thumbnail","hentry","category-vp"],"jetpack_featured_media_url":"https:\/\/i0.wp.com\/mincomercionacional.gob.ve\/wp-content\/uploads\/2025\/10\/IMG_20251024_192214_055.jpg?fit=1280%2C755&ssl=1","jetpack_shortlink":"https:\/\/wp.me\/pbvjg9-6tl","_links":{"self":[{"href":"https:\/\/mincomercionacional.gob.ve\/index.php?rest_route=\/wp\/v2\/posts\/24883","targetHints":{"allow":["GET"]}}],"collection":[{"href":"https:\/\/mincomercionacional.gob.ve\/index.php?rest_route=\/wp\/v2\/posts"}],"about":[{"href":"https:\/\/mincomercionacional.gob.ve\/index.php?rest_route=\/wp\/v2\/types\/post"}],"author":[{"embeddable":true,"href":"https:\/\/mincomercionacional.gob.ve\/index.php?rest_route=\/wp\/v2\/users\/22"}],"replies":[{"embeddable":true,"href":"https:\/\/mincomercionacional.gob.ve\/index.php?rest_route=%2Fwp%2Fv2%2Fcomments&post=24883"}],"version-history":[{"count":1,"href":"https:\/\/mincomercionacional.gob.ve\/index.php?rest_route=\/wp\/v2\/posts\/24883\/revisions"}],"predecessor-version":[{"id":24885,"href":"https:\/\/mincomercionacional.gob.ve\/index.php?rest_route=\/wp\/v2\/posts\/24883\/revisions\/24885"}],"wp:featuredmedia":[{"embeddable":true,"href":"https:\/\/mincomercionacional.gob.ve\/index.php?rest_route=\/wp\/v2\/media\/24884"}],"wp:attachment":[{"href":"https:\/\/mincomercionacional.gob.ve\/index.php?rest_route=%2Fwp%2Fv2%2Fmedia&parent=24883"}],"wp:term":[{"taxonomy":"category","embeddable":true,"href":"https:\/\/mincomercionacional.gob.ve\/index.php?rest_route=%2Fwp%2Fv2%2Fcategories&post=24883"},{"taxonomy":"post_tag","embeddable":true,"href":"https:\/\/mincomercionacional.gob.ve\/index.php?rest_route=%2Fwp%2Fv2%2Ftags&post=24883"}],"curies":[{"name":"wp","href":"https:\/\/api.w.org\/{rel}","templated":true}]}}