{"id":24029,"date":"2025-07-20T09:08:08","date_gmt":"2025-07-20T13:08:08","guid":{"rendered":"https:\/\/mincomercionacional.gob.ve\/?p=24029"},"modified":"2025-07-20T09:10:50","modified_gmt":"2025-07-20T13:10:50","slug":"venezuela-celebra-pleno-abastecimiento-y-la-diversificacion-economica-impulsada-por-la-clase-obrera","status":"publish","type":"post","link":"https:\/\/mincomercionacional.gob.ve\/?p=24029","title":{"rendered":"Venezuela celebra pleno abastecimiento y la diversificaci\u00f3n econ\u00f3mica impulsada por la clase obrera"},"content":{"rendered":"<p style=\"text-align: justify;\">La Vicepresidenta Ejecutiva de la Rep\u00fablica Bolivariana de Venezuela, Delcy Rodr\u00edguez, encabez\u00f3 el VI Encuentro del Consejo Productivo de los Trabajadores y las Trabajadoras de Venezuela (CPT), donde se evalu\u00f3 el impacto y los avances del Programa de Recuperaci\u00f3n Econ\u00f3mica, Crecimiento y Prosperidad impulsado por el Gobierno Bolivariano desde 2018.<\/p>\n<p style=\"text-align: justify;\">Durante la actividad, la Vicepresidenta destac\u00f3 los logros significativos alcanzados en materia de abastecimiento y la crucial contribuci\u00f3n de la clase obrera en la consolidaci\u00f3n de la diversificaci\u00f3n econ\u00f3mica del pa\u00eds, siendo un pilar fundamental de la visi\u00f3n estrat\u00e9gica del Presidente, Nicol\u00e1s Maduro.<\/p>\n<p style=\"text-align: justify;\">Rodr\u00edguez afirm\u00f3 que, \u201cgracias a los trabajadores del pa\u00eds y a la Uni\u00f3n Productiva Nacional, en Venezuela hay pleno abastecimiento\u201d. Esta declaraci\u00f3n resalta el \u00e9xito de las pol\u00edticas p\u00fablicas implementadas para contrarrestar los efectos de la guerra econ\u00f3mica y garantizar la disponibilidad de bienes esenciales para la poblaci\u00f3n.<\/p>\n<p style=\"text-align: justify;\">La Vicepresidenta record\u00f3 la visi\u00f3n clara del Jefe de Estado, quien en 2016, ante los embates de la agresi\u00f3n econ\u00f3mica, estableci\u00f3 una estrategia integral que inclu\u00eda la creaci\u00f3n de los Consejos Productivos de Trabajadores, quienes nacieron con el prop\u00f3sito de fortalecer la producci\u00f3n nacional, garantizar el abastecimiento en alimentos, productos esenciales y empoderar a la fuerza laboral en la gesti\u00f3n de sus propios procesos productivos.<\/p>\n<p style=\"text-align: justify;\"><span style=\"font-size: 18pt;\">Vanguardia de la recuperaci\u00f3n y diversificaci\u00f3n econ\u00f3mica<\/span><\/p>\n<p style=\"text-align: justify;\">Durante su intervenci\u00f3n, la Vicepresidenta Rodr\u00edguez enfatiz\u00f3 la participaci\u00f3n activa y protag\u00f3nica de los trabajadores y trabajadoras en la gesti\u00f3n y direcci\u00f3n de sus propios procesos laborales. \u201cQu\u00e9 orgullo para la clase obrera del pa\u00eds, que tenemos a un trabajador llevando las riendas, no solamente de Venezuela, sino tambi\u00e9n de la Revoluci\u00f3n Bolivariana al frente de los destinos de nuestra Patria\u00bb, expres\u00f3, reconociendo el liderazgo del Presidente Maduro.<\/p>\n<p style=\"text-align: justify;\">Un punto central del encuentro fue el reconocimiento expl\u00edcito al papel fundamental de la clase obrera del sector agroalimentario, destacando el esfuerzo incansable y el compromiso patri\u00f3tico de la clase obrera, logrando resultados positivos que han permitido a la naci\u00f3n superar los desaf\u00edos y avanzar hacia un modelo productivo m\u00e1s robusto y autosuficiente.<\/p>\n<p style=\"text-align: justify;\">La uni\u00f3n c\u00edvico-militar-productiva y la participaci\u00f3n activa de los CPT son pilares esenciales de esta estrategia, que busca consolidar una econom\u00eda verdaderamente productiva, independiente y al servicio del pueblo venezolano.<\/p>\n<p>Fuente: Prensa Vicepresidencia<\/p>\n","protected":false},"excerpt":{"rendered":"<p>La Vicepresidenta Ejecutiva de la Rep\u00fablica Bolivariana de Venezuela, Delcy Rodr\u00edguez, encabez\u00f3 el VI Encuentro del Consejo Productivo de los Trabajadores y las Trabajadoras de Venezuela (CPT), donde se evalu\u00f3 el impacto y los avances del Programa de Recuperaci\u00f3n Econ\u00f3mica, Crecimiento y Prosperidad impulsado por el Gobierno Bolivariano desde 2018. Durante la actividad, la Vicepresidenta &hellip;<\/p>\n","protected":false},"author":21,"featured_media":24030,"comment_status":"closed","ping_status":"open","sticky":false,"template":"","format":"standard","meta":{"footnotes":""},"categories":[1257],"tags":[],"class_list":["post-24029","post","type-post","status-publish","format-standard","has-post-thumbnail","hentry","category-vp"],"jetpack_featured_media_url":"https:\/\/i0.wp.com\/mincomercionacional.gob.ve\/wp-content\/uploads\/2025\/07\/1003774868.jpg?fit=4713%2C3142&ssl=1","jetpack_shortlink":"https:\/\/wp.me\/pbvjg9-6fz","_links":{"self":[{"href":"https:\/\/mincomercionacional.gob.ve\/index.php?rest_route=\/wp\/v2\/posts\/24029","targetHints":{"allow":["GET"]}}],"collection":[{"href":"https:\/\/mincomercionacional.gob.ve\/index.php?rest_route=\/wp\/v2\/posts"}],"about":[{"href":"https:\/\/mincomercionacional.gob.ve\/index.php?rest_route=\/wp\/v2\/types\/post"}],"author":[{"embeddable":true,"href":"https:\/\/mincomercionacional.gob.ve\/index.php?rest_route=\/wp\/v2\/users\/21"}],"replies":[{"embeddable":true,"href":"https:\/\/mincomercionacional.gob.ve\/index.php?rest_route=%2Fwp%2Fv2%2Fcomments&post=24029"}],"version-history":[{"count":3,"href":"https:\/\/mincomercionacional.gob.ve\/index.php?rest_route=\/wp\/v2\/posts\/24029\/revisions"}],"predecessor-version":[{"id":24034,"href":"https:\/\/mincomercionacional.gob.ve\/index.php?rest_route=\/wp\/v2\/posts\/24029\/revisions\/24034"}],"wp:featuredmedia":[{"embeddable":true,"href":"https:\/\/mincomercionacional.gob.ve\/index.php?rest_route=\/wp\/v2\/media\/24030"}],"wp:attachment":[{"href":"https:\/\/mincomercionacional.gob.ve\/index.php?rest_route=%2Fwp%2Fv2%2Fmedia&parent=24029"}],"wp:term":[{"taxonomy":"category","embeddable":true,"href":"https:\/\/mincomercionacional.gob.ve\/index.php?rest_route=%2Fwp%2Fv2%2Fcategories&post=24029"},{"taxonomy":"post_tag","embeddable":true,"href":"https:\/\/mincomercionacional.gob.ve\/index.php?rest_route=%2Fwp%2Fv2%2Ftags&post=24029"}],"curies":[{"name":"wp","href":"https:\/\/api.w.org\/{rel}","templated":true}]}}