{"id":24025,"date":"2025-07-18T21:18:16","date_gmt":"2025-07-19T01:18:16","guid":{"rendered":"https:\/\/mincomercionacional.gob.ve\/?p=24025"},"modified":"2025-07-18T22:04:25","modified_gmt":"2025-07-19T02:04:25","slug":"empresarios-se-reunen-en-las-81-asamblea-anual-de-fedecamaras-en-carabobo","status":"publish","type":"post","link":"https:\/\/mincomercionacional.gob.ve\/?p=24025","title":{"rendered":"Empresarios se re\u00fanen en las 81\u00b0 Asamblea Anual de Fedec\u00e1maras en Carabobo"},"content":{"rendered":"<p style=\"text-align: justify;\">Con motivo del 81\u00b0 aniversario de la Asamblea Anual de Fedec\u00e1maras, m\u00e1s de 500 empresarios de todo el pa\u00eds reafirmaron\u00a0 a Valencia como capital empresarial de Venezuela. Bajo el lema \u201cPrevalecer, transformar e inspirar\u201d, la cita inici\u00f3 con la memoria y cuenta del directorio saliente, donde su presidente Ad\u00e1n Celis resalt\u00f3 avances institucionales y urgi\u00f3 acelerar cambios para fortalecer el sector privado, \u201cHay compromiso, pero debemos imprimir velocidad. Se requiere confianza y revisar el marco jur\u00eddico\u201d, afirm\u00f3.<\/p>\n<p style=\"text-align: justify;\">Celis reiter\u00f3 la postura empresarial contra las sanciones, subrayando que ning\u00fan empresario abogar\u00eda por medidas que perjudiquen a los venezolanos, y defendi\u00f3 el di\u00e1logo como \u00fanica v\u00eda para el crecimiento. La jornada cont\u00f3 con la vicepresidenta Delcy Rodr\u00edguez, quien destac\u00f3 los signos positivos en la econom\u00eda nacional y el aumento de la producci\u00f3n petrolera, atribuy\u00e9ndolo al esfuerzo conjunto de trabajadores y alianzas estrat\u00e9gicas.<\/p>\n<p style=\"text-align: justify;\">Durante el evento la Vicepresidenta Ejecutiva Delcy Rodr\u00edguez, resalt\u00f3 importantes logros econ\u00f3micos, como el crecimiento sostenido de 14 trimestres, la primera exportaci\u00f3n de cabillas corrugadas a Colombia en una d\u00e9cada, y avances en miner\u00eda, agroindustria y farmacia, todo ello pese a sanciones y gracias al impulso de los 13 motores socioproductivos y mayor inversi\u00f3n extranjera.<\/p>\n<p style=\"text-align: justify;\">\u00abVengan los empresarios nacionales a invertir en nuestro, en nuestras industrias en la CVG, en PDVSA y all\u00ed esta el resultado, tenemos un punto en com\u00fan, para seguir avanzando en la recuperaci\u00f3n econ\u00f3mica de Venezuela\u00bb destac\u00f3 Rodr\u00edguez.<\/p>\n<p style=\"text-align: justify;\">Esta iniciativa surge en un contexto de crecimiento econ\u00f3mico sostenido en Venezuela, impulsado por un modelo productivo diversificado y la colaboraci\u00f3n entre el sector privado y el Gobierno Nacional.<\/p>\n","protected":false},"excerpt":{"rendered":"<p>Con motivo del 81\u00b0 aniversario de la Asamblea Anual de Fedec\u00e1maras, m\u00e1s de 500 empresarios de todo el pa\u00eds reafirmaron\u00a0 a Valencia como capital empresarial de Venezuela. Bajo el lema \u201cPrevalecer, transformar e inspirar\u201d, la cita inici\u00f3 con la memoria y cuenta del directorio saliente, donde su presidente Ad\u00e1n Celis resalt\u00f3 avances institucionales y urgi\u00f3 &hellip;<\/p>\n","protected":false},"author":21,"featured_media":24027,"comment_status":"closed","ping_status":"open","sticky":false,"template":"","format":"standard","meta":{"footnotes":""},"categories":[1,1257],"tags":[],"class_list":["post-24025","post","type-post","status-publish","format-standard","has-post-thumbnail","hentry","category-prensa","category-vp"],"jetpack_featured_media_url":"https:\/\/i0.wp.com\/mincomercionacional.gob.ve\/wp-content\/uploads\/2025\/07\/1003768396-1.jpg?fit=5685%2C3644&ssl=1","jetpack_shortlink":"https:\/\/wp.me\/pbvjg9-6fv","_links":{"self":[{"href":"https:\/\/mincomercionacional.gob.ve\/index.php?rest_route=\/wp\/v2\/posts\/24025","targetHints":{"allow":["GET"]}}],"collection":[{"href":"https:\/\/mincomercionacional.gob.ve\/index.php?rest_route=\/wp\/v2\/posts"}],"about":[{"href":"https:\/\/mincomercionacional.gob.ve\/index.php?rest_route=\/wp\/v2\/types\/post"}],"author":[{"embeddable":true,"href":"https:\/\/mincomercionacional.gob.ve\/index.php?rest_route=\/wp\/v2\/users\/21"}],"replies":[{"embeddable":true,"href":"https:\/\/mincomercionacional.gob.ve\/index.php?rest_route=%2Fwp%2Fv2%2Fcomments&post=24025"}],"version-history":[{"count":2,"href":"https:\/\/mincomercionacional.gob.ve\/index.php?rest_route=\/wp\/v2\/posts\/24025\/revisions"}],"predecessor-version":[{"id":24028,"href":"https:\/\/mincomercionacional.gob.ve\/index.php?rest_route=\/wp\/v2\/posts\/24025\/revisions\/24028"}],"wp:featuredmedia":[{"embeddable":true,"href":"https:\/\/mincomercionacional.gob.ve\/index.php?rest_route=\/wp\/v2\/media\/24027"}],"wp:attachment":[{"href":"https:\/\/mincomercionacional.gob.ve\/index.php?rest_route=%2Fwp%2Fv2%2Fmedia&parent=24025"}],"wp:term":[{"taxonomy":"category","embeddable":true,"href":"https:\/\/mincomercionacional.gob.ve\/index.php?rest_route=%2Fwp%2Fv2%2Fcategories&post=24025"},{"taxonomy":"post_tag","embeddable":true,"href":"https:\/\/mincomercionacional.gob.ve\/index.php?rest_route=%2Fwp%2Fv2%2Ftags&post=24025"}],"curies":[{"name":"wp","href":"https:\/\/api.w.org\/{rel}","templated":true}]}}