{"id":2394,"date":"2020-07-15T17:54:31","date_gmt":"2020-07-15T21:54:31","guid":{"rendered":"http:\/\/mincomercionacional.gob.ve\/?p=2394"},"modified":"2020-07-15T18:08:00","modified_gmt":"2020-07-15T22:08:00","slug":"eneida-laya-insta-a-comerciantes-del-distrito-capital-y-miranda-a-extremar-medidas-de-prevencion-contra-la-covid-19","status":"publish","type":"post","link":"https:\/\/mincomercionacional.gob.ve\/?p=2394","title":{"rendered":"Eneida Laya insta a comerciantes del Distrito Capital y Miranda a extremar medidas de prevenci\u00f3n contra la Covid-19"},"content":{"rendered":"<p style=\"text-align: justify;\">Tras las medidas anunciadas por el presidente Constitucional Nicol\u00e1s Maduro para radicalizar la prevenci\u00f3n contra la Covid-19 tanto en el Distrito Capital como en el estado Miranda, la titular para el Comercio Nacional, <strong>Eneida Laya, inst\u00f3 a los due\u00f1os de comercios, cadenas de distribuci\u00f3n y expendios de productos a redoblar y cumplir con los protocolos de salubridad<\/strong> establecidos por \u00e9ste organismo para evitar el aumento de los casos positivos en dichas entidades.<\/p>\n<p style=\"text-align: justify;\">Laya asegur\u00f3 que desde el Ministerio de Comercio Nacional se continuar\u00e1 con la supervisi\u00f3n e inspecci\u00f3n en todos los comercios, locales, bodegas, farmacias y droguer\u00edas para que el precio de los productos sea el concertado como resultado del estudio de las estructuras de costo.<\/p>\n<p style=\"text-align: justify;\"><strong>\u201cInstamos a los due\u00f1os y representantes de los comercios en nuestro pa\u00eds a extremar las medidas de prevenci\u00f3n ante la Covid-19<\/strong>, cumpliendo fielmente lo acordado en el documento de protocolo que les fue otorgado desde nuestro organismo. Uniendo voluntades aplanaremos la curva de crecimiento de esta pandemia en nuestra Naci\u00f3n\u201d, exhort\u00f3 la titular de esta cartera ministerial.<\/p>\n<p style=\"text-align: justify;\">Es importante mencionar que entre las normas al comercio para evitar el incremento de contagios en suelo venezolano se encuentra el establecer una jornada especial de atenci\u00f3n al p\u00fablico, desde las 8:00 a.m. hasta las 6:00 p.m., dando fiel cumplimiento a los turnos o guardias programadas de acuerdo al tipo de comercio.<\/p>\n<p style=\"text-align: justify;\">De igual forma, la representante del Ejecutivo Nacional ante el comercio en el pa\u00eds inst\u00f3 a la poblaci\u00f3n a hacer uso del correo electr\u00f3nico: <strong>atencionciudadanamppcn@gmail.com<\/strong>, con el que se estar\u00e1 recibiendo denuncias, asesor\u00edas, sugerencias o reclamos.<\/p>\n<p style=\"text-align: justify;\">\u201cHemos dispuesto de este correo electr\u00f3nico para aclararle a nuestra gente cualquier duda o inquietud que se les presente en cuanto a la atenci\u00f3n dada a los usuarios en los comercios, incluso, para recibir denuncias y sugerencias\u201d, resalt\u00f3 Laya.<\/p>\n<p style=\"text-align: justify;\">Es de recordar que <strong>el Distrito Capital y el estado Miranda pasan al nivel 1 de la cuarentena radical tras el aumento desmedido de contagios en dichas entidades<\/strong>; por lo que, desde el Ministerio de Comercio Nacional se exhorta al pueblo venezolano a continuar firme con las medidas de prevenci\u00f3n contra esta pandemia.<\/p>\n","protected":false},"excerpt":{"rendered":"<p>Tras las medidas anunciadas por el presidente Constitucional Nicol\u00e1s Maduro para radicalizar la prevenci\u00f3n contra la Covid-19 tanto en el Distrito Capital como en el estado Miranda, la titular para el Comercio Nacional, Eneida Laya, inst\u00f3 a los due\u00f1os de comercios, cadenas de distribuci\u00f3n y expendios de productos a redoblar y cumplir con los protocolos &hellip;<\/p>\n","protected":false},"author":5,"featured_media":2396,"comment_status":"closed","ping_status":"open","sticky":false,"template":"","format":"standard","meta":{"footnotes":""},"categories":[1],"tags":[87,48,54,103,33,105,34,104],"class_list":["post-2394","post","type-post","status-publish","format-standard","has-post-thumbnail","hentry","category-prensa","tag-comercio","tag-covid-19","tag-cuarentena-radical","tag-distrito-capital","tag-eneida-laya","tag-medidas-de-prevencion","tag-ministerio-de-comercio-nacional","tag-miranda"],"jetpack_featured_media_url":"https:\/\/i0.wp.com\/mincomercionacional.gob.ve\/wp-content\/uploads\/2020\/07\/WhatsApp-Image-2020-07-15-at-5.52.40-PM.jpeg?fit=680%2C453&ssl=1","jetpack_shortlink":"https:\/\/wp.me\/pbvjg9-CC","_links":{"self":[{"href":"https:\/\/mincomercionacional.gob.ve\/index.php?rest_route=\/wp\/v2\/posts\/2394","targetHints":{"allow":["GET"]}}],"collection":[{"href":"https:\/\/mincomercionacional.gob.ve\/index.php?rest_route=\/wp\/v2\/posts"}],"about":[{"href":"https:\/\/mincomercionacional.gob.ve\/index.php?rest_route=\/wp\/v2\/types\/post"}],"author":[{"embeddable":true,"href":"https:\/\/mincomercionacional.gob.ve\/index.php?rest_route=\/wp\/v2\/users\/5"}],"replies":[{"embeddable":true,"href":"https:\/\/mincomercionacional.gob.ve\/index.php?rest_route=%2Fwp%2Fv2%2Fcomments&post=2394"}],"version-history":[{"count":2,"href":"https:\/\/mincomercionacional.gob.ve\/index.php?rest_route=\/wp\/v2\/posts\/2394\/revisions"}],"predecessor-version":[{"id":2397,"href":"https:\/\/mincomercionacional.gob.ve\/index.php?rest_route=\/wp\/v2\/posts\/2394\/revisions\/2397"}],"wp:featuredmedia":[{"embeddable":true,"href":"https:\/\/mincomercionacional.gob.ve\/index.php?rest_route=\/wp\/v2\/media\/2396"}],"wp:attachment":[{"href":"https:\/\/mincomercionacional.gob.ve\/index.php?rest_route=%2Fwp%2Fv2%2Fmedia&parent=2394"}],"wp:term":[{"taxonomy":"category","embeddable":true,"href":"https:\/\/mincomercionacional.gob.ve\/index.php?rest_route=%2Fwp%2Fv2%2Fcategories&post=2394"},{"taxonomy":"post_tag","embeddable":true,"href":"https:\/\/mincomercionacional.gob.ve\/index.php?rest_route=%2Fwp%2Fv2%2Ftags&post=2394"}],"curies":[{"name":"wp","href":"https:\/\/api.w.org\/{rel}","templated":true}]}}