{"id":23560,"date":"2025-05-14T08:35:27","date_gmt":"2025-05-14T12:35:27","guid":{"rendered":"https:\/\/mincomercionacional.gob.ve\/?p=23560"},"modified":"2025-05-14T12:39:22","modified_gmt":"2025-05-14T16:39:22","slug":"mesa-de-trabajo-con-sector-empresarial-de-grasas-y-aceites-comestibles-abordara-estrategia-para-fortalecer-produccion","status":"publish","type":"post","link":"https:\/\/mincomercionacional.gob.ve\/?p=23560","title":{"rendered":"Mesa de trabajo con sector empresarial de grasas y aceites comestibles abordar\u00e1 estrategia para fortalecer producci\u00f3n"},"content":{"rendered":"<p style=\"text-align: justify;\">El Ministro del Poder Popular de Comercio Nacional, Luis Antonio Villegas, sostuvo una reuni\u00f3n con representantes del sector empresarial de grasas y aceites comestibles (Asograsas), encuentro que marca el inicio de una mesa de trabajo y di\u00e1logo con los sectores productivos, con el objetivo de abordar el alza injustificada de precios en estos rubros esenciales para la econom\u00eda nacional en cumplimiento de las instrucciones del Presidente de la Rep\u00fablica Bolivariana de Venezuela, Nicol\u00e1s Maduro, y la Vicepresidenta Ejecutiva, Delcy Rodr\u00edguez.<\/p>\n<blockquote class=\"quote-light\">\n<p style=\"text-align: justify;\">\u00abLa importancia de este espacio es un llamado a la conciencia colectiva para desenredar nudos cr\u00edticos que afectan tanto a los productores como a los consumidores. Vamos por buen camino y lo que se conquista no se cede. El compromiso del Gobierno Nacional es continuar escuchando y trabajando en conjunto con el sector privado\u00bb enfatiz\u00f3 el titular de Comercio Nacional.<\/p>\n<\/blockquote>\n<p style=\"text-align: justify;\">La reuni\u00f3n tambi\u00e9n sirvi\u00f3 como plataforma para fortalecer la industria nacional, por ello el Ministro detall\u00f3 que gracias al Plan Mano de Hierro se ha logrado incrementar los niveles de venta de productos nacionales. \u00abLos niveles de calidad de los productos nacionales son \u00fanicos en el mundo. Estamos decididos a hacer frente al d\u00f3lar criminal. Las acciones implementadas en el Gabinete Econ\u00f3mico, ha permitido la creaci\u00f3n de un nuevo modelo de asignaci\u00f3n de divisas que busca equilibrar el mercado\u00bb, dijo.<\/p>\n<p style=\"text-align: justify;\">Por su parte, los representantes del Registro de Empresa Manufacturera (REM) tambi\u00e9n participaron activamente en la discusi\u00f3n, asegurando su compromiso para revertir las situaciones adversas que afectan a la industria. \u201cEl precio de la materia prima presenta una mejora, y hay una buena intenci\u00f3n detr\u00e1s de nuestras acciones. Estamos remando todos hacia el mismo destino\u201d, afirmaron.<\/p>\n<p style=\"text-align: justify;\">Desde el Ministerio del Poder Popular de Comercio Nacional se reafirma el compromiso con el desarrollo econ\u00f3mico del pa\u00eds, promoviendo un ambiente de colaboraci\u00f3n entre el Estado y los sectores productivos.<\/p>\n<div class=\"tiled-gallery type-square tiled-gallery-unresized\" data-original-width=\"500\" data-carousel-extra='{&quot;blog_id&quot;:1,&quot;permalink&quot;:&quot;https:\\\/\\\/mincomercionacional.gob.ve\\\/?p=23560&quot;,&quot;likes_blog_id&quot;:170001901}' itemscope itemtype=\"http:\/\/schema.org\/ImageGallery\" > <div class=\"gallery-row\" style=\"width: 500px; height: 166px;\" data-original-width=\"500\" data-original-height=\"166\" > <div class=\"gallery-group\" style=\"width: 166px; height: 166px;\" data-original-width=\"166\" data-original-height=\"166\" > <div class=\"tiled-gallery-item \" itemprop=\"associatedMedia\" itemscope itemtype=\"http:\/\/schema.org\/ImageObject\"> <a href=\"https:\/\/mincomercionacional.gob.ve\/?attachment_id=23574\" border=\"0\" itemprop=\"url\"> <meta itemprop=\"width\" content=\"162\"> <meta itemprop=\"height\" content=\"162\"> <img decoding=\"async\" class=\"\" data-attachment-id=\"23574\" data-orig-file=\"https:\/\/mincomercionacional.gob.ve\/wp-content\/uploads\/2025\/05\/photo_4976508413680922215_y.jpg\" data-orig-size=\"1280,853\" data-comments-opened=\"\" data-image-meta=\"{&quot;aperture&quot;:&quot;0&quot;,&quot;credit&quot;:&quot;&quot;,&quot;camera&quot;:&quot;&quot;,&quot;caption&quot;:&quot;&quot;,&quot;created_timestamp&quot;:&quot;0&quot;,&quot;copyright&quot;:&quot;&quot;,&quot;focal_length&quot;:&quot;0&quot;,&quot;iso&quot;:&quot;0&quot;,&quot;shutter_speed&quot;:&quot;0&quot;,&quot;title&quot;:&quot;&quot;,&quot;orientation&quot;:&quot;0&quot;}\" data-image-title=\"photo_4976508413680922215_y\" data-image-description=\"\" data-medium-file=\"https:\/\/i0.wp.com\/mincomercionacional.gob.ve\/wp-content\/uploads\/2025\/05\/photo_4976508413680922215_y.jpg?fit=300%2C200&#038;ssl=1\" data-large-file=\"https:\/\/i0.wp.com\/mincomercionacional.gob.ve\/wp-content\/uploads\/2025\/05\/photo_4976508413680922215_y.jpg?fit=1024%2C682&#038;ssl=1\" src=\"https:\/\/i0.wp.com\/mincomercionacional.gob.ve\/wp-content\/uploads\/2025\/05\/photo_4976508413680922215_y.jpg?w=162&#038;h=162&#038;crop=1&#038;ssl=1\" width=\"162\" height=\"162\" loading=\"lazy\" data-original-width=\"162\" data-original-height=\"162\" itemprop=\"http:\/\/schema.org\/image\" title=\"photo_4976508413680922215_y\" alt=\"photo_4976508413680922215_y\" style=\"width: 162px; height: 162px;\" \/> <\/a> <\/div> <\/div> <div class=\"gallery-group\" style=\"width: 166px; height: 166px;\" data-original-width=\"166\" data-original-height=\"166\" > <div class=\"tiled-gallery-item \" itemprop=\"associatedMedia\" itemscope itemtype=\"http:\/\/schema.org\/ImageObject\"> <a href=\"https:\/\/mincomercionacional.gob.ve\/?attachment_id=23575\" border=\"0\" itemprop=\"url\"> <meta itemprop=\"width\" content=\"162\"> <meta itemprop=\"height\" content=\"162\"> <img decoding=\"async\" class=\"\" data-attachment-id=\"23575\" data-orig-file=\"https:\/\/mincomercionacional.gob.ve\/wp-content\/uploads\/2025\/05\/photo_4976508413680922210_y.jpg\" data-orig-size=\"1280,853\" data-comments-opened=\"\" data-image-meta=\"{&quot;aperture&quot;:&quot;0&quot;,&quot;credit&quot;:&quot;&quot;,&quot;camera&quot;:&quot;&quot;,&quot;caption&quot;:&quot;&quot;,&quot;created_timestamp&quot;:&quot;0&quot;,&quot;copyright&quot;:&quot;&quot;,&quot;focal_length&quot;:&quot;0&quot;,&quot;iso&quot;:&quot;0&quot;,&quot;shutter_speed&quot;:&quot;0&quot;,&quot;title&quot;:&quot;&quot;,&quot;orientation&quot;:&quot;0&quot;}\" data-image-title=\"photo_4976508413680922210_y\" data-image-description=\"\" data-medium-file=\"https:\/\/i0.wp.com\/mincomercionacional.gob.ve\/wp-content\/uploads\/2025\/05\/photo_4976508413680922210_y.jpg?fit=300%2C200&#038;ssl=1\" data-large-file=\"https:\/\/i0.wp.com\/mincomercionacional.gob.ve\/wp-content\/uploads\/2025\/05\/photo_4976508413680922210_y.jpg?fit=1024%2C682&#038;ssl=1\" src=\"https:\/\/i0.wp.com\/mincomercionacional.gob.ve\/wp-content\/uploads\/2025\/05\/photo_4976508413680922210_y.jpg?w=162&#038;h=162&#038;crop=1&#038;ssl=1\" width=\"162\" height=\"162\" loading=\"lazy\" data-original-width=\"162\" data-original-height=\"162\" itemprop=\"http:\/\/schema.org\/image\" title=\"photo_4976508413680922210_y\" alt=\"photo_4976508413680922210_y\" style=\"width: 162px; height: 162px;\" \/> <\/a> <\/div> <\/div> <div class=\"gallery-group\" style=\"width: 166px; height: 166px;\" data-original-width=\"166\" data-original-height=\"166\" > <div class=\"tiled-gallery-item \" itemprop=\"associatedMedia\" itemscope itemtype=\"http:\/\/schema.org\/ImageObject\"> <a href=\"https:\/\/mincomercionacional.gob.ve\/?attachment_id=23576\" border=\"0\" itemprop=\"url\"> <meta itemprop=\"width\" content=\"162\"> <meta itemprop=\"height\" content=\"162\"> <img decoding=\"async\" class=\"\" data-attachment-id=\"23576\" data-orig-file=\"https:\/\/mincomercionacional.gob.ve\/wp-content\/uploads\/2025\/05\/photo_4976983054811770658_y.jpg\" data-orig-size=\"1280,853\" data-comments-opened=\"\" data-image-meta=\"{&quot;aperture&quot;:&quot;0&quot;,&quot;credit&quot;:&quot;&quot;,&quot;camera&quot;:&quot;&quot;,&quot;caption&quot;:&quot;&quot;,&quot;created_timestamp&quot;:&quot;0&quot;,&quot;copyright&quot;:&quot;&quot;,&quot;focal_length&quot;:&quot;0&quot;,&quot;iso&quot;:&quot;0&quot;,&quot;shutter_speed&quot;:&quot;0&quot;,&quot;title&quot;:&quot;&quot;,&quot;orientation&quot;:&quot;0&quot;}\" data-image-title=\"photo_4976983054811770658_y\" data-image-description=\"\" data-medium-file=\"https:\/\/i0.wp.com\/mincomercionacional.gob.ve\/wp-content\/uploads\/2025\/05\/photo_4976983054811770658_y.jpg?fit=300%2C200&#038;ssl=1\" data-large-file=\"https:\/\/i0.wp.com\/mincomercionacional.gob.ve\/wp-content\/uploads\/2025\/05\/photo_4976983054811770658_y.jpg?fit=1024%2C682&#038;ssl=1\" src=\"https:\/\/i0.wp.com\/mincomercionacional.gob.ve\/wp-content\/uploads\/2025\/05\/photo_4976983054811770658_y.jpg?w=162&#038;h=162&#038;crop=1&#038;ssl=1\" width=\"162\" height=\"162\" loading=\"lazy\" data-original-width=\"162\" data-original-height=\"162\" itemprop=\"http:\/\/schema.org\/image\" title=\"photo_4976983054811770658_y\" alt=\"photo_4976983054811770658_y\" style=\"width: 162px; height: 162px;\" \/> <\/a> <\/div> <\/div> <\/div> <div class=\"gallery-row\" style=\"width: 500px; height: 125px;\" data-original-width=\"500\" data-original-height=\"125\" > <div class=\"gallery-group\" style=\"width: 125px; height: 125px;\" data-original-width=\"125\" data-original-height=\"125\" > <div class=\"tiled-gallery-item \" itemprop=\"associatedMedia\" itemscope itemtype=\"http:\/\/schema.org\/ImageObject\"> <a href=\"https:\/\/mincomercionacional.gob.ve\/?attachment_id=23577\" border=\"0\" itemprop=\"url\"> <meta itemprop=\"width\" content=\"121\"> <meta itemprop=\"height\" content=\"121\"> <img decoding=\"async\" class=\"\" data-attachment-id=\"23577\" data-orig-file=\"https:\/\/mincomercionacional.gob.ve\/wp-content\/uploads\/2025\/05\/photo_4976508413680922208_y.jpg\" data-orig-size=\"1280,853\" data-comments-opened=\"\" data-image-meta=\"{&quot;aperture&quot;:&quot;0&quot;,&quot;credit&quot;:&quot;&quot;,&quot;camera&quot;:&quot;&quot;,&quot;caption&quot;:&quot;&quot;,&quot;created_timestamp&quot;:&quot;0&quot;,&quot;copyright&quot;:&quot;&quot;,&quot;focal_length&quot;:&quot;0&quot;,&quot;iso&quot;:&quot;0&quot;,&quot;shutter_speed&quot;:&quot;0&quot;,&quot;title&quot;:&quot;&quot;,&quot;orientation&quot;:&quot;0&quot;}\" data-image-title=\"photo_4976508413680922208_y\" data-image-description=\"\" data-medium-file=\"https:\/\/i0.wp.com\/mincomercionacional.gob.ve\/wp-content\/uploads\/2025\/05\/photo_4976508413680922208_y.jpg?fit=300%2C200&#038;ssl=1\" data-large-file=\"https:\/\/i0.wp.com\/mincomercionacional.gob.ve\/wp-content\/uploads\/2025\/05\/photo_4976508413680922208_y.jpg?fit=1024%2C682&#038;ssl=1\" src=\"https:\/\/i0.wp.com\/mincomercionacional.gob.ve\/wp-content\/uploads\/2025\/05\/photo_4976508413680922208_y.jpg?w=121&#038;h=121&#038;crop=1&#038;ssl=1\" width=\"121\" height=\"121\" loading=\"lazy\" data-original-width=\"121\" data-original-height=\"121\" itemprop=\"http:\/\/schema.org\/image\" title=\"photo_4976508413680922208_y\" alt=\"photo_4976508413680922208_y\" style=\"width: 121px; height: 121px;\" \/> <\/a> <\/div> <\/div> <div class=\"gallery-group\" style=\"width: 125px; height: 125px;\" data-original-width=\"125\" data-original-height=\"125\" > <div class=\"tiled-gallery-item \" itemprop=\"associatedMedia\" itemscope itemtype=\"http:\/\/schema.org\/ImageObject\"> <a href=\"https:\/\/mincomercionacional.gob.ve\/?attachment_id=23578\" border=\"0\" itemprop=\"url\"> <meta itemprop=\"width\" content=\"121\"> <meta itemprop=\"height\" content=\"121\"> <img decoding=\"async\" class=\"\" data-attachment-id=\"23578\" data-orig-file=\"https:\/\/mincomercionacional.gob.ve\/wp-content\/uploads\/2025\/05\/photo_4976508413680922206_y.jpg\" data-orig-size=\"1280,857\" data-comments-opened=\"\" data-image-meta=\"{&quot;aperture&quot;:&quot;0&quot;,&quot;credit&quot;:&quot;&quot;,&quot;camera&quot;:&quot;&quot;,&quot;caption&quot;:&quot;&quot;,&quot;created_timestamp&quot;:&quot;0&quot;,&quot;copyright&quot;:&quot;&quot;,&quot;focal_length&quot;:&quot;0&quot;,&quot;iso&quot;:&quot;0&quot;,&quot;shutter_speed&quot;:&quot;0&quot;,&quot;title&quot;:&quot;&quot;,&quot;orientation&quot;:&quot;0&quot;}\" data-image-title=\"photo_4976508413680922206_y\" data-image-description=\"\" data-medium-file=\"https:\/\/i0.wp.com\/mincomercionacional.gob.ve\/wp-content\/uploads\/2025\/05\/photo_4976508413680922206_y.jpg?fit=300%2C201&#038;ssl=1\" data-large-file=\"https:\/\/i0.wp.com\/mincomercionacional.gob.ve\/wp-content\/uploads\/2025\/05\/photo_4976508413680922206_y.jpg?fit=1024%2C686&#038;ssl=1\" src=\"https:\/\/i0.wp.com\/mincomercionacional.gob.ve\/wp-content\/uploads\/2025\/05\/photo_4976508413680922206_y.jpg?w=121&#038;h=121&#038;crop=1&#038;ssl=1\" width=\"121\" height=\"121\" loading=\"lazy\" data-original-width=\"121\" data-original-height=\"121\" itemprop=\"http:\/\/schema.org\/image\" title=\"photo_4976508413680922206_y\" alt=\"photo_4976508413680922206_y\" style=\"width: 121px; height: 121px;\" \/> <\/a> <\/div> <\/div> <div class=\"gallery-group\" style=\"width: 125px; height: 125px;\" data-original-width=\"125\" data-original-height=\"125\" > <div class=\"tiled-gallery-item \" itemprop=\"associatedMedia\" itemscope itemtype=\"http:\/\/schema.org\/ImageObject\"> <a href=\"https:\/\/mincomercionacional.gob.ve\/?attachment_id=23579\" border=\"0\" itemprop=\"url\"> <meta itemprop=\"width\" content=\"121\"> <meta itemprop=\"height\" content=\"121\"> <img decoding=\"async\" class=\"\" data-attachment-id=\"23579\" data-orig-file=\"https:\/\/mincomercionacional.gob.ve\/wp-content\/uploads\/2025\/05\/photo_4976508413680922205_y.jpg\" data-orig-size=\"1280,853\" data-comments-opened=\"\" data-image-meta=\"{&quot;aperture&quot;:&quot;0&quot;,&quot;credit&quot;:&quot;&quot;,&quot;camera&quot;:&quot;&quot;,&quot;caption&quot;:&quot;&quot;,&quot;created_timestamp&quot;:&quot;0&quot;,&quot;copyright&quot;:&quot;&quot;,&quot;focal_length&quot;:&quot;0&quot;,&quot;iso&quot;:&quot;0&quot;,&quot;shutter_speed&quot;:&quot;0&quot;,&quot;title&quot;:&quot;&quot;,&quot;orientation&quot;:&quot;0&quot;}\" data-image-title=\"photo_4976508413680922205_y\" data-image-description=\"\" data-medium-file=\"https:\/\/i0.wp.com\/mincomercionacional.gob.ve\/wp-content\/uploads\/2025\/05\/photo_4976508413680922205_y.jpg?fit=300%2C200&#038;ssl=1\" data-large-file=\"https:\/\/i0.wp.com\/mincomercionacional.gob.ve\/wp-content\/uploads\/2025\/05\/photo_4976508413680922205_y.jpg?fit=1024%2C682&#038;ssl=1\" src=\"https:\/\/i0.wp.com\/mincomercionacional.gob.ve\/wp-content\/uploads\/2025\/05\/photo_4976508413680922205_y.jpg?w=121&#038;h=121&#038;crop=1&#038;ssl=1\" width=\"121\" height=\"121\" loading=\"lazy\" data-original-width=\"121\" data-original-height=\"121\" itemprop=\"http:\/\/schema.org\/image\" title=\"photo_4976508413680922205_y\" alt=\"photo_4976508413680922205_y\" style=\"width: 121px; height: 121px;\" \/> <\/a> <\/div> <\/div> <div class=\"gallery-group\" style=\"width: 125px; height: 125px;\" data-original-width=\"125\" data-original-height=\"125\" > <div class=\"tiled-gallery-item \" itemprop=\"associatedMedia\" itemscope itemtype=\"http:\/\/schema.org\/ImageObject\"> <a href=\"https:\/\/mincomercionacional.gob.ve\/?attachment_id=23580\" border=\"0\" itemprop=\"url\"> <meta itemprop=\"width\" content=\"121\"> <meta itemprop=\"height\" content=\"121\"> <img decoding=\"async\" class=\"\" data-attachment-id=\"23580\" data-orig-file=\"https:\/\/mincomercionacional.gob.ve\/wp-content\/uploads\/2025\/05\/photo_4976508413680922203_y.jpg\" data-orig-size=\"1280,853\" data-comments-opened=\"\" data-image-meta=\"{&quot;aperture&quot;:&quot;0&quot;,&quot;credit&quot;:&quot;&quot;,&quot;camera&quot;:&quot;&quot;,&quot;caption&quot;:&quot;&quot;,&quot;created_timestamp&quot;:&quot;0&quot;,&quot;copyright&quot;:&quot;&quot;,&quot;focal_length&quot;:&quot;0&quot;,&quot;iso&quot;:&quot;0&quot;,&quot;shutter_speed&quot;:&quot;0&quot;,&quot;title&quot;:&quot;&quot;,&quot;orientation&quot;:&quot;0&quot;}\" data-image-title=\"photo_4976508413680922203_y\" data-image-description=\"\" data-medium-file=\"https:\/\/i0.wp.com\/mincomercionacional.gob.ve\/wp-content\/uploads\/2025\/05\/photo_4976508413680922203_y.jpg?fit=300%2C200&#038;ssl=1\" data-large-file=\"https:\/\/i0.wp.com\/mincomercionacional.gob.ve\/wp-content\/uploads\/2025\/05\/photo_4976508413680922203_y.jpg?fit=1024%2C682&#038;ssl=1\" src=\"https:\/\/i0.wp.com\/mincomercionacional.gob.ve\/wp-content\/uploads\/2025\/05\/photo_4976508413680922203_y.jpg?w=121&#038;h=121&#038;crop=1&#038;ssl=1\" width=\"121\" height=\"121\" loading=\"lazy\" data-original-width=\"121\" data-original-height=\"121\" itemprop=\"http:\/\/schema.org\/image\" title=\"photo_4976508413680922203_y\" alt=\"photo_4976508413680922203_y\" style=\"width: 121px; height: 121px;\" \/> <\/a> <\/div> <\/div> <\/div> <\/div>\n<p>M\u00e1s detalles aqu\u00ed:<\/p>\n<blockquote class=\"wp-embedded-content\" data-secret=\"pmyDgpHcCt\"><p><a href=\"https:\/\/mincomercionacional.gob.ve\/?p=23540\">Gobierno Bolivariano combate especulaci\u00f3n en mercado alimentario mediante Ferias del Campo Soberano<\/a><\/p><\/blockquote>\n<p><iframe loading=\"lazy\" class=\"wp-embedded-content\" sandbox=\"allow-scripts\" security=\"restricted\" style=\"position: absolute; visibility: hidden;\" title=\"\u00abGobierno Bolivariano combate especulaci\u00f3n en mercado alimentario mediante Ferias del Campo Soberano\u00bb \u2014 Ministerio del Poder Popular de Comercio Nacional\" src=\"https:\/\/mincomercionacional.gob.ve\/?p=23540&#038;embed=true#?secret=yiVdJZvQcp#?secret=pmyDgpHcCt\" data-secret=\"pmyDgpHcCt\" width=\"500\" height=\"282\" frameborder=\"0\" marginwidth=\"0\" marginheight=\"0\" scrolling=\"no\"><\/iframe><\/p>\n","protected":false},"excerpt":{"rendered":"<p>El Ministro del Poder Popular de Comercio Nacional, Luis Antonio Villegas, sostuvo una reuni\u00f3n con representantes del sector empresarial de grasas y aceites comestibles (Asograsas), encuentro que marca el inicio de una mesa de trabajo y di\u00e1logo con los sectores productivos, con el objetivo de abordar el alza injustificada de precios en estos rubros esenciales &hellip;<\/p>\n","protected":false},"author":22,"featured_media":23581,"comment_status":"closed","ping_status":"open","sticky":false,"template":"","format":"standard","meta":{"footnotes":""},"categories":[1256,1],"tags":[37,2349,330,451,1682,276,1333],"class_list":["post-23560","post","type-post","status-publish","format-standard","has-post-thumbnail","hentry","category-comercio-nacional","category-prensa","tag-alimentos","tag-combate","tag-desarrollo","tag-especulacion","tag-estado","tag-sectores-productivos","tag-venta"],"jetpack_featured_media_url":"https:\/\/i0.wp.com\/mincomercionacional.gob.ve\/wp-content\/uploads\/2025\/05\/photo_4976508413680922216_y.jpg?fit=1280%2C853&ssl=1","jetpack_shortlink":"https:\/\/wp.me\/pbvjg9-680","_links":{"self":[{"href":"https:\/\/mincomercionacional.gob.ve\/index.php?rest_route=\/wp\/v2\/posts\/23560","targetHints":{"allow":["GET"]}}],"collection":[{"href":"https:\/\/mincomercionacional.gob.ve\/index.php?rest_route=\/wp\/v2\/posts"}],"about":[{"href":"https:\/\/mincomercionacional.gob.ve\/index.php?rest_route=\/wp\/v2\/types\/post"}],"author":[{"embeddable":true,"href":"https:\/\/mincomercionacional.gob.ve\/index.php?rest_route=\/wp\/v2\/users\/22"}],"replies":[{"embeddable":true,"href":"https:\/\/mincomercionacional.gob.ve\/index.php?rest_route=%2Fwp%2Fv2%2Fcomments&post=23560"}],"version-history":[{"count":5,"href":"https:\/\/mincomercionacional.gob.ve\/index.php?rest_route=\/wp\/v2\/posts\/23560\/revisions"}],"predecessor-version":[{"id":23592,"href":"https:\/\/mincomercionacional.gob.ve\/index.php?rest_route=\/wp\/v2\/posts\/23560\/revisions\/23592"}],"wp:featuredmedia":[{"embeddable":true,"href":"https:\/\/mincomercionacional.gob.ve\/index.php?rest_route=\/wp\/v2\/media\/23581"}],"wp:attachment":[{"href":"https:\/\/mincomercionacional.gob.ve\/index.php?rest_route=%2Fwp%2Fv2%2Fmedia&parent=23560"}],"wp:term":[{"taxonomy":"category","embeddable":true,"href":"https:\/\/mincomercionacional.gob.ve\/index.php?rest_route=%2Fwp%2Fv2%2Fcategories&post=23560"},{"taxonomy":"post_tag","embeddable":true,"href":"https:\/\/mincomercionacional.gob.ve\/index.php?rest_route=%2Fwp%2Fv2%2Ftags&post=23560"}],"curies":[{"name":"wp","href":"https:\/\/api.w.org\/{rel}","templated":true}]}}