{"id":23439,"date":"2025-04-29T15:30:43","date_gmt":"2025-04-29T19:30:43","guid":{"rendered":"https:\/\/mincomercionacional.gob.ve\/?p=23439"},"modified":"2025-04-29T21:44:06","modified_gmt":"2025-04-30T01:44:06","slug":"rehabilitan-salas-de-gobierno-popular-para-fortalecer-el-poder-comunal-en-barinas","status":"publish","type":"post","link":"https:\/\/mincomercionacional.gob.ve\/?p=23439","title":{"rendered":"Rehabilitan Salas de Gobierno Popular para fortalecer el poder comunal en Barinas"},"content":{"rendered":"<p style=\"text-align: justify;\">En un esfuerzo por impulsar la participaci\u00f3n ciudadana y dar respuestas efectivas a las necesidades de las comunidades, el Gobierno Bolivariano rehabilit\u00f3 diversas Salas de Gobierno Popular en la parroquia El Carmen del municipio Barinas, en Barinas.<\/p>\n<p style=\"text-align: justify;\">El Ministro del Poder Popular de Comercio Nacional, Luis Antonio Villegas, lider\u00f3 la jornada de rehabilitaci\u00f3n, resaltando la relevancia de estos espacios como plataformas para el di\u00e1logo y la colaboraci\u00f3n entre el Poder Popular y las distintas instituciones del Gobierno nacional.<\/p>\n<p style=\"text-align: justify;\">\u00abEstamos desplegados en el Gobierno de Calle, cumpli\u00e9ndole al pueblo de Venezuela, en una una jornada intensa donde en el que verificamos el uso de la tasa del d\u00f3lar del mercado en los comercios de Barinas; luego nos fuimos al trabajo comunal para ver los avances de la Agenda Concreta de Acci\u00f3n de este circuito comunal, atendiendo las instrucciones que nos da nuestro Presidente Maduro. Toda la atenci\u00f3n al pueblo\u00bb dijo el titular de Comercio Nacional.<\/p>\n<p style=\"text-align: justify;\">Resalt\u00f3 que entre las actividades se llev\u00f3 a cabo la inauguraci\u00f3n de un espacio de las \u00abCocineras de la Patria para la atenci\u00f3n de 100 personas al d\u00eda con la alimentaci\u00f3n a los m\u00e1s vulnerables. En la comunidad de Obispo rehabilitamos el Centro de Diagnostico Integral (CDI) Virgen del Real de la Comuna Juan Ignacia del Pumar. Hicimos un recorrido donde se resalt\u00f3 el trabajo del pueblo junto a las Bricomiles. Ya Barinas puede decir que tiene las 297 salas de gobierno popular instaladas. El pueblo salva al pueblo\u00bb.<\/p>\n<p>&nbsp;<\/p>\n<div class=\"tiled-gallery type-rectangular tiled-gallery-unresized\" data-original-width=\"500\" data-carousel-extra='{&quot;blog_id&quot;:1,&quot;permalink&quot;:&quot;https:\\\/\\\/mincomercionacional.gob.ve\\\/?p=23439&quot;,&quot;likes_blog_id&quot;:170001901}' itemscope itemtype=\"http:\/\/schema.org\/ImageGallery\" > <div class=\"gallery-row\" style=\"width: 500px; height: 184px;\" data-original-width=\"500\" data-original-height=\"184\" > <div class=\"gallery-group images-3\" style=\"width: 90px; height: 184px;\" data-original-width=\"90\" data-original-height=\"184\" > <div class=\"tiled-gallery-item tiled-gallery-item-small\" itemprop=\"associatedMedia\" itemscope itemtype=\"http:\/\/schema.org\/ImageObject\"> <a href=\"https:\/\/i0.wp.com\/mincomercionacional.gob.ve\/wp-content\/uploads\/2025\/04\/4929273845123231997.jpg?ssl=1\" border=\"0\" itemprop=\"url\"> <meta itemprop=\"width\" content=\"86\"> <meta itemprop=\"height\" content=\"58\"> <img decoding=\"async\" class=\"\" data-attachment-id=\"23440\" data-orig-file=\"https:\/\/mincomercionacional.gob.ve\/wp-content\/uploads\/2025\/04\/4929273845123231997.jpg\" data-orig-size=\"1280,855\" data-comments-opened=\"\" data-image-meta=\"{&quot;aperture&quot;:&quot;0&quot;,&quot;credit&quot;:&quot;&quot;,&quot;camera&quot;:&quot;&quot;,&quot;caption&quot;:&quot;&quot;,&quot;created_timestamp&quot;:&quot;0&quot;,&quot;copyright&quot;:&quot;&quot;,&quot;focal_length&quot;:&quot;0&quot;,&quot;iso&quot;:&quot;0&quot;,&quot;shutter_speed&quot;:&quot;0&quot;,&quot;title&quot;:&quot;&quot;,&quot;orientation&quot;:&quot;0&quot;}\" data-image-title=\"4929273845123231997\" data-image-description=\"\" data-medium-file=\"https:\/\/i0.wp.com\/mincomercionacional.gob.ve\/wp-content\/uploads\/2025\/04\/4929273845123231997.jpg?fit=300%2C200&#038;ssl=1\" data-large-file=\"https:\/\/i0.wp.com\/mincomercionacional.gob.ve\/wp-content\/uploads\/2025\/04\/4929273845123231997.jpg?fit=1024%2C684&#038;ssl=1\" src=\"https:\/\/i0.wp.com\/mincomercionacional.gob.ve\/wp-content\/uploads\/2025\/04\/4929273845123231997.jpg?w=86&#038;h=58&#038;ssl=1\" width=\"86\" height=\"58\" loading=\"lazy\" data-original-width=\"86\" data-original-height=\"58\" itemprop=\"http:\/\/schema.org\/image\" title=\"4929273845123231997\" alt=\"4929273845123231997\" style=\"width: 86px; height: 58px;\" \/> <\/a> <\/div> <div class=\"tiled-gallery-item tiled-gallery-item-small\" itemprop=\"associatedMedia\" itemscope itemtype=\"http:\/\/schema.org\/ImageObject\"> <a href=\"https:\/\/i0.wp.com\/mincomercionacional.gob.ve\/wp-content\/uploads\/2025\/04\/4929273845123231994.jpg?ssl=1\" border=\"0\" itemprop=\"url\"> <meta itemprop=\"width\" content=\"86\"> <meta itemprop=\"height\" content=\"57\"> <img decoding=\"async\" class=\"\" data-attachment-id=\"23441\" data-orig-file=\"https:\/\/mincomercionacional.gob.ve\/wp-content\/uploads\/2025\/04\/4929273845123231994.jpg\" data-orig-size=\"1280,855\" data-comments-opened=\"\" data-image-meta=\"{&quot;aperture&quot;:&quot;0&quot;,&quot;credit&quot;:&quot;&quot;,&quot;camera&quot;:&quot;&quot;,&quot;caption&quot;:&quot;&quot;,&quot;created_timestamp&quot;:&quot;0&quot;,&quot;copyright&quot;:&quot;&quot;,&quot;focal_length&quot;:&quot;0&quot;,&quot;iso&quot;:&quot;0&quot;,&quot;shutter_speed&quot;:&quot;0&quot;,&quot;title&quot;:&quot;&quot;,&quot;orientation&quot;:&quot;0&quot;}\" data-image-title=\"4929273845123231994\" data-image-description=\"\" data-medium-file=\"https:\/\/i0.wp.com\/mincomercionacional.gob.ve\/wp-content\/uploads\/2025\/04\/4929273845123231994.jpg?fit=300%2C200&#038;ssl=1\" data-large-file=\"https:\/\/i0.wp.com\/mincomercionacional.gob.ve\/wp-content\/uploads\/2025\/04\/4929273845123231994.jpg?fit=1024%2C684&#038;ssl=1\" src=\"https:\/\/i0.wp.com\/mincomercionacional.gob.ve\/wp-content\/uploads\/2025\/04\/4929273845123231994.jpg?w=86&#038;h=57&#038;ssl=1\" width=\"86\" height=\"57\" loading=\"lazy\" data-original-width=\"86\" data-original-height=\"57\" itemprop=\"http:\/\/schema.org\/image\" title=\"4929273845123231994\" alt=\"4929273845123231994\" style=\"width: 86px; height: 57px;\" \/> <\/a> <\/div> <div class=\"tiled-gallery-item tiled-gallery-item-small\" itemprop=\"associatedMedia\" itemscope itemtype=\"http:\/\/schema.org\/ImageObject\"> <a href=\"https:\/\/i0.wp.com\/mincomercionacional.gob.ve\/wp-content\/uploads\/2025\/04\/4929273845123231990.jpg?ssl=1\" border=\"0\" itemprop=\"url\"> <meta itemprop=\"width\" content=\"86\"> <meta itemprop=\"height\" content=\"57\"> <img decoding=\"async\" class=\"\" data-attachment-id=\"23442\" data-orig-file=\"https:\/\/mincomercionacional.gob.ve\/wp-content\/uploads\/2025\/04\/4929273845123231990.jpg\" data-orig-size=\"1280,855\" data-comments-opened=\"\" data-image-meta=\"{&quot;aperture&quot;:&quot;0&quot;,&quot;credit&quot;:&quot;&quot;,&quot;camera&quot;:&quot;&quot;,&quot;caption&quot;:&quot;&quot;,&quot;created_timestamp&quot;:&quot;0&quot;,&quot;copyright&quot;:&quot;&quot;,&quot;focal_length&quot;:&quot;0&quot;,&quot;iso&quot;:&quot;0&quot;,&quot;shutter_speed&quot;:&quot;0&quot;,&quot;title&quot;:&quot;&quot;,&quot;orientation&quot;:&quot;0&quot;}\" data-image-title=\"4929273845123231990\" data-image-description=\"\" data-medium-file=\"https:\/\/i0.wp.com\/mincomercionacional.gob.ve\/wp-content\/uploads\/2025\/04\/4929273845123231990.jpg?fit=300%2C200&#038;ssl=1\" data-large-file=\"https:\/\/i0.wp.com\/mincomercionacional.gob.ve\/wp-content\/uploads\/2025\/04\/4929273845123231990.jpg?fit=1024%2C684&#038;ssl=1\" src=\"https:\/\/i0.wp.com\/mincomercionacional.gob.ve\/wp-content\/uploads\/2025\/04\/4929273845123231990.jpg?w=86&#038;h=57&#038;ssl=1\" width=\"86\" height=\"57\" loading=\"lazy\" data-original-width=\"86\" data-original-height=\"57\" itemprop=\"http:\/\/schema.org\/image\" title=\"4929273845123231990\" alt=\"4929273845123231990\" style=\"width: 86px; height: 57px;\" \/> <\/a> <\/div> <\/div> <!-- close group --> <div class=\"gallery-group images-2\" style=\"width: 136px; height: 184px;\" data-original-width=\"136\" data-original-height=\"184\" > <div class=\"tiled-gallery-item tiled-gallery-item-small\" itemprop=\"associatedMedia\" itemscope itemtype=\"http:\/\/schema.org\/ImageObject\"> <a href=\"https:\/\/i0.wp.com\/mincomercionacional.gob.ve\/wp-content\/uploads\/2025\/04\/4929273845123231988.jpg?ssl=1\" border=\"0\" itemprop=\"url\"> <meta itemprop=\"width\" content=\"132\"> <meta itemprop=\"height\" content=\"88\"> <img decoding=\"async\" class=\"\" data-attachment-id=\"23443\" data-orig-file=\"https:\/\/mincomercionacional.gob.ve\/wp-content\/uploads\/2025\/04\/4929273845123231988.jpg\" data-orig-size=\"1280,855\" data-comments-opened=\"\" data-image-meta=\"{&quot;aperture&quot;:&quot;0&quot;,&quot;credit&quot;:&quot;&quot;,&quot;camera&quot;:&quot;&quot;,&quot;caption&quot;:&quot;&quot;,&quot;created_timestamp&quot;:&quot;0&quot;,&quot;copyright&quot;:&quot;&quot;,&quot;focal_length&quot;:&quot;0&quot;,&quot;iso&quot;:&quot;0&quot;,&quot;shutter_speed&quot;:&quot;0&quot;,&quot;title&quot;:&quot;&quot;,&quot;orientation&quot;:&quot;0&quot;}\" data-image-title=\"4929273845123231988\" data-image-description=\"\" data-medium-file=\"https:\/\/i0.wp.com\/mincomercionacional.gob.ve\/wp-content\/uploads\/2025\/04\/4929273845123231988.jpg?fit=300%2C200&#038;ssl=1\" data-large-file=\"https:\/\/i0.wp.com\/mincomercionacional.gob.ve\/wp-content\/uploads\/2025\/04\/4929273845123231988.jpg?fit=1024%2C684&#038;ssl=1\" src=\"https:\/\/i0.wp.com\/mincomercionacional.gob.ve\/wp-content\/uploads\/2025\/04\/4929273845123231988.jpg?w=132&#038;h=88&#038;ssl=1\" width=\"132\" height=\"88\" loading=\"lazy\" data-original-width=\"132\" data-original-height=\"88\" itemprop=\"http:\/\/schema.org\/image\" title=\"4929273845123231988\" alt=\"4929273845123231988\" style=\"width: 132px; height: 88px;\" \/> <\/a> <\/div> <div class=\"tiled-gallery-item tiled-gallery-item-small\" itemprop=\"associatedMedia\" itemscope itemtype=\"http:\/\/schema.org\/ImageObject\"> <a href=\"https:\/\/i0.wp.com\/mincomercionacional.gob.ve\/wp-content\/uploads\/2025\/04\/4929273845123231987.jpg?ssl=1\" border=\"0\" itemprop=\"url\"> <meta itemprop=\"width\" content=\"132\"> <meta itemprop=\"height\" content=\"88\"> <img decoding=\"async\" class=\"\" data-attachment-id=\"23444\" data-orig-file=\"https:\/\/mincomercionacional.gob.ve\/wp-content\/uploads\/2025\/04\/4929273845123231987.jpg\" data-orig-size=\"1280,855\" data-comments-opened=\"\" data-image-meta=\"{&quot;aperture&quot;:&quot;0&quot;,&quot;credit&quot;:&quot;&quot;,&quot;camera&quot;:&quot;&quot;,&quot;caption&quot;:&quot;&quot;,&quot;created_timestamp&quot;:&quot;0&quot;,&quot;copyright&quot;:&quot;&quot;,&quot;focal_length&quot;:&quot;0&quot;,&quot;iso&quot;:&quot;0&quot;,&quot;shutter_speed&quot;:&quot;0&quot;,&quot;title&quot;:&quot;&quot;,&quot;orientation&quot;:&quot;0&quot;}\" data-image-title=\"4929273845123231987\" data-image-description=\"\" data-medium-file=\"https:\/\/i0.wp.com\/mincomercionacional.gob.ve\/wp-content\/uploads\/2025\/04\/4929273845123231987.jpg?fit=300%2C200&#038;ssl=1\" data-large-file=\"https:\/\/i0.wp.com\/mincomercionacional.gob.ve\/wp-content\/uploads\/2025\/04\/4929273845123231987.jpg?fit=1024%2C684&#038;ssl=1\" src=\"https:\/\/i0.wp.com\/mincomercionacional.gob.ve\/wp-content\/uploads\/2025\/04\/4929273845123231987.jpg?w=132&#038;h=88&#038;ssl=1\" width=\"132\" height=\"88\" loading=\"lazy\" data-original-width=\"132\" data-original-height=\"88\" itemprop=\"http:\/\/schema.org\/image\" title=\"4929273845123231987\" alt=\"4929273845123231987\" style=\"width: 132px; height: 88px;\" \/> <\/a> <\/div> <\/div> <!-- close group --> <div class=\"gallery-group images-1\" style=\"width: 274px; height: 184px;\" data-original-width=\"274\" data-original-height=\"184\" > <div class=\"tiled-gallery-item tiled-gallery-item-large\" itemprop=\"associatedMedia\" itemscope itemtype=\"http:\/\/schema.org\/ImageObject\"> <a href=\"https:\/\/i0.wp.com\/mincomercionacional.gob.ve\/wp-content\/uploads\/2025\/04\/4929273845123231984.jpg?ssl=1\" border=\"0\" itemprop=\"url\"> <meta itemprop=\"width\" content=\"270\"> <meta itemprop=\"height\" content=\"180\"> <img decoding=\"async\" class=\"\" data-attachment-id=\"23445\" data-orig-file=\"https:\/\/mincomercionacional.gob.ve\/wp-content\/uploads\/2025\/04\/4929273845123231984.jpg\" data-orig-size=\"1280,855\" data-comments-opened=\"\" data-image-meta=\"{&quot;aperture&quot;:&quot;0&quot;,&quot;credit&quot;:&quot;&quot;,&quot;camera&quot;:&quot;&quot;,&quot;caption&quot;:&quot;&quot;,&quot;created_timestamp&quot;:&quot;0&quot;,&quot;copyright&quot;:&quot;&quot;,&quot;focal_length&quot;:&quot;0&quot;,&quot;iso&quot;:&quot;0&quot;,&quot;shutter_speed&quot;:&quot;0&quot;,&quot;title&quot;:&quot;&quot;,&quot;orientation&quot;:&quot;0&quot;}\" data-image-title=\"4929273845123231984\" data-image-description=\"\" data-medium-file=\"https:\/\/i0.wp.com\/mincomercionacional.gob.ve\/wp-content\/uploads\/2025\/04\/4929273845123231984.jpg?fit=300%2C200&#038;ssl=1\" data-large-file=\"https:\/\/i0.wp.com\/mincomercionacional.gob.ve\/wp-content\/uploads\/2025\/04\/4929273845123231984.jpg?fit=1024%2C684&#038;ssl=1\" src=\"https:\/\/i0.wp.com\/mincomercionacional.gob.ve\/wp-content\/uploads\/2025\/04\/4929273845123231984.jpg?w=270&#038;h=180&#038;ssl=1\" width=\"270\" height=\"180\" loading=\"lazy\" data-original-width=\"270\" data-original-height=\"180\" itemprop=\"http:\/\/schema.org\/image\" title=\"4929273845123231984\" alt=\"4929273845123231984\" style=\"width: 270px; height: 180px;\" \/> <\/a> <\/div> <\/div> <!-- close group --> <\/div> <!-- close row --> <\/div>\n<p style=\"text-align: justify;\">Este importante avance se enmarca dentro de la Agenda Concreta de Acci\u00f3n (ACA), que busca impulsar soluciones efectivas a los planteamientos de los ciudadanos de las comunidades.<\/p>\n<p style=\"text-align: justify;\">Durante la actividad, se llev\u00f3 a cabo una reuni\u00f3n con los voceros del Circuito Comunal 13 de Abril, quienes tuvieron la oportunidad de expresar sus inquietudes y necesidades.<\/p>\n<p style=\"text-align: justify;\">Este encuentro refleja el compromiso del Gobierno Bolivariano de escuchar y trabajar de la mano con el pueblo, garantizando que sus opiniones y requerimientos sean parte integral de la gesti\u00f3n p\u00fablica.<\/p>\n","protected":false},"excerpt":{"rendered":"<p>En un esfuerzo por impulsar la participaci\u00f3n ciudadana y dar respuestas efectivas a las necesidades de las comunidades, el Gobierno Bolivariano rehabilit\u00f3 diversas Salas de Gobierno Popular en la parroquia El Carmen del municipio Barinas, en Barinas. El Ministro del Poder Popular de Comercio Nacional, Luis Antonio Villegas, lider\u00f3 la jornada de rehabilitaci\u00f3n, resaltando la &hellip;<\/p>\n","protected":false},"author":22,"featured_media":23446,"comment_status":"closed","ping_status":"open","sticky":false,"template":"","format":"standard","meta":{"footnotes":""},"categories":[1256,1],"tags":[496,2331,1568,2330],"class_list":["post-23439","post","type-post","status-publish","format-standard","has-post-thumbnail","hentry","category-comercio-nacional","category-prensa","tag-barinas","tag-poder-comunal","tag-rehabilitacion","tag-salas-de-gobierno-popular"],"jetpack_featured_media_url":"https:\/\/i0.wp.com\/mincomercionacional.gob.ve\/wp-content\/uploads\/2025\/04\/4929273845123231979.jpg?fit=1280%2C855&ssl=1","jetpack_shortlink":"https:\/\/wp.me\/pbvjg9-663","_links":{"self":[{"href":"https:\/\/mincomercionacional.gob.ve\/index.php?rest_route=\/wp\/v2\/posts\/23439","targetHints":{"allow":["GET"]}}],"collection":[{"href":"https:\/\/mincomercionacional.gob.ve\/index.php?rest_route=\/wp\/v2\/posts"}],"about":[{"href":"https:\/\/mincomercionacional.gob.ve\/index.php?rest_route=\/wp\/v2\/types\/post"}],"author":[{"embeddable":true,"href":"https:\/\/mincomercionacional.gob.ve\/index.php?rest_route=\/wp\/v2\/users\/22"}],"replies":[{"embeddable":true,"href":"https:\/\/mincomercionacional.gob.ve\/index.php?rest_route=%2Fwp%2Fv2%2Fcomments&post=23439"}],"version-history":[{"count":5,"href":"https:\/\/mincomercionacional.gob.ve\/index.php?rest_route=\/wp\/v2\/posts\/23439\/revisions"}],"predecessor-version":[{"id":23470,"href":"https:\/\/mincomercionacional.gob.ve\/index.php?rest_route=\/wp\/v2\/posts\/23439\/revisions\/23470"}],"wp:featuredmedia":[{"embeddable":true,"href":"https:\/\/mincomercionacional.gob.ve\/index.php?rest_route=\/wp\/v2\/media\/23446"}],"wp:attachment":[{"href":"https:\/\/mincomercionacional.gob.ve\/index.php?rest_route=%2Fwp%2Fv2%2Fmedia&parent=23439"}],"wp:term":[{"taxonomy":"category","embeddable":true,"href":"https:\/\/mincomercionacional.gob.ve\/index.php?rest_route=%2Fwp%2Fv2%2Fcategories&post=23439"},{"taxonomy":"post_tag","embeddable":true,"href":"https:\/\/mincomercionacional.gob.ve\/index.php?rest_route=%2Fwp%2Fv2%2Ftags&post=23439"}],"curies":[{"name":"wp","href":"https:\/\/api.w.org\/{rel}","templated":true}]}}