{"id":23421,"date":"2025-04-26T12:56:31","date_gmt":"2025-04-26T16:56:31","guid":{"rendered":"https:\/\/mincomercionacional.gob.ve\/?p=23421"},"modified":"2025-04-27T12:57:48","modified_gmt":"2025-04-27T16:57:48","slug":"jornada-mas-anos-mas-amor-garantiza-bienestar-social-y-atencion-integral-de-los-adultos-mayores","status":"publish","type":"post","link":"https:\/\/mincomercionacional.gob.ve\/?p=23421","title":{"rendered":"Jornada \u00abM\u00e1s A\u00f1os, M\u00e1s Amor\u00bb garantiza bienestar social y atenci\u00f3n integral de los adultos mayores"},"content":{"rendered":"<p style=\"text-align: justify;\">Cerca de 435 abuelos y abuelas del Ministerio del Poder Popular de Comercio Nacional fueron atendidos en una nueva <strong><a href=\"https:\/\/mincomercionacional.gob.ve\/?p=20334\" target=\"_blank\" rel=\"noopener\">jornada \u00abM\u00e1s A\u00f1os, M\u00e1s Amor\u00bb<\/a><\/strong> con la distribuci\u00f3n de combos alimenticios que garantizan el bienestar social y atenci\u00f3n integral de los adultos mayores que han dedicado a\u00f1os de labor en la construcci\u00f3n de la Venezuela potencia.<\/p>\n<p style=\"text-align: justify;\">La actividad impulsada por el <strong>Gobierno Bolivariano<\/strong> a trav\u00e9s del Ministerio de Comercio Nacional liderado por el Ministro, Luis Antonio Villegas, se realiz\u00f3 en el marco de la <strong>Gran Misi\u00f3n Abuelos y Abuelas de la Patria<\/strong>\u00a0para seguir impulsando las pol\u00edticas alimentarias en cada una de las instituciones p\u00fablicas, garantizando la soberan\u00eda alimentaria de las y los trabajadores.<\/p>\n<p style=\"text-align: justify;\">Desde el Ministerio de Comercio Nacional, se siguen desarrollando actividades en beneficio de la clase trabajadora, en este caso, para los jubilados y pensionadas de esta instituci\u00f3n del Estado a fin de honrarles por todos los a\u00f1os de servicio.<\/p>\n","protected":false},"excerpt":{"rendered":"<p>Cerca de 435 abuelos y abuelas del Ministerio del Poder Popular de Comercio Nacional fueron atendidos en una nueva jornada \u00abM\u00e1s A\u00f1os, M\u00e1s Amor\u00bb con la distribuci\u00f3n de combos alimenticios que garantizan el bienestar social y atenci\u00f3n integral de los adultos mayores que han dedicado a\u00f1os de labor en la construcci\u00f3n de la Venezuela potencia. &hellip;<\/p>\n","protected":false},"author":22,"featured_media":23438,"comment_status":"closed","ping_status":"open","sticky":false,"template":"","format":"standard","meta":{"footnotes":""},"categories":[1256,1],"tags":[848,1939,1938,1799,34,2326],"class_list":["post-23421","post","type-post","status-publish","format-standard","has-post-thumbnail","hentry","category-comercio-nacional","category-prensa","tag-jornada","tag-abuelas","tag-abuelos","tag-mas-anos-mas-amor","tag-ministerio-de-comercio-nacional","tag-politicas-alimentarias"],"jetpack_featured_media_url":"https:\/\/i0.wp.com\/mincomercionacional.gob.ve\/wp-content\/uploads\/2025\/04\/IMG_20250427_125503_113.jpg?fit=853%2C1280&ssl=1","jetpack_shortlink":"https:\/\/wp.me\/pbvjg9-65L","_links":{"self":[{"href":"https:\/\/mincomercionacional.gob.ve\/index.php?rest_route=\/wp\/v2\/posts\/23421","targetHints":{"allow":["GET"]}}],"collection":[{"href":"https:\/\/mincomercionacional.gob.ve\/index.php?rest_route=\/wp\/v2\/posts"}],"about":[{"href":"https:\/\/mincomercionacional.gob.ve\/index.php?rest_route=\/wp\/v2\/types\/post"}],"author":[{"embeddable":true,"href":"https:\/\/mincomercionacional.gob.ve\/index.php?rest_route=\/wp\/v2\/users\/22"}],"replies":[{"embeddable":true,"href":"https:\/\/mincomercionacional.gob.ve\/index.php?rest_route=%2Fwp%2Fv2%2Fcomments&post=23421"}],"version-history":[{"count":1,"href":"https:\/\/mincomercionacional.gob.ve\/index.php?rest_route=\/wp\/v2\/posts\/23421\/revisions"}],"predecessor-version":[{"id":23423,"href":"https:\/\/mincomercionacional.gob.ve\/index.php?rest_route=\/wp\/v2\/posts\/23421\/revisions\/23423"}],"wp:featuredmedia":[{"embeddable":true,"href":"https:\/\/mincomercionacional.gob.ve\/index.php?rest_route=\/wp\/v2\/media\/23438"}],"wp:attachment":[{"href":"https:\/\/mincomercionacional.gob.ve\/index.php?rest_route=%2Fwp%2Fv2%2Fmedia&parent=23421"}],"wp:term":[{"taxonomy":"category","embeddable":true,"href":"https:\/\/mincomercionacional.gob.ve\/index.php?rest_route=%2Fwp%2Fv2%2Fcategories&post=23421"},{"taxonomy":"post_tag","embeddable":true,"href":"https:\/\/mincomercionacional.gob.ve\/index.php?rest_route=%2Fwp%2Fv2%2Ftags&post=23421"}],"curies":[{"name":"wp","href":"https:\/\/api.w.org\/{rel}","templated":true}]}}