{"id":23385,"date":"2025-04-21T19:12:41","date_gmt":"2025-04-21T23:12:41","guid":{"rendered":"https:\/\/mincomercionacional.gob.ve\/?p=23385"},"modified":"2025-04-21T19:12:41","modified_gmt":"2025-04-21T23:12:41","slug":"actividad-economica-registra-mas-de-259-millones-de-transacciones-durante-asueto-de-semana-santa","status":"publish","type":"post","link":"https:\/\/mincomercionacional.gob.ve\/?p=23385","title":{"rendered":"Actividad econ\u00f3mica registra m\u00e1s de 259 millones de transacciones durante asueto de Semana Santa"},"content":{"rendered":"<p style=\"text-align: justify;\">La Vicepresidenta Ejecutiva de la Rep\u00fablica Bolivariana de Venezuela, Delcy Rodr\u00edguez, indic\u00f3 que durante el asueto de Semana Santa la actividad econ\u00f3mica, super\u00f3 en 20% a las del 2024, con m\u00e1s de 259 millones de transacciones electr\u00f3nicas en todo el pa\u00eds, lo cual, a su juicio, demuestra la alta movilizaci\u00f3n del motor tur\u00edstico en un intento por diversificar la actividad econ\u00f3mica.<\/p>\n<p style=\"text-align: justify;\">En compa\u00f1\u00eda de otras autoridades nacionales, Rodr\u00edguez ofreci\u00f3 desde la Plaza Diego Ibarra en Caracas un balance del despliegue y la movilidad de los vacacionistas que disfrutaron de actividades religiosas, deportivas y recreativas durante este asueto, en donde hubo un incremento de 16.33% en la movilizaci\u00f3n con relaci\u00f3n a la Semana Mayor del a\u00f1o 2024, que se traduce en m\u00e1s de 12 millones 353 mil personas que se desplazaron en todo el territorio nacional.<\/p>\n<p style=\"text-align: justify;\">A\u00f1adi\u00f3 que uno de los sitios tur\u00edsticos m\u00e1s visitados fue el Monumento al Bicentenario de la Batalla de Carabobo. \u00abFue uno de los sitios donde el pueblo venezolano fue a visitar, a disfrutar de nuestra historia, de la grandeza de los pasos de nuestros libertadores y libertadoras, de nuestros h\u00e9roes y hero\u00ednas\u00bb dijo.<\/p>\n<p style=\"text-align: justify;\">Asimismo, se\u00f1al\u00f3 que el promedio de la ocupaci\u00f3n hotelera en el territorio nacional se registr\u00f3 con el 80%, sin embargo, los lugares que se destacaron en 100% de ocupaci\u00f3n tur\u00edstica fueron Canaima, Los Roques, Morrocoy. \u201cEl principal sitio de destino tur\u00edstico fue la playa, de primer lugar el estado Falc\u00f3n, seguidamente de La Guaira, Miranda, Aragua, Anzo\u00e1tegui\u201d puntualiz\u00f3.<\/p>\n<div class=\"tiled-gallery type-square tiled-gallery-unresized\" data-original-width=\"500\" data-carousel-extra='{&quot;blog_id&quot;:1,&quot;permalink&quot;:&quot;https:\\\/\\\/mincomercionacional.gob.ve\\\/?p=23385&quot;,&quot;likes_blog_id&quot;:170001901}' itemscope itemtype=\"http:\/\/schema.org\/ImageGallery\" > <div class=\"gallery-row\" style=\"width: 500px; height: 166px;\" data-original-width=\"500\" data-original-height=\"166\" > <div class=\"gallery-group\" style=\"width: 166px; height: 166px;\" data-original-width=\"166\" data-original-height=\"166\" > <div class=\"tiled-gallery-item \" itemprop=\"associatedMedia\" itemscope itemtype=\"http:\/\/schema.org\/ImageObject\"> <a href=\"https:\/\/i0.wp.com\/mincomercionacional.gob.ve\/wp-content\/uploads\/2025\/04\/photo_2025-04-21_15-03-38.jpg?ssl=1\" border=\"0\" itemprop=\"url\"> <meta itemprop=\"width\" content=\"162\"> <meta itemprop=\"height\" content=\"162\"> <img decoding=\"async\" class=\"\" data-attachment-id=\"23386\" data-orig-file=\"https:\/\/mincomercionacional.gob.ve\/wp-content\/uploads\/2025\/04\/photo_2025-04-21_15-03-38.jpg\" data-orig-size=\"1280,865\" data-comments-opened=\"\" data-image-meta=\"{&quot;aperture&quot;:&quot;0&quot;,&quot;credit&quot;:&quot;&quot;,&quot;camera&quot;:&quot;&quot;,&quot;caption&quot;:&quot;&quot;,&quot;created_timestamp&quot;:&quot;0&quot;,&quot;copyright&quot;:&quot;&quot;,&quot;focal_length&quot;:&quot;0&quot;,&quot;iso&quot;:&quot;0&quot;,&quot;shutter_speed&quot;:&quot;0&quot;,&quot;title&quot;:&quot;&quot;,&quot;orientation&quot;:&quot;0&quot;}\" data-image-title=\"photo_2025-04-21_15-03-38\" data-image-description=\"\" data-medium-file=\"https:\/\/i0.wp.com\/mincomercionacional.gob.ve\/wp-content\/uploads\/2025\/04\/photo_2025-04-21_15-03-38.jpg?fit=300%2C203&#038;ssl=1\" data-large-file=\"https:\/\/i0.wp.com\/mincomercionacional.gob.ve\/wp-content\/uploads\/2025\/04\/photo_2025-04-21_15-03-38.jpg?fit=1024%2C692&#038;ssl=1\" src=\"https:\/\/i0.wp.com\/mincomercionacional.gob.ve\/wp-content\/uploads\/2025\/04\/photo_2025-04-21_15-03-38.jpg?w=162&#038;h=162&#038;crop=1&#038;ssl=1\" width=\"162\" height=\"162\" loading=\"lazy\" data-original-width=\"162\" data-original-height=\"162\" itemprop=\"http:\/\/schema.org\/image\" title=\"photo_2025-04-21_15-03-38\" alt=\"photo_2025-04-21_15-03-38\" style=\"width: 162px; height: 162px;\" \/> <\/a> <\/div> <\/div> <div class=\"gallery-group\" style=\"width: 166px; height: 166px;\" data-original-width=\"166\" data-original-height=\"166\" > <div class=\"tiled-gallery-item \" itemprop=\"associatedMedia\" itemscope itemtype=\"http:\/\/schema.org\/ImageObject\"> <a href=\"https:\/\/i0.wp.com\/mincomercionacional.gob.ve\/wp-content\/uploads\/2025\/04\/photo_2025-04-21_15-12-20.jpg?ssl=1\" border=\"0\" itemprop=\"url\"> <meta itemprop=\"width\" content=\"162\"> <meta itemprop=\"height\" content=\"162\"> <img decoding=\"async\" class=\"\" data-attachment-id=\"23387\" data-orig-file=\"https:\/\/mincomercionacional.gob.ve\/wp-content\/uploads\/2025\/04\/photo_2025-04-21_15-12-20.jpg\" data-orig-size=\"1280,869\" data-comments-opened=\"\" data-image-meta=\"{&quot;aperture&quot;:&quot;0&quot;,&quot;credit&quot;:&quot;&quot;,&quot;camera&quot;:&quot;&quot;,&quot;caption&quot;:&quot;&quot;,&quot;created_timestamp&quot;:&quot;0&quot;,&quot;copyright&quot;:&quot;&quot;,&quot;focal_length&quot;:&quot;0&quot;,&quot;iso&quot;:&quot;0&quot;,&quot;shutter_speed&quot;:&quot;0&quot;,&quot;title&quot;:&quot;&quot;,&quot;orientation&quot;:&quot;0&quot;}\" data-image-title=\"photo_2025-04-21_15-12-20\" data-image-description=\"\" data-medium-file=\"https:\/\/i0.wp.com\/mincomercionacional.gob.ve\/wp-content\/uploads\/2025\/04\/photo_2025-04-21_15-12-20.jpg?fit=300%2C204&#038;ssl=1\" data-large-file=\"https:\/\/i0.wp.com\/mincomercionacional.gob.ve\/wp-content\/uploads\/2025\/04\/photo_2025-04-21_15-12-20.jpg?fit=1024%2C695&#038;ssl=1\" src=\"https:\/\/i0.wp.com\/mincomercionacional.gob.ve\/wp-content\/uploads\/2025\/04\/photo_2025-04-21_15-12-20.jpg?w=162&#038;h=162&#038;crop=1&#038;ssl=1\" width=\"162\" height=\"162\" loading=\"lazy\" data-original-width=\"162\" data-original-height=\"162\" itemprop=\"http:\/\/schema.org\/image\" title=\"photo_2025-04-21_15-12-20\" alt=\"photo_2025-04-21_15-12-20\" style=\"width: 162px; height: 162px;\" \/> <\/a> <\/div> <\/div> <div class=\"gallery-group\" style=\"width: 166px; height: 166px;\" data-original-width=\"166\" data-original-height=\"166\" > <div class=\"tiled-gallery-item \" itemprop=\"associatedMedia\" itemscope itemtype=\"http:\/\/schema.org\/ImageObject\"> <a href=\"https:\/\/i0.wp.com\/mincomercionacional.gob.ve\/wp-content\/uploads\/2025\/04\/photo_2025-04-21_15-12-22.jpg?ssl=1\" border=\"0\" itemprop=\"url\"> <meta itemprop=\"width\" content=\"162\"> <meta itemprop=\"height\" content=\"162\"> <img decoding=\"async\" class=\"\" data-attachment-id=\"23388\" data-orig-file=\"https:\/\/mincomercionacional.gob.ve\/wp-content\/uploads\/2025\/04\/photo_2025-04-21_15-12-22.jpg\" data-orig-size=\"1280,892\" data-comments-opened=\"\" data-image-meta=\"{&quot;aperture&quot;:&quot;0&quot;,&quot;credit&quot;:&quot;&quot;,&quot;camera&quot;:&quot;&quot;,&quot;caption&quot;:&quot;&quot;,&quot;created_timestamp&quot;:&quot;0&quot;,&quot;copyright&quot;:&quot;&quot;,&quot;focal_length&quot;:&quot;0&quot;,&quot;iso&quot;:&quot;0&quot;,&quot;shutter_speed&quot;:&quot;0&quot;,&quot;title&quot;:&quot;&quot;,&quot;orientation&quot;:&quot;0&quot;}\" data-image-title=\"photo_2025-04-21_15-12-22\" data-image-description=\"\" data-medium-file=\"https:\/\/i0.wp.com\/mincomercionacional.gob.ve\/wp-content\/uploads\/2025\/04\/photo_2025-04-21_15-12-22.jpg?fit=300%2C209&#038;ssl=1\" data-large-file=\"https:\/\/i0.wp.com\/mincomercionacional.gob.ve\/wp-content\/uploads\/2025\/04\/photo_2025-04-21_15-12-22.jpg?fit=1024%2C714&#038;ssl=1\" src=\"https:\/\/i0.wp.com\/mincomercionacional.gob.ve\/wp-content\/uploads\/2025\/04\/photo_2025-04-21_15-12-22.jpg?w=162&#038;h=162&#038;crop=1&#038;ssl=1\" width=\"162\" height=\"162\" loading=\"lazy\" data-original-width=\"162\" data-original-height=\"162\" itemprop=\"http:\/\/schema.org\/image\" title=\"photo_2025-04-21_15-12-22\" alt=\"photo_2025-04-21_15-12-22\" style=\"width: 162px; height: 162px;\" \/> <\/a> <\/div> <\/div> <\/div> <div class=\"gallery-row\" style=\"width: 500px; height: 166px;\" data-original-width=\"500\" data-original-height=\"166\" > <div class=\"gallery-group\" style=\"width: 166px; height: 166px;\" data-original-width=\"166\" data-original-height=\"166\" > <div class=\"tiled-gallery-item \" itemprop=\"associatedMedia\" itemscope itemtype=\"http:\/\/schema.org\/ImageObject\"> <a href=\"https:\/\/i0.wp.com\/mincomercionacional.gob.ve\/wp-content\/uploads\/2025\/04\/photo_2025-04-21_15-12-25.jpg?ssl=1\" border=\"0\" itemprop=\"url\"> <meta itemprop=\"width\" content=\"162\"> <meta itemprop=\"height\" content=\"162\"> <img decoding=\"async\" class=\"\" data-attachment-id=\"23389\" data-orig-file=\"https:\/\/mincomercionacional.gob.ve\/wp-content\/uploads\/2025\/04\/photo_2025-04-21_15-12-25.jpg\" data-orig-size=\"1280,868\" data-comments-opened=\"\" data-image-meta=\"{&quot;aperture&quot;:&quot;0&quot;,&quot;credit&quot;:&quot;&quot;,&quot;camera&quot;:&quot;&quot;,&quot;caption&quot;:&quot;&quot;,&quot;created_timestamp&quot;:&quot;0&quot;,&quot;copyright&quot;:&quot;&quot;,&quot;focal_length&quot;:&quot;0&quot;,&quot;iso&quot;:&quot;0&quot;,&quot;shutter_speed&quot;:&quot;0&quot;,&quot;title&quot;:&quot;&quot;,&quot;orientation&quot;:&quot;0&quot;}\" data-image-title=\"photo_2025-04-21_15-12-25\" data-image-description=\"\" data-medium-file=\"https:\/\/i0.wp.com\/mincomercionacional.gob.ve\/wp-content\/uploads\/2025\/04\/photo_2025-04-21_15-12-25.jpg?fit=300%2C203&#038;ssl=1\" data-large-file=\"https:\/\/i0.wp.com\/mincomercionacional.gob.ve\/wp-content\/uploads\/2025\/04\/photo_2025-04-21_15-12-25.jpg?fit=1024%2C694&#038;ssl=1\" src=\"https:\/\/i0.wp.com\/mincomercionacional.gob.ve\/wp-content\/uploads\/2025\/04\/photo_2025-04-21_15-12-25.jpg?w=162&#038;h=162&#038;crop=1&#038;ssl=1\" width=\"162\" height=\"162\" loading=\"lazy\" data-original-width=\"162\" data-original-height=\"162\" itemprop=\"http:\/\/schema.org\/image\" title=\"photo_2025-04-21_15-12-25\" alt=\"photo_2025-04-21_15-12-25\" style=\"width: 162px; height: 162px;\" \/> <\/a> <\/div> <\/div> <div class=\"gallery-group\" style=\"width: 166px; height: 166px;\" data-original-width=\"166\" data-original-height=\"166\" > <div class=\"tiled-gallery-item \" itemprop=\"associatedMedia\" itemscope itemtype=\"http:\/\/schema.org\/ImageObject\"> <a href=\"https:\/\/i0.wp.com\/mincomercionacional.gob.ve\/wp-content\/uploads\/2025\/04\/photo_2025-04-21_15-12-28.jpg?ssl=1\" border=\"0\" itemprop=\"url\"> <meta itemprop=\"width\" content=\"162\"> <meta itemprop=\"height\" content=\"162\"> <img decoding=\"async\" class=\"\" data-attachment-id=\"23390\" data-orig-file=\"https:\/\/mincomercionacional.gob.ve\/wp-content\/uploads\/2025\/04\/photo_2025-04-21_15-12-28.jpg\" data-orig-size=\"1280,915\" data-comments-opened=\"\" data-image-meta=\"{&quot;aperture&quot;:&quot;0&quot;,&quot;credit&quot;:&quot;&quot;,&quot;camera&quot;:&quot;&quot;,&quot;caption&quot;:&quot;&quot;,&quot;created_timestamp&quot;:&quot;0&quot;,&quot;copyright&quot;:&quot;&quot;,&quot;focal_length&quot;:&quot;0&quot;,&quot;iso&quot;:&quot;0&quot;,&quot;shutter_speed&quot;:&quot;0&quot;,&quot;title&quot;:&quot;&quot;,&quot;orientation&quot;:&quot;0&quot;}\" data-image-title=\"photo_2025-04-21_15-12-28\" data-image-description=\"\" data-medium-file=\"https:\/\/i0.wp.com\/mincomercionacional.gob.ve\/wp-content\/uploads\/2025\/04\/photo_2025-04-21_15-12-28.jpg?fit=300%2C214&#038;ssl=1\" data-large-file=\"https:\/\/i0.wp.com\/mincomercionacional.gob.ve\/wp-content\/uploads\/2025\/04\/photo_2025-04-21_15-12-28.jpg?fit=1024%2C732&#038;ssl=1\" src=\"https:\/\/i0.wp.com\/mincomercionacional.gob.ve\/wp-content\/uploads\/2025\/04\/photo_2025-04-21_15-12-28.jpg?w=162&#038;h=162&#038;crop=1&#038;ssl=1\" width=\"162\" height=\"162\" loading=\"lazy\" data-original-width=\"162\" data-original-height=\"162\" itemprop=\"http:\/\/schema.org\/image\" title=\"photo_2025-04-21_15-12-28\" alt=\"photo_2025-04-21_15-12-28\" style=\"width: 162px; height: 162px;\" \/> <\/a> <\/div> <\/div> <div class=\"gallery-group\" style=\"width: 166px; height: 166px;\" data-original-width=\"166\" data-original-height=\"166\" > <div class=\"tiled-gallery-item \" itemprop=\"associatedMedia\" itemscope itemtype=\"http:\/\/schema.org\/ImageObject\"> <a href=\"https:\/\/i0.wp.com\/mincomercionacional.gob.ve\/wp-content\/uploads\/2025\/04\/photo_2025-04-21_15-12-31.jpg?ssl=1\" border=\"0\" itemprop=\"url\"> <meta itemprop=\"width\" content=\"162\"> <meta itemprop=\"height\" content=\"162\"> <img decoding=\"async\" class=\"\" data-attachment-id=\"23391\" data-orig-file=\"https:\/\/mincomercionacional.gob.ve\/wp-content\/uploads\/2025\/04\/photo_2025-04-21_15-12-31.jpg\" data-orig-size=\"1280,853\" data-comments-opened=\"\" data-image-meta=\"{&quot;aperture&quot;:&quot;0&quot;,&quot;credit&quot;:&quot;&quot;,&quot;camera&quot;:&quot;&quot;,&quot;caption&quot;:&quot;&quot;,&quot;created_timestamp&quot;:&quot;0&quot;,&quot;copyright&quot;:&quot;&quot;,&quot;focal_length&quot;:&quot;0&quot;,&quot;iso&quot;:&quot;0&quot;,&quot;shutter_speed&quot;:&quot;0&quot;,&quot;title&quot;:&quot;&quot;,&quot;orientation&quot;:&quot;0&quot;}\" data-image-title=\"photo_2025-04-21_15-12-31\" data-image-description=\"\" data-medium-file=\"https:\/\/i0.wp.com\/mincomercionacional.gob.ve\/wp-content\/uploads\/2025\/04\/photo_2025-04-21_15-12-31.jpg?fit=300%2C200&#038;ssl=1\" data-large-file=\"https:\/\/i0.wp.com\/mincomercionacional.gob.ve\/wp-content\/uploads\/2025\/04\/photo_2025-04-21_15-12-31.jpg?fit=1024%2C682&#038;ssl=1\" src=\"https:\/\/i0.wp.com\/mincomercionacional.gob.ve\/wp-content\/uploads\/2025\/04\/photo_2025-04-21_15-12-31.jpg?w=162&#038;h=162&#038;crop=1&#038;ssl=1\" width=\"162\" height=\"162\" loading=\"lazy\" data-original-width=\"162\" data-original-height=\"162\" itemprop=\"http:\/\/schema.org\/image\" title=\"photo_2025-04-21_15-12-31\" alt=\"photo_2025-04-21_15-12-31\" style=\"width: 162px; height: 162px;\" \/> <\/a> <\/div> <\/div> <\/div> <div class=\"gallery-row\" style=\"width: 500px; height: 166px;\" data-original-width=\"500\" data-original-height=\"166\" > <div class=\"gallery-group\" style=\"width: 166px; height: 166px;\" data-original-width=\"166\" data-original-height=\"166\" > <div class=\"tiled-gallery-item \" itemprop=\"associatedMedia\" itemscope itemtype=\"http:\/\/schema.org\/ImageObject\"> <a href=\"https:\/\/i0.wp.com\/mincomercionacional.gob.ve\/wp-content\/uploads\/2025\/04\/photo_2025-04-21_15-12-41.jpg?ssl=1\" border=\"0\" itemprop=\"url\"> <meta itemprop=\"width\" content=\"162\"> <meta itemprop=\"height\" content=\"162\"> <img decoding=\"async\" class=\"\" data-attachment-id=\"23392\" data-orig-file=\"https:\/\/mincomercionacional.gob.ve\/wp-content\/uploads\/2025\/04\/photo_2025-04-21_15-12-41.jpg\" data-orig-size=\"1280,980\" data-comments-opened=\"\" data-image-meta=\"{&quot;aperture&quot;:&quot;0&quot;,&quot;credit&quot;:&quot;&quot;,&quot;camera&quot;:&quot;&quot;,&quot;caption&quot;:&quot;&quot;,&quot;created_timestamp&quot;:&quot;0&quot;,&quot;copyright&quot;:&quot;&quot;,&quot;focal_length&quot;:&quot;0&quot;,&quot;iso&quot;:&quot;0&quot;,&quot;shutter_speed&quot;:&quot;0&quot;,&quot;title&quot;:&quot;&quot;,&quot;orientation&quot;:&quot;0&quot;}\" data-image-title=\"photo_2025-04-21_15-12-41\" data-image-description=\"\" data-medium-file=\"https:\/\/i0.wp.com\/mincomercionacional.gob.ve\/wp-content\/uploads\/2025\/04\/photo_2025-04-21_15-12-41.jpg?fit=300%2C230&#038;ssl=1\" data-large-file=\"https:\/\/i0.wp.com\/mincomercionacional.gob.ve\/wp-content\/uploads\/2025\/04\/photo_2025-04-21_15-12-41.jpg?fit=1024%2C784&#038;ssl=1\" src=\"https:\/\/i0.wp.com\/mincomercionacional.gob.ve\/wp-content\/uploads\/2025\/04\/photo_2025-04-21_15-12-41.jpg?w=162&#038;h=162&#038;crop=1&#038;ssl=1\" width=\"162\" height=\"162\" loading=\"lazy\" data-original-width=\"162\" data-original-height=\"162\" itemprop=\"http:\/\/schema.org\/image\" title=\"photo_2025-04-21_15-12-41\" alt=\"photo_2025-04-21_15-12-41\" style=\"width: 162px; height: 162px;\" \/> <\/a> <\/div> <\/div> <div class=\"gallery-group\" style=\"width: 166px; height: 166px;\" data-original-width=\"166\" data-original-height=\"166\" > <div class=\"tiled-gallery-item \" itemprop=\"associatedMedia\" itemscope itemtype=\"http:\/\/schema.org\/ImageObject\"> <a href=\"https:\/\/i0.wp.com\/mincomercionacional.gob.ve\/wp-content\/uploads\/2025\/04\/photo_2025-04-21_15-12-44.jpg?ssl=1\" border=\"0\" itemprop=\"url\"> <meta itemprop=\"width\" content=\"162\"> <meta itemprop=\"height\" content=\"162\"> <img decoding=\"async\" class=\"\" data-attachment-id=\"23393\" data-orig-file=\"https:\/\/mincomercionacional.gob.ve\/wp-content\/uploads\/2025\/04\/photo_2025-04-21_15-12-44.jpg\" data-orig-size=\"1280,928\" data-comments-opened=\"\" data-image-meta=\"{&quot;aperture&quot;:&quot;0&quot;,&quot;credit&quot;:&quot;&quot;,&quot;camera&quot;:&quot;&quot;,&quot;caption&quot;:&quot;&quot;,&quot;created_timestamp&quot;:&quot;0&quot;,&quot;copyright&quot;:&quot;&quot;,&quot;focal_length&quot;:&quot;0&quot;,&quot;iso&quot;:&quot;0&quot;,&quot;shutter_speed&quot;:&quot;0&quot;,&quot;title&quot;:&quot;&quot;,&quot;orientation&quot;:&quot;0&quot;}\" data-image-title=\"photo_2025-04-21_15-12-44\" data-image-description=\"\" data-medium-file=\"https:\/\/i0.wp.com\/mincomercionacional.gob.ve\/wp-content\/uploads\/2025\/04\/photo_2025-04-21_15-12-44.jpg?fit=300%2C218&#038;ssl=1\" data-large-file=\"https:\/\/i0.wp.com\/mincomercionacional.gob.ve\/wp-content\/uploads\/2025\/04\/photo_2025-04-21_15-12-44.jpg?fit=1024%2C742&#038;ssl=1\" src=\"https:\/\/i0.wp.com\/mincomercionacional.gob.ve\/wp-content\/uploads\/2025\/04\/photo_2025-04-21_15-12-44.jpg?w=162&#038;h=162&#038;crop=1&#038;ssl=1\" width=\"162\" height=\"162\" loading=\"lazy\" data-original-width=\"162\" data-original-height=\"162\" itemprop=\"http:\/\/schema.org\/image\" title=\"photo_2025-04-21_15-12-44\" alt=\"photo_2025-04-21_15-12-44\" style=\"width: 162px; height: 162px;\" \/> <\/a> <\/div> <\/div> <div class=\"gallery-group\" style=\"width: 166px; height: 166px;\" data-original-width=\"166\" data-original-height=\"166\" > <div class=\"tiled-gallery-item \" itemprop=\"associatedMedia\" itemscope itemtype=\"http:\/\/schema.org\/ImageObject\"> <a href=\"https:\/\/i0.wp.com\/mincomercionacional.gob.ve\/wp-content\/uploads\/2025\/04\/photo_2025-04-21_15-12-49.jpg?ssl=1\" border=\"0\" itemprop=\"url\"> <meta itemprop=\"width\" content=\"162\"> <meta itemprop=\"height\" content=\"162\"> <img decoding=\"async\" class=\"\" data-attachment-id=\"23394\" data-orig-file=\"https:\/\/mincomercionacional.gob.ve\/wp-content\/uploads\/2025\/04\/photo_2025-04-21_15-12-49.jpg\" data-orig-size=\"1280,909\" data-comments-opened=\"\" data-image-meta=\"{&quot;aperture&quot;:&quot;0&quot;,&quot;credit&quot;:&quot;&quot;,&quot;camera&quot;:&quot;&quot;,&quot;caption&quot;:&quot;&quot;,&quot;created_timestamp&quot;:&quot;0&quot;,&quot;copyright&quot;:&quot;&quot;,&quot;focal_length&quot;:&quot;0&quot;,&quot;iso&quot;:&quot;0&quot;,&quot;shutter_speed&quot;:&quot;0&quot;,&quot;title&quot;:&quot;&quot;,&quot;orientation&quot;:&quot;0&quot;}\" data-image-title=\"photo_2025-04-21_15-12-49\" data-image-description=\"\" data-medium-file=\"https:\/\/i0.wp.com\/mincomercionacional.gob.ve\/wp-content\/uploads\/2025\/04\/photo_2025-04-21_15-12-49.jpg?fit=300%2C213&#038;ssl=1\" data-large-file=\"https:\/\/i0.wp.com\/mincomercionacional.gob.ve\/wp-content\/uploads\/2025\/04\/photo_2025-04-21_15-12-49.jpg?fit=1024%2C727&#038;ssl=1\" src=\"https:\/\/i0.wp.com\/mincomercionacional.gob.ve\/wp-content\/uploads\/2025\/04\/photo_2025-04-21_15-12-49.jpg?w=162&#038;h=162&#038;crop=1&#038;ssl=1\" width=\"162\" height=\"162\" loading=\"lazy\" data-original-width=\"162\" data-original-height=\"162\" itemprop=\"http:\/\/schema.org\/image\" title=\"photo_2025-04-21_15-12-49\" alt=\"photo_2025-04-21_15-12-49\" style=\"width: 162px; height: 162px;\" \/> <\/a> <\/div> <\/div> <\/div> <div class=\"gallery-row\" style=\"width: 500px; height: 166px;\" data-original-width=\"500\" data-original-height=\"166\" > <div class=\"gallery-group\" style=\"width: 166px; height: 166px;\" data-original-width=\"166\" data-original-height=\"166\" > <div class=\"tiled-gallery-item \" itemprop=\"associatedMedia\" itemscope itemtype=\"http:\/\/schema.org\/ImageObject\"> <a href=\"https:\/\/i0.wp.com\/mincomercionacional.gob.ve\/wp-content\/uploads\/2025\/04\/photo_2025-04-21_15-12-53.jpg?ssl=1\" border=\"0\" itemprop=\"url\"> <meta itemprop=\"width\" content=\"162\"> <meta itemprop=\"height\" content=\"162\"> <img decoding=\"async\" class=\"\" data-attachment-id=\"23395\" data-orig-file=\"https:\/\/mincomercionacional.gob.ve\/wp-content\/uploads\/2025\/04\/photo_2025-04-21_15-12-53.jpg\" data-orig-size=\"1280,868\" data-comments-opened=\"\" data-image-meta=\"{&quot;aperture&quot;:&quot;0&quot;,&quot;credit&quot;:&quot;&quot;,&quot;camera&quot;:&quot;&quot;,&quot;caption&quot;:&quot;&quot;,&quot;created_timestamp&quot;:&quot;0&quot;,&quot;copyright&quot;:&quot;&quot;,&quot;focal_length&quot;:&quot;0&quot;,&quot;iso&quot;:&quot;0&quot;,&quot;shutter_speed&quot;:&quot;0&quot;,&quot;title&quot;:&quot;&quot;,&quot;orientation&quot;:&quot;0&quot;}\" data-image-title=\"photo_2025-04-21_15-12-53\" data-image-description=\"\" data-medium-file=\"https:\/\/i0.wp.com\/mincomercionacional.gob.ve\/wp-content\/uploads\/2025\/04\/photo_2025-04-21_15-12-53.jpg?fit=300%2C203&#038;ssl=1\" data-large-file=\"https:\/\/i0.wp.com\/mincomercionacional.gob.ve\/wp-content\/uploads\/2025\/04\/photo_2025-04-21_15-12-53.jpg?fit=1024%2C694&#038;ssl=1\" src=\"https:\/\/i0.wp.com\/mincomercionacional.gob.ve\/wp-content\/uploads\/2025\/04\/photo_2025-04-21_15-12-53.jpg?w=162&#038;h=162&#038;crop=1&#038;ssl=1\" width=\"162\" height=\"162\" loading=\"lazy\" data-original-width=\"162\" data-original-height=\"162\" itemprop=\"http:\/\/schema.org\/image\" title=\"photo_2025-04-21_15-12-53\" alt=\"photo_2025-04-21_15-12-53\" style=\"width: 162px; height: 162px;\" \/> <\/a> <\/div> <\/div> <div class=\"gallery-group\" style=\"width: 166px; height: 166px;\" data-original-width=\"166\" data-original-height=\"166\" > <div class=\"tiled-gallery-item \" itemprop=\"associatedMedia\" itemscope itemtype=\"http:\/\/schema.org\/ImageObject\"> <a href=\"https:\/\/i0.wp.com\/mincomercionacional.gob.ve\/wp-content\/uploads\/2025\/04\/photo_2025-04-21_15-12-55.jpg?ssl=1\" border=\"0\" itemprop=\"url\"> <meta itemprop=\"width\" content=\"162\"> <meta itemprop=\"height\" content=\"162\"> <img decoding=\"async\" class=\"\" data-attachment-id=\"23396\" data-orig-file=\"https:\/\/mincomercionacional.gob.ve\/wp-content\/uploads\/2025\/04\/photo_2025-04-21_15-12-55.jpg\" data-orig-size=\"1280,881\" data-comments-opened=\"\" data-image-meta=\"{&quot;aperture&quot;:&quot;0&quot;,&quot;credit&quot;:&quot;&quot;,&quot;camera&quot;:&quot;&quot;,&quot;caption&quot;:&quot;&quot;,&quot;created_timestamp&quot;:&quot;0&quot;,&quot;copyright&quot;:&quot;&quot;,&quot;focal_length&quot;:&quot;0&quot;,&quot;iso&quot;:&quot;0&quot;,&quot;shutter_speed&quot;:&quot;0&quot;,&quot;title&quot;:&quot;&quot;,&quot;orientation&quot;:&quot;0&quot;}\" data-image-title=\"photo_2025-04-21_15-12-55\" data-image-description=\"\" data-medium-file=\"https:\/\/i0.wp.com\/mincomercionacional.gob.ve\/wp-content\/uploads\/2025\/04\/photo_2025-04-21_15-12-55.jpg?fit=300%2C206&#038;ssl=1\" data-large-file=\"https:\/\/i0.wp.com\/mincomercionacional.gob.ve\/wp-content\/uploads\/2025\/04\/photo_2025-04-21_15-12-55.jpg?fit=1024%2C705&#038;ssl=1\" src=\"https:\/\/i0.wp.com\/mincomercionacional.gob.ve\/wp-content\/uploads\/2025\/04\/photo_2025-04-21_15-12-55.jpg?w=162&#038;h=162&#038;crop=1&#038;ssl=1\" width=\"162\" height=\"162\" loading=\"lazy\" data-original-width=\"162\" data-original-height=\"162\" itemprop=\"http:\/\/schema.org\/image\" title=\"photo_2025-04-21_15-12-55\" alt=\"photo_2025-04-21_15-12-55\" style=\"width: 162px; height: 162px;\" \/> <\/a> <\/div> <\/div> <div class=\"gallery-group\" style=\"width: 166px; height: 166px;\" data-original-width=\"166\" data-original-height=\"166\" > <div class=\"tiled-gallery-item \" itemprop=\"associatedMedia\" itemscope itemtype=\"http:\/\/schema.org\/ImageObject\"> <a href=\"https:\/\/i0.wp.com\/mincomercionacional.gob.ve\/wp-content\/uploads\/2025\/04\/photo_2025-04-21_15-12-58.jpg?ssl=1\" border=\"0\" itemprop=\"url\"> <meta itemprop=\"width\" content=\"162\"> <meta itemprop=\"height\" content=\"162\"> <img decoding=\"async\" class=\"\" data-attachment-id=\"23397\" data-orig-file=\"https:\/\/mincomercionacional.gob.ve\/wp-content\/uploads\/2025\/04\/photo_2025-04-21_15-12-58.jpg\" data-orig-size=\"1280,853\" data-comments-opened=\"\" data-image-meta=\"{&quot;aperture&quot;:&quot;0&quot;,&quot;credit&quot;:&quot;&quot;,&quot;camera&quot;:&quot;&quot;,&quot;caption&quot;:&quot;&quot;,&quot;created_timestamp&quot;:&quot;0&quot;,&quot;copyright&quot;:&quot;&quot;,&quot;focal_length&quot;:&quot;0&quot;,&quot;iso&quot;:&quot;0&quot;,&quot;shutter_speed&quot;:&quot;0&quot;,&quot;title&quot;:&quot;&quot;,&quot;orientation&quot;:&quot;0&quot;}\" data-image-title=\"photo_2025-04-21_15-12-58\" data-image-description=\"\" data-medium-file=\"https:\/\/i0.wp.com\/mincomercionacional.gob.ve\/wp-content\/uploads\/2025\/04\/photo_2025-04-21_15-12-58.jpg?fit=300%2C200&#038;ssl=1\" data-large-file=\"https:\/\/i0.wp.com\/mincomercionacional.gob.ve\/wp-content\/uploads\/2025\/04\/photo_2025-04-21_15-12-58.jpg?fit=1024%2C682&#038;ssl=1\" src=\"https:\/\/i0.wp.com\/mincomercionacional.gob.ve\/wp-content\/uploads\/2025\/04\/photo_2025-04-21_15-12-58.jpg?w=162&#038;h=162&#038;crop=1&#038;ssl=1\" width=\"162\" height=\"162\" loading=\"lazy\" data-original-width=\"162\" data-original-height=\"162\" itemprop=\"http:\/\/schema.org\/image\" title=\"photo_2025-04-21_15-12-58\" alt=\"photo_2025-04-21_15-12-58\" style=\"width: 162px; height: 162px;\" \/> <\/a> <\/div> <\/div> <\/div> <\/div>\n<p>&nbsp;<\/p>\n<p>&nbsp;<\/p>\n<p>&nbsp;<\/p>\n<p><iframe loading=\"lazy\" title=\"Vpdta. Delcy Rodr\u00edguez: M\u00e1s de 259 millones de transacciones econ\u00f3micas operaron en Semana Santa\" frameborder=\"0\" width=\"500\" height=\"375\" src=\"https:\/\/geo.dailymotion.com\/player.html?video=x9i9q1s&#038;\" allowfullscreen allow=\"autoplay; fullscreen; picture-in-picture; web-share\"><\/iframe><\/p>\n<p>&nbsp;<\/p>\n","protected":false},"excerpt":{"rendered":"<p>La Vicepresidenta Ejecutiva de la Rep\u00fablica Bolivariana de Venezuela, Delcy Rodr\u00edguez, indic\u00f3 que durante el asueto de Semana Santa la actividad econ\u00f3mica, super\u00f3 en 20% a las del 2024, con m\u00e1s de 259 millones de transacciones electr\u00f3nicas en todo el pa\u00eds, lo cual, a su juicio, demuestra la alta movilizaci\u00f3n del motor tur\u00edstico en un &hellip;<\/p>\n","protected":false},"author":22,"featured_media":23398,"comment_status":"closed","ping_status":"open","sticky":false,"template":"","format":"standard","meta":{"footnotes":""},"categories":[1,1257],"tags":[607,768,2325,1051,2324],"class_list":["post-23385","post","type-post","status-publish","format-standard","has-post-thumbnail","hentry","category-prensa","category-vp","tag-balance","tag-delcy-rodriguez","tag-dispositivo","tag-semana-santa","tag-transacciones-electronicas"],"jetpack_featured_media_url":"https:\/\/i0.wp.com\/mincomercionacional.gob.ve\/wp-content\/uploads\/2025\/04\/photo_2025-04-21_15-12-46.jpg?fit=1280%2C850&ssl=1","jetpack_shortlink":"https:\/\/wp.me\/pbvjg9-65b","_links":{"self":[{"href":"https:\/\/mincomercionacional.gob.ve\/index.php?rest_route=\/wp\/v2\/posts\/23385","targetHints":{"allow":["GET"]}}],"collection":[{"href":"https:\/\/mincomercionacional.gob.ve\/index.php?rest_route=\/wp\/v2\/posts"}],"about":[{"href":"https:\/\/mincomercionacional.gob.ve\/index.php?rest_route=\/wp\/v2\/types\/post"}],"author":[{"embeddable":true,"href":"https:\/\/mincomercionacional.gob.ve\/index.php?rest_route=\/wp\/v2\/users\/22"}],"replies":[{"embeddable":true,"href":"https:\/\/mincomercionacional.gob.ve\/index.php?rest_route=%2Fwp%2Fv2%2Fcomments&post=23385"}],"version-history":[{"count":2,"href":"https:\/\/mincomercionacional.gob.ve\/index.php?rest_route=\/wp\/v2\/posts\/23385\/revisions"}],"predecessor-version":[{"id":23400,"href":"https:\/\/mincomercionacional.gob.ve\/index.php?rest_route=\/wp\/v2\/posts\/23385\/revisions\/23400"}],"wp:featuredmedia":[{"embeddable":true,"href":"https:\/\/mincomercionacional.gob.ve\/index.php?rest_route=\/wp\/v2\/media\/23398"}],"wp:attachment":[{"href":"https:\/\/mincomercionacional.gob.ve\/index.php?rest_route=%2Fwp%2Fv2%2Fmedia&parent=23385"}],"wp:term":[{"taxonomy":"category","embeddable":true,"href":"https:\/\/mincomercionacional.gob.ve\/index.php?rest_route=%2Fwp%2Fv2%2Fcategories&post=23385"},{"taxonomy":"post_tag","embeddable":true,"href":"https:\/\/mincomercionacional.gob.ve\/index.php?rest_route=%2Fwp%2Fv2%2Ftags&post=23385"}],"curies":[{"name":"wp","href":"https:\/\/api.w.org\/{rel}","templated":true}]}}