{"id":23380,"date":"2025-04-22T20:31:41","date_gmt":"2025-04-23T00:31:41","guid":{"rendered":"https:\/\/mincomercionacional.gob.ve\/?p=23380"},"modified":"2025-04-22T20:31:41","modified_gmt":"2025-04-23T00:31:41","slug":"comercio-nacional-verifica-avances-del-plan-mi-bodega-en-comunidades-de-catia","status":"publish","type":"post","link":"https:\/\/mincomercionacional.gob.ve\/?p=23380","title":{"rendered":"Comercio Nacional verifica avances del Plan Mi Bodega en comunidades de Catia"},"content":{"rendered":"<p style=\"text-align: justify;\">El Ministro del Poder Popular de Comercio Nacional, Luis Antonio Villegas, visit\u00f3 la bodega \u00abLos Gonz\u00e1lez\u00bb, ubicada en el urbanismo Valle Abajo, sector Gramoven de Catia, para verificar los avances del Plan Mi Bodega, una pol\u00edtica socioecon\u00f3mica implementada por el Presidente Nicol\u00e1s Maduro, a trav\u00e9s de la Gran Misi\u00f3n Igualdad y Justicia Social \u00abHugo Ch\u00e1vez\u00bb, que ha llegado a 14 estados del pa\u00eds.<\/p>\n<p style=\"text-align: justify;\">El Plan Mi Bodega ha demostrado ser un pilar fundamental en el impulso econ\u00f3mico de las comunidades desde su implementaci\u00f3n en el a\u00f1o 2024, la colaboraci\u00f3n activa entre los bodegueros y el Ministerio de Comercio Nacional ha permitido la creaci\u00f3n de acuerdos y rutas de distribuci\u00f3n que benefician al pueblo, por lo que han sido abastecidas 3.500 bodegas comunales, y en este 2025, se han sumado nuevas unidades econ\u00f3micas que fortalecen el plan y diversifica la oferta disponible en las comunidades.<\/p>\n<p style=\"text-align: justify;\">El Plan Mi Bodega es una pol\u00edtica p\u00fablica que naci\u00f3 para empoderar a las comunidades, dignificar a la poblaci\u00f3n vulnerable brind\u00e1ndole acceso a alimentos de calidad y con alto valor nutricional.<\/p>\n<p style=\"text-align: justify;\">Asimismo, el Plan Mi Bodega representa un paso importante hacia la suprema felicidad de los ciudadanos, al brindar acceso a una alimentaci\u00f3n nutritiva y de calidad fomentando la organizaci\u00f3n y el empoderamiento de los bodegueros como actores claves en el crecimiento econ\u00f3mico comunal.<\/p>\n<div class=\"tiled-gallery type-rectangular tiled-gallery-unresized\" data-original-width=\"500\" data-carousel-extra='{&quot;blog_id&quot;:1,&quot;permalink&quot;:&quot;https:\\\/\\\/mincomercionacional.gob.ve\\\/?p=23380&quot;,&quot;likes_blog_id&quot;:170001901}' itemscope itemtype=\"http:\/\/schema.org\/ImageGallery\" > <div class=\"gallery-row\" style=\"width: 500px; height: 429px;\" data-original-width=\"500\" data-original-height=\"429\" > <div class=\"gallery-group images-1\" style=\"width: 288px; height: 429px;\" data-original-width=\"288\" data-original-height=\"429\" > <div class=\"tiled-gallery-item tiled-gallery-item-large\" itemprop=\"associatedMedia\" itemscope itemtype=\"http:\/\/schema.org\/ImageObject\"> <a href=\"https:\/\/mincomercionacional.gob.ve\/?attachment_id=23403\" border=\"0\" itemprop=\"url\"> <meta itemprop=\"width\" content=\"284\"> <meta itemprop=\"height\" content=\"425\"> <img decoding=\"async\" class=\"\" data-attachment-id=\"23403\" data-orig-file=\"https:\/\/mincomercionacional.gob.ve\/wp-content\/uploads\/2025\/04\/IMG_20250421_201937_824.jpg\" data-orig-size=\"855,1280\" data-comments-opened=\"\" data-image-meta=\"{&quot;aperture&quot;:&quot;0&quot;,&quot;credit&quot;:&quot;&quot;,&quot;camera&quot;:&quot;&quot;,&quot;caption&quot;:&quot;&quot;,&quot;created_timestamp&quot;:&quot;0&quot;,&quot;copyright&quot;:&quot;&quot;,&quot;focal_length&quot;:&quot;0&quot;,&quot;iso&quot;:&quot;0&quot;,&quot;shutter_speed&quot;:&quot;0&quot;,&quot;title&quot;:&quot;&quot;,&quot;orientation&quot;:&quot;0&quot;}\" data-image-title=\"IMG_20250421_201937_824\" data-image-description=\"\" data-medium-file=\"https:\/\/i0.wp.com\/mincomercionacional.gob.ve\/wp-content\/uploads\/2025\/04\/IMG_20250421_201937_824.jpg?fit=200%2C300&#038;ssl=1\" data-large-file=\"https:\/\/i0.wp.com\/mincomercionacional.gob.ve\/wp-content\/uploads\/2025\/04\/IMG_20250421_201937_824.jpg?fit=684%2C1024&#038;ssl=1\" src=\"https:\/\/i0.wp.com\/mincomercionacional.gob.ve\/wp-content\/uploads\/2025\/04\/IMG_20250421_201937_824.jpg?w=284&#038;h=425&#038;ssl=1\" width=\"284\" height=\"425\" loading=\"lazy\" data-original-width=\"284\" data-original-height=\"425\" itemprop=\"http:\/\/schema.org\/image\" title=\"IMG_20250421_201937_824\" alt=\"IMG_20250421_201937_824\" style=\"width: 284px; height: 425px;\" \/> <\/a> <\/div> <\/div> <!-- close group --> <div class=\"gallery-group images-3\" style=\"width: 212px; height: 429px;\" data-original-width=\"212\" data-original-height=\"429\" > <div class=\"tiled-gallery-item tiled-gallery-item-small\" itemprop=\"associatedMedia\" itemscope itemtype=\"http:\/\/schema.org\/ImageObject\"> <a href=\"https:\/\/mincomercionacional.gob.ve\/?attachment_id=23404\" border=\"0\" itemprop=\"url\"> <meta itemprop=\"width\" content=\"208\"> <meta itemprop=\"height\" content=\"139\"> <img decoding=\"async\" class=\"\" data-attachment-id=\"23404\" data-orig-file=\"https:\/\/mincomercionacional.gob.ve\/wp-content\/uploads\/2025\/04\/IMG_20250421_201930_297.jpg\" data-orig-size=\"1280,855\" data-comments-opened=\"\" data-image-meta=\"{&quot;aperture&quot;:&quot;0&quot;,&quot;credit&quot;:&quot;&quot;,&quot;camera&quot;:&quot;&quot;,&quot;caption&quot;:&quot;&quot;,&quot;created_timestamp&quot;:&quot;0&quot;,&quot;copyright&quot;:&quot;&quot;,&quot;focal_length&quot;:&quot;0&quot;,&quot;iso&quot;:&quot;0&quot;,&quot;shutter_speed&quot;:&quot;0&quot;,&quot;title&quot;:&quot;&quot;,&quot;orientation&quot;:&quot;0&quot;}\" data-image-title=\"IMG_20250421_201930_297\" data-image-description=\"\" data-medium-file=\"https:\/\/i0.wp.com\/mincomercionacional.gob.ve\/wp-content\/uploads\/2025\/04\/IMG_20250421_201930_297.jpg?fit=300%2C200&#038;ssl=1\" data-large-file=\"https:\/\/i0.wp.com\/mincomercionacional.gob.ve\/wp-content\/uploads\/2025\/04\/IMG_20250421_201930_297.jpg?fit=1024%2C684&#038;ssl=1\" src=\"https:\/\/i0.wp.com\/mincomercionacional.gob.ve\/wp-content\/uploads\/2025\/04\/IMG_20250421_201930_297.jpg?w=208&#038;h=139&#038;ssl=1\" width=\"208\" height=\"139\" loading=\"lazy\" data-original-width=\"208\" data-original-height=\"139\" itemprop=\"http:\/\/schema.org\/image\" title=\"IMG_20250421_201930_297\" alt=\"IMG_20250421_201930_297\" style=\"width: 208px; height: 139px;\" \/> <\/a> <\/div> <div class=\"tiled-gallery-item tiled-gallery-item-small\" itemprop=\"associatedMedia\" itemscope itemtype=\"http:\/\/schema.org\/ImageObject\"> <a href=\"https:\/\/mincomercionacional.gob.ve\/?attachment_id=23405\" border=\"0\" itemprop=\"url\"> <meta itemprop=\"width\" content=\"208\"> <meta itemprop=\"height\" content=\"139\"> <img decoding=\"async\" class=\"\" data-attachment-id=\"23405\" data-orig-file=\"https:\/\/mincomercionacional.gob.ve\/wp-content\/uploads\/2025\/04\/IMG_20250421_201918_041.jpg\" data-orig-size=\"1280,855\" data-comments-opened=\"\" data-image-meta=\"{&quot;aperture&quot;:&quot;0&quot;,&quot;credit&quot;:&quot;&quot;,&quot;camera&quot;:&quot;&quot;,&quot;caption&quot;:&quot;&quot;,&quot;created_timestamp&quot;:&quot;0&quot;,&quot;copyright&quot;:&quot;&quot;,&quot;focal_length&quot;:&quot;0&quot;,&quot;iso&quot;:&quot;0&quot;,&quot;shutter_speed&quot;:&quot;0&quot;,&quot;title&quot;:&quot;&quot;,&quot;orientation&quot;:&quot;0&quot;}\" data-image-title=\"IMG_20250421_201918_041\" data-image-description=\"\" data-medium-file=\"https:\/\/i0.wp.com\/mincomercionacional.gob.ve\/wp-content\/uploads\/2025\/04\/IMG_20250421_201918_041.jpg?fit=300%2C200&#038;ssl=1\" data-large-file=\"https:\/\/i0.wp.com\/mincomercionacional.gob.ve\/wp-content\/uploads\/2025\/04\/IMG_20250421_201918_041.jpg?fit=1024%2C684&#038;ssl=1\" src=\"https:\/\/i0.wp.com\/mincomercionacional.gob.ve\/wp-content\/uploads\/2025\/04\/IMG_20250421_201918_041.jpg?w=208&#038;h=139&#038;ssl=1\" width=\"208\" height=\"139\" loading=\"lazy\" data-original-width=\"208\" data-original-height=\"139\" itemprop=\"http:\/\/schema.org\/image\" title=\"IMG_20250421_201918_041\" alt=\"IMG_20250421_201918_041\" style=\"width: 208px; height: 139px;\" \/> <\/a> <\/div> <div class=\"tiled-gallery-item tiled-gallery-item-small\" itemprop=\"associatedMedia\" itemscope itemtype=\"http:\/\/schema.org\/ImageObject\"> <a href=\"https:\/\/mincomercionacional.gob.ve\/?attachment_id=23406\" border=\"0\" itemprop=\"url\"> <meta itemprop=\"width\" content=\"208\"> <meta itemprop=\"height\" content=\"139\"> <img decoding=\"async\" class=\"\" data-attachment-id=\"23406\" data-orig-file=\"https:\/\/mincomercionacional.gob.ve\/wp-content\/uploads\/2025\/04\/IMG_20250421_201913_781.jpg\" data-orig-size=\"1280,855\" data-comments-opened=\"\" data-image-meta=\"{&quot;aperture&quot;:&quot;0&quot;,&quot;credit&quot;:&quot;&quot;,&quot;camera&quot;:&quot;&quot;,&quot;caption&quot;:&quot;&quot;,&quot;created_timestamp&quot;:&quot;0&quot;,&quot;copyright&quot;:&quot;&quot;,&quot;focal_length&quot;:&quot;0&quot;,&quot;iso&quot;:&quot;0&quot;,&quot;shutter_speed&quot;:&quot;0&quot;,&quot;title&quot;:&quot;&quot;,&quot;orientation&quot;:&quot;0&quot;}\" data-image-title=\"IMG_20250421_201913_781\" data-image-description=\"\" data-medium-file=\"https:\/\/i0.wp.com\/mincomercionacional.gob.ve\/wp-content\/uploads\/2025\/04\/IMG_20250421_201913_781.jpg?fit=300%2C200&#038;ssl=1\" data-large-file=\"https:\/\/i0.wp.com\/mincomercionacional.gob.ve\/wp-content\/uploads\/2025\/04\/IMG_20250421_201913_781.jpg?fit=1024%2C684&#038;ssl=1\" src=\"https:\/\/i0.wp.com\/mincomercionacional.gob.ve\/wp-content\/uploads\/2025\/04\/IMG_20250421_201913_781.jpg?w=208&#038;h=139&#038;ssl=1\" width=\"208\" height=\"139\" loading=\"lazy\" data-original-width=\"208\" data-original-height=\"139\" itemprop=\"http:\/\/schema.org\/image\" title=\"IMG_20250421_201913_781\" alt=\"IMG_20250421_201913_781\" style=\"width: 208px; height: 139px;\" \/> <\/a> <\/div> <\/div> <!-- close group --> <\/div> <!-- close row --> <div class=\"gallery-row\" style=\"width: 500px; height: 335px;\" data-original-width=\"500\" data-original-height=\"335\" > <div class=\"gallery-group images-1\" style=\"width: 500px; height: 335px;\" data-original-width=\"500\" data-original-height=\"335\" > <div class=\"tiled-gallery-item tiled-gallery-item-large\" itemprop=\"associatedMedia\" itemscope itemtype=\"http:\/\/schema.org\/ImageObject\"> <a href=\"https:\/\/mincomercionacional.gob.ve\/?attachment_id=23407\" border=\"0\" itemprop=\"url\"> <meta itemprop=\"width\" content=\"496\"> <meta itemprop=\"height\" content=\"331\"> <img decoding=\"async\" class=\"\" data-attachment-id=\"23407\" data-orig-file=\"https:\/\/mincomercionacional.gob.ve\/wp-content\/uploads\/2025\/04\/IMG_20250421_201907_021.jpg\" data-orig-size=\"1280,855\" data-comments-opened=\"\" data-image-meta=\"{&quot;aperture&quot;:&quot;0&quot;,&quot;credit&quot;:&quot;&quot;,&quot;camera&quot;:&quot;&quot;,&quot;caption&quot;:&quot;&quot;,&quot;created_timestamp&quot;:&quot;0&quot;,&quot;copyright&quot;:&quot;&quot;,&quot;focal_length&quot;:&quot;0&quot;,&quot;iso&quot;:&quot;0&quot;,&quot;shutter_speed&quot;:&quot;0&quot;,&quot;title&quot;:&quot;&quot;,&quot;orientation&quot;:&quot;0&quot;}\" data-image-title=\"IMG_20250421_201907_021\" data-image-description=\"\" data-medium-file=\"https:\/\/i0.wp.com\/mincomercionacional.gob.ve\/wp-content\/uploads\/2025\/04\/IMG_20250421_201907_021.jpg?fit=300%2C200&#038;ssl=1\" data-large-file=\"https:\/\/i0.wp.com\/mincomercionacional.gob.ve\/wp-content\/uploads\/2025\/04\/IMG_20250421_201907_021.jpg?fit=1024%2C684&#038;ssl=1\" src=\"https:\/\/i0.wp.com\/mincomercionacional.gob.ve\/wp-content\/uploads\/2025\/04\/IMG_20250421_201907_021.jpg?w=496&#038;h=331&#038;ssl=1\" width=\"496\" height=\"331\" loading=\"lazy\" data-original-width=\"496\" data-original-height=\"331\" itemprop=\"http:\/\/schema.org\/image\" title=\"IMG_20250421_201907_021\" alt=\"IMG_20250421_201907_021\" style=\"width: 496px; height: 331px;\" \/> <\/a> <\/div> <\/div> <!-- close group --> <\/div> <!-- close row --> <\/div>\n<p>Lea m\u00e1s detalles aqu\u00ed:<\/p>\n<blockquote class=\"wp-embedded-content\" data-secret=\"VdgtgsCTZl\"><p><a href=\"https:\/\/mincomercionacional.gob.ve\/?p=22486\">Plan Bodega avanza para fortalecer la econom\u00eda local desde las comunidades<\/a><\/p><\/blockquote>\n<p><iframe loading=\"lazy\" class=\"wp-embedded-content\" sandbox=\"allow-scripts\" security=\"restricted\" style=\"position: absolute; visibility: hidden;\" title=\"\u00abPlan Bodega avanza para fortalecer la econom\u00eda local desde las comunidades\u00bb \u2014 Ministerio del Poder Popular de Comercio Nacional\" src=\"https:\/\/mincomercionacional.gob.ve\/?p=22486&#038;embed=true#?secret=8RJdjgO9HV#?secret=VdgtgsCTZl\" data-secret=\"VdgtgsCTZl\" width=\"500\" height=\"282\" frameborder=\"0\" marginwidth=\"0\" marginheight=\"0\" scrolling=\"no\"><\/iframe><\/p>\n","protected":false},"excerpt":{"rendered":"<p>El Ministro del Poder Popular de Comercio Nacional, Luis Antonio Villegas, visit\u00f3 la bodega \u00abLos Gonz\u00e1lez\u00bb, ubicada en el urbanismo Valle Abajo, sector Gramoven de Catia, para verificar los avances del Plan Mi Bodega, una pol\u00edtica socioecon\u00f3mica implementada por el Presidente Nicol\u00e1s Maduro, a trav\u00e9s de la Gran Misi\u00f3n Igualdad y Justicia Social \u00abHugo Ch\u00e1vez\u00bb, &hellip;<\/p>\n","protected":false},"author":22,"featured_media":23402,"comment_status":"closed","ping_status":"open","sticky":false,"template":"","format":"standard","meta":{"footnotes":""},"categories":[1256,1],"tags":[37,300,1053,1352,1982,934,2323],"class_list":["post-23380","post","type-post","status-publish","format-standard","has-post-thumbnail","hentry","category-comercio-nacional","category-prensa","tag-alimentos","tag-calidad","tag-crecimiento","tag-economico","tag-empoderamiento","tag-luis-antonio-villegas","tag-plan-mi-bodega-comunal"],"jetpack_featured_media_url":"https:\/\/i0.wp.com\/mincomercionacional.gob.ve\/wp-content\/uploads\/2025\/04\/IMG_20250421_201922_649.jpg?fit=1280%2C855&ssl=1","jetpack_shortlink":"https:\/\/wp.me\/pbvjg9-656","_links":{"self":[{"href":"https:\/\/mincomercionacional.gob.ve\/index.php?rest_route=\/wp\/v2\/posts\/23380","targetHints":{"allow":["GET"]}}],"collection":[{"href":"https:\/\/mincomercionacional.gob.ve\/index.php?rest_route=\/wp\/v2\/posts"}],"about":[{"href":"https:\/\/mincomercionacional.gob.ve\/index.php?rest_route=\/wp\/v2\/types\/post"}],"author":[{"embeddable":true,"href":"https:\/\/mincomercionacional.gob.ve\/index.php?rest_route=\/wp\/v2\/users\/22"}],"replies":[{"embeddable":true,"href":"https:\/\/mincomercionacional.gob.ve\/index.php?rest_route=%2Fwp%2Fv2%2Fcomments&post=23380"}],"version-history":[{"count":6,"href":"https:\/\/mincomercionacional.gob.ve\/index.php?rest_route=\/wp\/v2\/posts\/23380\/revisions"}],"predecessor-version":[{"id":23408,"href":"https:\/\/mincomercionacional.gob.ve\/index.php?rest_route=\/wp\/v2\/posts\/23380\/revisions\/23408"}],"wp:featuredmedia":[{"embeddable":true,"href":"https:\/\/mincomercionacional.gob.ve\/index.php?rest_route=\/wp\/v2\/media\/23402"}],"wp:attachment":[{"href":"https:\/\/mincomercionacional.gob.ve\/index.php?rest_route=%2Fwp%2Fv2%2Fmedia&parent=23380"}],"wp:term":[{"taxonomy":"category","embeddable":true,"href":"https:\/\/mincomercionacional.gob.ve\/index.php?rest_route=%2Fwp%2Fv2%2Fcategories&post=23380"},{"taxonomy":"post_tag","embeddable":true,"href":"https:\/\/mincomercionacional.gob.ve\/index.php?rest_route=%2Fwp%2Fv2%2Ftags&post=23380"}],"curies":[{"name":"wp","href":"https:\/\/api.w.org\/{rel}","templated":true}]}}