{"id":23364,"date":"2025-04-17T13:01:47","date_gmt":"2025-04-17T17:01:47","guid":{"rendered":"https:\/\/mincomercionacional.gob.ve\/?p=23364"},"modified":"2025-04-17T21:02:36","modified_gmt":"2025-04-18T01:02:36","slug":"plan-mi-bodega-incorpora-nuevos-rubros-proteicos-en-bodegas-comunales-del-23-de-enero","status":"publish","type":"post","link":"https:\/\/mincomercionacional.gob.ve\/?p=23364","title":{"rendered":"Plan Mi Bodega incorpora nuevos rubros proteicos en bodegas comunales del 23 de Enero"},"content":{"rendered":"<p style=\"text-align: justify;\">En aras de fortalecer el desarrollo econ\u00f3mico de las comunidades, representantes del Ministerio del Poder Popular de Comercio Nacional efectuaron una asamblea informativa con bodegueros, bodegueras y coordinadores de las Bases de Misiones Socialistas en las parroquias Sucre y 23 de Enero, a fin de distribuir nuevos alimentos producidos de la unidad comunal \u00abDespostadero el Panal 2021\u00bb, que suman esfuerzos para fortalecer el Plan Mi Bodega.<\/p>\n<p style=\"text-align: justify;\">Durante la asamblea, se compartieron experiencias y se discutieron estrategias para sumar nuevas unidades econ\u00f3micas dentro del territorio. Esta ampliaci\u00f3n no solo diversifica la oferta disponible en las comunidades, sino que tambi\u00e9n representa un paso importante hacia la suprema felicidad de los ciudadanos, al brindarles acceso a una alimentaci\u00f3n nutritiva y de calidad.<\/p>\n<p style=\"text-align: justify;\">El Plan Mi Bodega ha demostrado ser un pilar fundamental en el impulso econ\u00f3mico de las comunidades desde su implementaci\u00f3n en el a\u00f1o 2024. La colaboraci\u00f3n activa entre los bodegueros y el Ministerio de Comercio Nacional ha permitido la creaci\u00f3n de acuerdos y rutas de distribuci\u00f3n que benefician al pueblo.<\/p>\n<p style=\"text-align: justify;\">El acompa\u00f1amiento constante de las Brigadas Territoriales para la Acci\u00f3n (BTA) en las comunidades ha sido vital para la evoluci\u00f3n de este plan, fomentando la organizaci\u00f3n y el empoderamiento de los bodegueros como actores claves en el crecimiento econ\u00f3mico comunal<strong data-entity-type=\"MessageEntityBold\">.<\/strong><\/p>\n<p style=\"text-align: justify;\">Con esta iniciativa, el Gobierno nacional reafirma su compromiso con el desarrollo econ\u00f3mico sostenible, en el que cada bodega se convierta en un motor de progreso para su comunidad fortaleciendo la econom\u00eda desde el territorio, promoviendo pol\u00edticas que reconozcan a los bodegueros como un factor esencial en la producci\u00f3n nacional.<\/p>\n<div class=\"tiled-gallery type-rectangular tiled-gallery-unresized\" data-original-width=\"500\" data-carousel-extra='{&quot;blog_id&quot;:1,&quot;permalink&quot;:&quot;https:\\\/\\\/mincomercionacional.gob.ve\\\/?p=23364&quot;,&quot;likes_blog_id&quot;:170001901}' itemscope itemtype=\"http:\/\/schema.org\/ImageGallery\" > <div class=\"gallery-row\" style=\"width: 500px; height: 253px;\" data-original-width=\"500\" data-original-height=\"253\" > <div class=\"gallery-group images-3\" style=\"width: 124px; height: 253px;\" data-original-width=\"124\" data-original-height=\"253\" > <div class=\"tiled-gallery-item tiled-gallery-item-small\" itemprop=\"associatedMedia\" itemscope itemtype=\"http:\/\/schema.org\/ImageObject\"> <a href=\"https:\/\/i0.wp.com\/mincomercionacional.gob.ve\/wp-content\/uploads\/2025\/04\/4900224090787392942.jpg?ssl=1\" border=\"0\" itemprop=\"url\"> <meta itemprop=\"width\" content=\"120\"> <meta itemprop=\"height\" content=\"81\"> <img decoding=\"async\" class=\"\" data-attachment-id=\"23367\" data-orig-file=\"https:\/\/mincomercionacional.gob.ve\/wp-content\/uploads\/2025\/04\/4900224090787392942.jpg\" data-orig-size=\"1280,855\" data-comments-opened=\"\" data-image-meta=\"{&quot;aperture&quot;:&quot;0&quot;,&quot;credit&quot;:&quot;&quot;,&quot;camera&quot;:&quot;&quot;,&quot;caption&quot;:&quot;&quot;,&quot;created_timestamp&quot;:&quot;0&quot;,&quot;copyright&quot;:&quot;&quot;,&quot;focal_length&quot;:&quot;0&quot;,&quot;iso&quot;:&quot;0&quot;,&quot;shutter_speed&quot;:&quot;0&quot;,&quot;title&quot;:&quot;&quot;,&quot;orientation&quot;:&quot;0&quot;}\" data-image-title=\"4900224090787392942\" data-image-description=\"\" data-medium-file=\"https:\/\/i0.wp.com\/mincomercionacional.gob.ve\/wp-content\/uploads\/2025\/04\/4900224090787392942.jpg?fit=300%2C200&#038;ssl=1\" data-large-file=\"https:\/\/i0.wp.com\/mincomercionacional.gob.ve\/wp-content\/uploads\/2025\/04\/4900224090787392942.jpg?fit=1024%2C684&#038;ssl=1\" src=\"https:\/\/i0.wp.com\/mincomercionacional.gob.ve\/wp-content\/uploads\/2025\/04\/4900224090787392942.jpg?w=120&#038;h=81&#038;ssl=1\" width=\"120\" height=\"81\" loading=\"lazy\" data-original-width=\"120\" data-original-height=\"81\" itemprop=\"http:\/\/schema.org\/image\" title=\"4900224090787392942\" alt=\"4900224090787392942\" style=\"width: 120px; height: 81px;\" \/> <\/a> <\/div> <div class=\"tiled-gallery-item tiled-gallery-item-small\" itemprop=\"associatedMedia\" itemscope itemtype=\"http:\/\/schema.org\/ImageObject\"> <a href=\"https:\/\/i0.wp.com\/mincomercionacional.gob.ve\/wp-content\/uploads\/2025\/04\/4900224090787392938.jpg?ssl=1\" border=\"0\" itemprop=\"url\"> <meta itemprop=\"width\" content=\"120\"> <meta itemprop=\"height\" content=\"80\"> <img decoding=\"async\" class=\"\" data-attachment-id=\"23368\" data-orig-file=\"https:\/\/mincomercionacional.gob.ve\/wp-content\/uploads\/2025\/04\/4900224090787392938.jpg\" data-orig-size=\"1280,855\" data-comments-opened=\"\" data-image-meta=\"{&quot;aperture&quot;:&quot;0&quot;,&quot;credit&quot;:&quot;&quot;,&quot;camera&quot;:&quot;&quot;,&quot;caption&quot;:&quot;&quot;,&quot;created_timestamp&quot;:&quot;0&quot;,&quot;copyright&quot;:&quot;&quot;,&quot;focal_length&quot;:&quot;0&quot;,&quot;iso&quot;:&quot;0&quot;,&quot;shutter_speed&quot;:&quot;0&quot;,&quot;title&quot;:&quot;&quot;,&quot;orientation&quot;:&quot;0&quot;}\" data-image-title=\"4900224090787392938\" data-image-description=\"\" data-medium-file=\"https:\/\/i0.wp.com\/mincomercionacional.gob.ve\/wp-content\/uploads\/2025\/04\/4900224090787392938.jpg?fit=300%2C200&#038;ssl=1\" data-large-file=\"https:\/\/i0.wp.com\/mincomercionacional.gob.ve\/wp-content\/uploads\/2025\/04\/4900224090787392938.jpg?fit=1024%2C684&#038;ssl=1\" src=\"https:\/\/i0.wp.com\/mincomercionacional.gob.ve\/wp-content\/uploads\/2025\/04\/4900224090787392938.jpg?w=120&#038;h=80&#038;ssl=1\" width=\"120\" height=\"80\" loading=\"lazy\" data-original-width=\"120\" data-original-height=\"80\" itemprop=\"http:\/\/schema.org\/image\" title=\"4900224090787392938\" alt=\"4900224090787392938\" style=\"width: 120px; height: 80px;\" \/> <\/a> <\/div> <div class=\"tiled-gallery-item tiled-gallery-item-small\" itemprop=\"associatedMedia\" itemscope itemtype=\"http:\/\/schema.org\/ImageObject\"> <a href=\"https:\/\/i0.wp.com\/mincomercionacional.gob.ve\/wp-content\/uploads\/2025\/04\/4900224090787392941.jpg?ssl=1\" border=\"0\" itemprop=\"url\"> <meta itemprop=\"width\" content=\"120\"> <meta itemprop=\"height\" content=\"80\"> <img decoding=\"async\" class=\"\" data-attachment-id=\"23369\" data-orig-file=\"https:\/\/mincomercionacional.gob.ve\/wp-content\/uploads\/2025\/04\/4900224090787392941.jpg\" data-orig-size=\"1280,855\" data-comments-opened=\"\" data-image-meta=\"{&quot;aperture&quot;:&quot;0&quot;,&quot;credit&quot;:&quot;&quot;,&quot;camera&quot;:&quot;&quot;,&quot;caption&quot;:&quot;&quot;,&quot;created_timestamp&quot;:&quot;0&quot;,&quot;copyright&quot;:&quot;&quot;,&quot;focal_length&quot;:&quot;0&quot;,&quot;iso&quot;:&quot;0&quot;,&quot;shutter_speed&quot;:&quot;0&quot;,&quot;title&quot;:&quot;&quot;,&quot;orientation&quot;:&quot;0&quot;}\" data-image-title=\"4900224090787392941\" data-image-description=\"\" data-medium-file=\"https:\/\/i0.wp.com\/mincomercionacional.gob.ve\/wp-content\/uploads\/2025\/04\/4900224090787392941.jpg?fit=300%2C200&#038;ssl=1\" data-large-file=\"https:\/\/i0.wp.com\/mincomercionacional.gob.ve\/wp-content\/uploads\/2025\/04\/4900224090787392941.jpg?fit=1024%2C684&#038;ssl=1\" src=\"https:\/\/i0.wp.com\/mincomercionacional.gob.ve\/wp-content\/uploads\/2025\/04\/4900224090787392941.jpg?w=120&#038;h=80&#038;ssl=1\" width=\"120\" height=\"80\" loading=\"lazy\" data-original-width=\"120\" data-original-height=\"80\" itemprop=\"http:\/\/schema.org\/image\" title=\"4900224090787392941\" alt=\"4900224090787392941\" style=\"width: 120px; height: 80px;\" \/> <\/a> <\/div> <\/div> <!-- close group --> <div class=\"gallery-group images-2\" style=\"width: 188px; height: 253px;\" data-original-width=\"188\" data-original-height=\"253\" > <div class=\"tiled-gallery-item tiled-gallery-item-small\" itemprop=\"associatedMedia\" itemscope itemtype=\"http:\/\/schema.org\/ImageObject\"> <a href=\"https:\/\/i0.wp.com\/mincomercionacional.gob.ve\/wp-content\/uploads\/2025\/04\/4900224090787392940.jpg?ssl=1\" border=\"0\" itemprop=\"url\"> <meta itemprop=\"width\" content=\"184\"> <meta itemprop=\"height\" content=\"123\"> <img decoding=\"async\" class=\"\" data-attachment-id=\"23370\" data-orig-file=\"https:\/\/mincomercionacional.gob.ve\/wp-content\/uploads\/2025\/04\/4900224090787392940.jpg\" data-orig-size=\"1280,855\" data-comments-opened=\"\" data-image-meta=\"{&quot;aperture&quot;:&quot;0&quot;,&quot;credit&quot;:&quot;&quot;,&quot;camera&quot;:&quot;&quot;,&quot;caption&quot;:&quot;&quot;,&quot;created_timestamp&quot;:&quot;0&quot;,&quot;copyright&quot;:&quot;&quot;,&quot;focal_length&quot;:&quot;0&quot;,&quot;iso&quot;:&quot;0&quot;,&quot;shutter_speed&quot;:&quot;0&quot;,&quot;title&quot;:&quot;&quot;,&quot;orientation&quot;:&quot;0&quot;}\" data-image-title=\"4900224090787392940\" data-image-description=\"\" data-medium-file=\"https:\/\/i0.wp.com\/mincomercionacional.gob.ve\/wp-content\/uploads\/2025\/04\/4900224090787392940.jpg?fit=300%2C200&#038;ssl=1\" data-large-file=\"https:\/\/i0.wp.com\/mincomercionacional.gob.ve\/wp-content\/uploads\/2025\/04\/4900224090787392940.jpg?fit=1024%2C684&#038;ssl=1\" src=\"https:\/\/i0.wp.com\/mincomercionacional.gob.ve\/wp-content\/uploads\/2025\/04\/4900224090787392940.jpg?w=184&#038;h=123&#038;ssl=1\" width=\"184\" height=\"123\" loading=\"lazy\" data-original-width=\"184\" data-original-height=\"123\" itemprop=\"http:\/\/schema.org\/image\" title=\"4900224090787392940\" alt=\"4900224090787392940\" style=\"width: 184px; height: 123px;\" \/> <\/a> <\/div> <div class=\"tiled-gallery-item tiled-gallery-item-small\" itemprop=\"associatedMedia\" itemscope itemtype=\"http:\/\/schema.org\/ImageObject\"> <a href=\"https:\/\/i0.wp.com\/mincomercionacional.gob.ve\/wp-content\/uploads\/2025\/04\/4900224090787392933.jpg?ssl=1\" border=\"0\" itemprop=\"url\"> <meta itemprop=\"width\" content=\"184\"> <meta itemprop=\"height\" content=\"122\"> <img decoding=\"async\" class=\"\" data-attachment-id=\"23371\" data-orig-file=\"https:\/\/mincomercionacional.gob.ve\/wp-content\/uploads\/2025\/04\/4900224090787392933.jpg\" data-orig-size=\"1280,855\" data-comments-opened=\"\" data-image-meta=\"{&quot;aperture&quot;:&quot;0&quot;,&quot;credit&quot;:&quot;&quot;,&quot;camera&quot;:&quot;&quot;,&quot;caption&quot;:&quot;&quot;,&quot;created_timestamp&quot;:&quot;0&quot;,&quot;copyright&quot;:&quot;&quot;,&quot;focal_length&quot;:&quot;0&quot;,&quot;iso&quot;:&quot;0&quot;,&quot;shutter_speed&quot;:&quot;0&quot;,&quot;title&quot;:&quot;&quot;,&quot;orientation&quot;:&quot;0&quot;}\" data-image-title=\"4900224090787392933\" data-image-description=\"\" data-medium-file=\"https:\/\/i0.wp.com\/mincomercionacional.gob.ve\/wp-content\/uploads\/2025\/04\/4900224090787392933.jpg?fit=300%2C200&#038;ssl=1\" data-large-file=\"https:\/\/i0.wp.com\/mincomercionacional.gob.ve\/wp-content\/uploads\/2025\/04\/4900224090787392933.jpg?fit=1024%2C684&#038;ssl=1\" src=\"https:\/\/i0.wp.com\/mincomercionacional.gob.ve\/wp-content\/uploads\/2025\/04\/4900224090787392933.jpg?w=184&#038;h=122&#038;ssl=1\" width=\"184\" height=\"122\" loading=\"lazy\" data-original-width=\"184\" data-original-height=\"122\" itemprop=\"http:\/\/schema.org\/image\" title=\"4900224090787392933\" alt=\"4900224090787392933\" style=\"width: 184px; height: 122px;\" \/> <\/a> <\/div> <\/div> <!-- close group --> <div class=\"gallery-group images-2\" style=\"width: 188px; height: 253px;\" data-original-width=\"188\" data-original-height=\"253\" > <div class=\"tiled-gallery-item tiled-gallery-item-small\" itemprop=\"associatedMedia\" itemscope itemtype=\"http:\/\/schema.org\/ImageObject\"> <a href=\"https:\/\/i0.wp.com\/mincomercionacional.gob.ve\/wp-content\/uploads\/2025\/04\/4900224090787392925.jpg?ssl=1\" border=\"0\" itemprop=\"url\"> <meta itemprop=\"width\" content=\"184\"> <meta itemprop=\"height\" content=\"123\"> <img decoding=\"async\" class=\"\" data-attachment-id=\"23372\" data-orig-file=\"https:\/\/mincomercionacional.gob.ve\/wp-content\/uploads\/2025\/04\/4900224090787392925.jpg\" data-orig-size=\"1280,855\" data-comments-opened=\"\" data-image-meta=\"{&quot;aperture&quot;:&quot;0&quot;,&quot;credit&quot;:&quot;&quot;,&quot;camera&quot;:&quot;&quot;,&quot;caption&quot;:&quot;&quot;,&quot;created_timestamp&quot;:&quot;0&quot;,&quot;copyright&quot;:&quot;&quot;,&quot;focal_length&quot;:&quot;0&quot;,&quot;iso&quot;:&quot;0&quot;,&quot;shutter_speed&quot;:&quot;0&quot;,&quot;title&quot;:&quot;&quot;,&quot;orientation&quot;:&quot;0&quot;}\" data-image-title=\"4900224090787392925\" data-image-description=\"\" data-medium-file=\"https:\/\/i0.wp.com\/mincomercionacional.gob.ve\/wp-content\/uploads\/2025\/04\/4900224090787392925.jpg?fit=300%2C200&#038;ssl=1\" data-large-file=\"https:\/\/i0.wp.com\/mincomercionacional.gob.ve\/wp-content\/uploads\/2025\/04\/4900224090787392925.jpg?fit=1024%2C684&#038;ssl=1\" src=\"https:\/\/i0.wp.com\/mincomercionacional.gob.ve\/wp-content\/uploads\/2025\/04\/4900224090787392925.jpg?w=184&#038;h=123&#038;ssl=1\" width=\"184\" height=\"123\" loading=\"lazy\" data-original-width=\"184\" data-original-height=\"123\" itemprop=\"http:\/\/schema.org\/image\" title=\"4900224090787392925\" alt=\"4900224090787392925\" style=\"width: 184px; height: 123px;\" \/> <\/a> <\/div> <div class=\"tiled-gallery-item tiled-gallery-item-small\" itemprop=\"associatedMedia\" itemscope itemtype=\"http:\/\/schema.org\/ImageObject\"> <a href=\"https:\/\/i0.wp.com\/mincomercionacional.gob.ve\/wp-content\/uploads\/2025\/04\/4900224090787392928.jpg?ssl=1\" border=\"0\" itemprop=\"url\"> <meta itemprop=\"width\" content=\"184\"> <meta itemprop=\"height\" content=\"122\"> <img decoding=\"async\" class=\"\" data-attachment-id=\"23373\" data-orig-file=\"https:\/\/mincomercionacional.gob.ve\/wp-content\/uploads\/2025\/04\/4900224090787392928.jpg\" data-orig-size=\"1280,855\" data-comments-opened=\"\" data-image-meta=\"{&quot;aperture&quot;:&quot;0&quot;,&quot;credit&quot;:&quot;&quot;,&quot;camera&quot;:&quot;&quot;,&quot;caption&quot;:&quot;&quot;,&quot;created_timestamp&quot;:&quot;0&quot;,&quot;copyright&quot;:&quot;&quot;,&quot;focal_length&quot;:&quot;0&quot;,&quot;iso&quot;:&quot;0&quot;,&quot;shutter_speed&quot;:&quot;0&quot;,&quot;title&quot;:&quot;&quot;,&quot;orientation&quot;:&quot;0&quot;}\" data-image-title=\"4900224090787392928\" data-image-description=\"\" data-medium-file=\"https:\/\/i0.wp.com\/mincomercionacional.gob.ve\/wp-content\/uploads\/2025\/04\/4900224090787392928.jpg?fit=300%2C200&#038;ssl=1\" data-large-file=\"https:\/\/i0.wp.com\/mincomercionacional.gob.ve\/wp-content\/uploads\/2025\/04\/4900224090787392928.jpg?fit=1024%2C684&#038;ssl=1\" src=\"https:\/\/i0.wp.com\/mincomercionacional.gob.ve\/wp-content\/uploads\/2025\/04\/4900224090787392928.jpg?w=184&#038;h=122&#038;ssl=1\" width=\"184\" height=\"122\" loading=\"lazy\" data-original-width=\"184\" data-original-height=\"122\" itemprop=\"http:\/\/schema.org\/image\" title=\"4900224090787392928\" alt=\"4900224090787392928\" style=\"width: 184px; height: 122px;\" \/> <\/a> <\/div> <\/div> <!-- close group --> <\/div> <!-- close row --> <\/div>\n<p>&nbsp;<\/p>\n","protected":false},"excerpt":{"rendered":"<p>En aras de fortalecer el desarrollo econ\u00f3mico de las comunidades, representantes del Ministerio del Poder Popular de Comercio Nacional efectuaron una asamblea informativa con bodegueros, bodegueras y coordinadores de las Bases de Misiones Socialistas en las parroquias Sucre y 23 de Enero, a fin de distribuir nuevos alimentos producidos de la unidad comunal \u00abDespostadero el &hellip;<\/p>\n","protected":false},"author":22,"featured_media":23366,"comment_status":"closed","ping_status":"open","sticky":false,"template":"","format":"standard","meta":{"footnotes":""},"categories":[1256,1],"tags":[2322,2321,1302,61,34,307],"class_list":["post-23364","post","type-post","status-publish","format-standard","has-post-thumbnail","hentry","category-comercio-nacional","category-prensa","tag-bodega","tag-colaboracion","tag-comunidades","tag-economia","tag-ministerio-de-comercio-nacional","tag-pueblo"],"jetpack_featured_media_url":"https:\/\/i0.wp.com\/mincomercionacional.gob.ve\/wp-content\/uploads\/2025\/04\/4900224090787392934.jpg?fit=1280%2C855&ssl=1","jetpack_shortlink":"https:\/\/wp.me\/pbvjg9-64Q","_links":{"self":[{"href":"https:\/\/mincomercionacional.gob.ve\/index.php?rest_route=\/wp\/v2\/posts\/23364","targetHints":{"allow":["GET"]}}],"collection":[{"href":"https:\/\/mincomercionacional.gob.ve\/index.php?rest_route=\/wp\/v2\/posts"}],"about":[{"href":"https:\/\/mincomercionacional.gob.ve\/index.php?rest_route=\/wp\/v2\/types\/post"}],"author":[{"embeddable":true,"href":"https:\/\/mincomercionacional.gob.ve\/index.php?rest_route=\/wp\/v2\/users\/22"}],"replies":[{"embeddable":true,"href":"https:\/\/mincomercionacional.gob.ve\/index.php?rest_route=%2Fwp%2Fv2%2Fcomments&post=23364"}],"version-history":[{"count":6,"href":"https:\/\/mincomercionacional.gob.ve\/index.php?rest_route=\/wp\/v2\/posts\/23364\/revisions"}],"predecessor-version":[{"id":23378,"href":"https:\/\/mincomercionacional.gob.ve\/index.php?rest_route=\/wp\/v2\/posts\/23364\/revisions\/23378"}],"wp:featuredmedia":[{"embeddable":true,"href":"https:\/\/mincomercionacional.gob.ve\/index.php?rest_route=\/wp\/v2\/media\/23366"}],"wp:attachment":[{"href":"https:\/\/mincomercionacional.gob.ve\/index.php?rest_route=%2Fwp%2Fv2%2Fmedia&parent=23364"}],"wp:term":[{"taxonomy":"category","embeddable":true,"href":"https:\/\/mincomercionacional.gob.ve\/index.php?rest_route=%2Fwp%2Fv2%2Fcategories&post=23364"},{"taxonomy":"post_tag","embeddable":true,"href":"https:\/\/mincomercionacional.gob.ve\/index.php?rest_route=%2Fwp%2Fv2%2Ftags&post=23364"}],"curies":[{"name":"wp","href":"https:\/\/api.w.org\/{rel}","templated":true}]}}