{"id":23339,"date":"2025-04-11T10:41:05","date_gmt":"2025-04-11T14:41:05","guid":{"rendered":"https:\/\/mincomercionacional.gob.ve\/?p=23339"},"modified":"2025-04-11T12:27:36","modified_gmt":"2025-04-11T16:27:36","slug":"sistema-de-gobierno-comunal-y-popular-ha-sido-instalado-en-80","status":"publish","type":"post","link":"https:\/\/mincomercionacional.gob.ve\/?p=23339","title":{"rendered":"Sistema de Gobierno Comunal y Popular suma 80 % de instalaci\u00f3n en el pa\u00eds"},"content":{"rendered":"<p style=\"text-align: justify;\">Cerca del 80 % de Salas de Autogobierno Popular se encuentran instaladas a escala nacional, destac\u00f3 el presidente de la Rep\u00fablica Bolivariana de Venezuela, Nicol\u00e1s Maduro, desde la Comuna Guaicamacuto Bicentenario Lim\u00f3n Nuevo D\u00eda, ubicada en la carretera Caracas &#8211; La Guaira.<\/p>\n<p style=\"text-align: justify;\"><img data-recalc-dims=\"1\" loading=\"lazy\" decoding=\"async\" data-attachment-id=\"23341\" data-permalink=\"https:\/\/mincomercionacional.gob.ve\/?attachment_id=23341\" data-orig-file=\"https:\/\/i0.wp.com\/mincomercionacional.gob.ve\/wp-content\/uploads\/2025\/04\/04f207f4-2ad6-4c98-b078-5a20bf36a648-1-scaled-1.jpg?fit=2560%2C1707&amp;ssl=1\" data-orig-size=\"2560,1707\" data-comments-opened=\"0\" data-image-meta=\"{&quot;aperture&quot;:&quot;4&quot;,&quot;credit&quot;:&quot;WO&quot;,&quot;camera&quot;:&quot;Canon EOS 5D Mark III&quot;,&quot;caption&quot;:&quot;&quot;,&quot;created_timestamp&quot;:&quot;1744301281&quot;,&quot;copyright&quot;:&quot;&quot;,&quot;focal_length&quot;:&quot;200&quot;,&quot;iso&quot;:&quot;400&quot;,&quot;shutter_speed&quot;:&quot;0.0025&quot;,&quot;title&quot;:&quot;&quot;,&quot;orientation&quot;:&quot;0&quot;}\" data-image-title=\"04f207f4-2ad6-4c98-b078-5a20bf36a648-1-scaled\" data-image-description=\"\" data-image-caption=\"\" data-medium-file=\"https:\/\/i0.wp.com\/mincomercionacional.gob.ve\/wp-content\/uploads\/2025\/04\/04f207f4-2ad6-4c98-b078-5a20bf36a648-1-scaled-1.jpg?fit=300%2C200&amp;ssl=1\" data-large-file=\"https:\/\/i0.wp.com\/mincomercionacional.gob.ve\/wp-content\/uploads\/2025\/04\/04f207f4-2ad6-4c98-b078-5a20bf36a648-1-scaled-1.jpg?fit=1024%2C683&amp;ssl=1\" class=\" wp-image-23341 alignleft\" src=\"https:\/\/i0.wp.com\/mincomercionacional.gob.ve\/wp-content\/uploads\/2025\/04\/04f207f4-2ad6-4c98-b078-5a20bf36a648-1-scaled-1.jpg?resize=414%2C276&#038;ssl=1\" alt=\"\" width=\"414\" height=\"276\" \/>\u00abMuy pronto vamos a tener el 100 % al pa\u00eds conectado con equipos de trabajo\u00bb, como parte del Plan de las 7 Transformaciones 2025-2031, \u00abeste es el camino Bol\u00edvar \u2013 Ch\u00e1vez y Maduro y del pueblo, es un proceso hist\u00f3rico y tenemos las ideas claras\u00bb, expres\u00f3 el mandatario venezolano.<\/p>\n<p style=\"text-align: justify;\">Destac\u00f3 que tiene que ser el plan m\u00e1s completo, al sostener que ya ha sido el m\u00e1s consultado, toda vez que cuatro millones de venezolanos participaron proponiendo y debatiendo temas alusivos a este proyecto.<\/p>\n<p style=\"text-align: justify;\">Subray\u00f3 que los 5 358 Circuitos Comunales deben tener este plan en las universidades, estudi\u00e1ndolo, comprendi\u00e9ndolo y ampli\u00e1ndolo en la pr\u00e1ctica.<\/p>\n<p style=\"text-align: justify;\">En esa l\u00ednea, se\u00f1al\u00f3 que el pueblo debe ir a votar por sus proyectos en 5 358 Circuitos Comunales, rumbo a las 6 mil Comunas, y que \u00abpara eso es muy importante la calidad, la formaci\u00f3n, profesionalizar toda la labor, mejorar los equipos de trabajo y consolidar las Salas de Autogobierno Popular\u00bb.<\/p>\n<p><strong>Fuente: Prensa Presidencial\u00a0<\/strong><\/p>\n","protected":false},"excerpt":{"rendered":"<p>Cerca del 80 % de Salas de Autogobierno Popular se encuentran instaladas a escala nacional, destac\u00f3 el presidente de la Rep\u00fablica Bolivariana de Venezuela, Nicol\u00e1s Maduro, desde la Comuna Guaicamacuto Bicentenario Lim\u00f3n Nuevo D\u00eda, ubicada en la carretera Caracas &#8211; La Guaira. \u00abMuy pronto vamos a tener el 100 % al pa\u00eds conectado con equipos &hellip;<\/p>\n","protected":false},"author":21,"featured_media":23340,"comment_status":"closed","ping_status":"open","sticky":false,"template":"","format":"standard","meta":{"footnotes":""},"categories":[1,1253],"tags":[1994,2258,49,2315,2314],"class_list":["post-23339","post","type-post","status-publish","format-standard","has-post-thumbnail","hentry","category-prensa","category-prensa-presidencial","tag-circuitos-comunales","tag-gobierno-comunal","tag-nicolas-maduro","tag-popular","tag-sistema-de-gobierno-comunal-y-popular"],"jetpack_featured_media_url":"https:\/\/i0.wp.com\/mincomercionacional.gob.ve\/wp-content\/uploads\/2025\/04\/cbd4a3c4-e60a-45d4-9f18-22a189203678-2048x1365-1.jpg?fit=2048%2C1365&ssl=1","jetpack_shortlink":"https:\/\/wp.me\/pbvjg9-64r","_links":{"self":[{"href":"https:\/\/mincomercionacional.gob.ve\/index.php?rest_route=\/wp\/v2\/posts\/23339","targetHints":{"allow":["GET"]}}],"collection":[{"href":"https:\/\/mincomercionacional.gob.ve\/index.php?rest_route=\/wp\/v2\/posts"}],"about":[{"href":"https:\/\/mincomercionacional.gob.ve\/index.php?rest_route=\/wp\/v2\/types\/post"}],"author":[{"embeddable":true,"href":"https:\/\/mincomercionacional.gob.ve\/index.php?rest_route=\/wp\/v2\/users\/21"}],"replies":[{"embeddable":true,"href":"https:\/\/mincomercionacional.gob.ve\/index.php?rest_route=%2Fwp%2Fv2%2Fcomments&post=23339"}],"version-history":[{"count":3,"href":"https:\/\/mincomercionacional.gob.ve\/index.php?rest_route=\/wp\/v2\/posts\/23339\/revisions"}],"predecessor-version":[{"id":23344,"href":"https:\/\/mincomercionacional.gob.ve\/index.php?rest_route=\/wp\/v2\/posts\/23339\/revisions\/23344"}],"wp:featuredmedia":[{"embeddable":true,"href":"https:\/\/mincomercionacional.gob.ve\/index.php?rest_route=\/wp\/v2\/media\/23340"}],"wp:attachment":[{"href":"https:\/\/mincomercionacional.gob.ve\/index.php?rest_route=%2Fwp%2Fv2%2Fmedia&parent=23339"}],"wp:term":[{"taxonomy":"category","embeddable":true,"href":"https:\/\/mincomercionacional.gob.ve\/index.php?rest_route=%2Fwp%2Fv2%2Fcategories&post=23339"},{"taxonomy":"post_tag","embeddable":true,"href":"https:\/\/mincomercionacional.gob.ve\/index.php?rest_route=%2Fwp%2Fv2%2Ftags&post=23339"}],"curies":[{"name":"wp","href":"https:\/\/api.w.org\/{rel}","templated":true}]}}