{"id":23325,"date":"2025-04-08T11:31:01","date_gmt":"2025-04-08T15:31:01","guid":{"rendered":"https:\/\/mincomercionacional.gob.ve\/?p=23325"},"modified":"2025-04-08T14:05:05","modified_gmt":"2025-04-08T18:05:05","slug":"gobierno-nacional-refuerza-estrategia-comercial-para-garantizar-el-bienestar-economico-del-pueblo","status":"publish","type":"post","link":"https:\/\/mincomercionacional.gob.ve\/?p=23325","title":{"rendered":"Gobierno nacional fortalece estrategias para garantizar el bienestar econ\u00f3mico del pueblo"},"content":{"rendered":"<p style=\"text-align: justify;\">La Vicepresidenta Ejecutiva de la Rep\u00fablica Bolivariana de Venezuela, Delcy Rodr\u00edguez, present\u00f3 al Presidente Nicol\u00e1s Maduro una propuesta para declarar la emergencia econ\u00f3mica a trav\u00e9s de un decreto que permita enfrentar la crisis comercial impuesta por parte del gobierno de Estados Unidos.<\/p>\n<p style=\"text-align: justify;\">Rodr\u00edguez expres\u00f3, durante la transmisi\u00f3n del programa \u201cCon Maduro+\u201d, en su edici\u00f3n n\u00famero 75, que la firma del decreto impulsar\u00e1 estrategias para fortalecer el aparato productivo nacional.<\/p>\n<p style=\"text-align: justify;\">\u201cCon esta medida, reafirmamos nuestro compromiso de enfrentar las sanciones internacionales y garantizar el bienestar econ\u00f3mico de la naci\u00f3n, para as\u00ed consolidar estrategias que permitan avanzar hacia el futuro m\u00e1s pr\u00f3spero\u201d, reafirm\u00f3 la Vicepresidenta Ejecutiva.<\/p>\n<p style=\"text-align: justify;\">Por su parte, el Jefe de Estado anunci\u00f3: \u00abeste 8 de abril, les ir\u00e9 explicando paso a paso este plan. Venezuela tiene un plan para defender su econom\u00eda tras las sanciones impuestas por Estados Unidos, enfrentaremos la guerra comercial del mundo, con ello vamos a proteger la econom\u00eda venezolana frente a los aranceles y la crisis econ\u00f3mica mundial\u00bb.<\/p>\n<p style=\"text-align: justify;\">El Presidente Maduro resalt\u00f3 la importancia de esta medida en un contexto de desaf\u00edos globales; por lo que el pa\u00eds est\u00e1 preparado para abordar las coyunturas derivadas de las sanciones internacionales. \u201cContamos con el Plan de las Siete Transformaciones (7T) y los 13 Motores Econ\u00f3micos, es fundamental para garantizar la estabilidad econ\u00f3mica y avanzar en el desarrollo nacional de nuestro pueblo\u201d mencion\u00f3.<\/p>\n","protected":false},"excerpt":{"rendered":"<p>La Vicepresidenta Ejecutiva de la Rep\u00fablica Bolivariana de Venezuela, Delcy Rodr\u00edguez, present\u00f3 al Presidente Nicol\u00e1s Maduro una propuesta para declarar la emergencia econ\u00f3mica a trav\u00e9s de un decreto que permita enfrentar la crisis comercial impuesta por parte del gobierno de Estados Unidos. Rodr\u00edguez expres\u00f3, durante la transmisi\u00f3n del programa \u201cCon Maduro+\u201d, en su edici\u00f3n n\u00famero &hellip;<\/p>\n","protected":false},"author":22,"featured_media":23326,"comment_status":"closed","ping_status":"open","sticky":false,"template":"","format":"standard","meta":{"footnotes":""},"categories":[1,1253],"tags":[2309,2308,768,2307,1412,1337,307],"class_list":["post-23325","post","type-post","status-publish","format-standard","has-post-thumbnail","hentry","category-prensa","category-prensa-presidencial","tag-crisis-comercial","tag-decreto","tag-delcy-rodriguez","tag-medida","tag-motores-economicos","tag-presidente-nicolas-maduro","tag-pueblo"],"jetpack_featured_media_url":"https:\/\/i0.wp.com\/mincomercionacional.gob.ve\/wp-content\/uploads\/2025\/04\/presidente.jpg?fit=914%2C599&ssl=1","jetpack_shortlink":"https:\/\/wp.me\/pbvjg9-64d","_links":{"self":[{"href":"https:\/\/mincomercionacional.gob.ve\/index.php?rest_route=\/wp\/v2\/posts\/23325","targetHints":{"allow":["GET"]}}],"collection":[{"href":"https:\/\/mincomercionacional.gob.ve\/index.php?rest_route=\/wp\/v2\/posts"}],"about":[{"href":"https:\/\/mincomercionacional.gob.ve\/index.php?rest_route=\/wp\/v2\/types\/post"}],"author":[{"embeddable":true,"href":"https:\/\/mincomercionacional.gob.ve\/index.php?rest_route=\/wp\/v2\/users\/22"}],"replies":[{"embeddable":true,"href":"https:\/\/mincomercionacional.gob.ve\/index.php?rest_route=%2Fwp%2Fv2%2Fcomments&post=23325"}],"version-history":[{"count":8,"href":"https:\/\/mincomercionacional.gob.ve\/index.php?rest_route=\/wp\/v2\/posts\/23325\/revisions"}],"predecessor-version":[{"id":23337,"href":"https:\/\/mincomercionacional.gob.ve\/index.php?rest_route=\/wp\/v2\/posts\/23325\/revisions\/23337"}],"wp:featuredmedia":[{"embeddable":true,"href":"https:\/\/mincomercionacional.gob.ve\/index.php?rest_route=\/wp\/v2\/media\/23326"}],"wp:attachment":[{"href":"https:\/\/mincomercionacional.gob.ve\/index.php?rest_route=%2Fwp%2Fv2%2Fmedia&parent=23325"}],"wp:term":[{"taxonomy":"category","embeddable":true,"href":"https:\/\/mincomercionacional.gob.ve\/index.php?rest_route=%2Fwp%2Fv2%2Fcategories&post=23325"},{"taxonomy":"post_tag","embeddable":true,"href":"https:\/\/mincomercionacional.gob.ve\/index.php?rest_route=%2Fwp%2Fv2%2Ftags&post=23325"}],"curies":[{"name":"wp","href":"https:\/\/api.w.org\/{rel}","templated":true}]}}