{"id":23290,"date":"2025-04-04T13:32:57","date_gmt":"2025-04-04T17:32:57","guid":{"rendered":"https:\/\/mincomercionacional.gob.ve\/?p=23290"},"modified":"2025-04-04T17:33:24","modified_gmt":"2025-04-04T21:33:24","slug":"comunas-de-miranda-disenan-mapas-economicos-estrategicos","status":"publish","type":"post","link":"https:\/\/mincomercionacional.gob.ve\/?p=23290","title":{"rendered":"Comunas de Miranda dise\u00f1an mapas econ\u00f3micos estrat\u00e9gicos"},"content":{"rendered":"<p style=\"text-align: justify;\">A fin de presentar los mapas econ\u00f3micos comunales como instrumentos de medici\u00f3n de las actividades productivas desde el territorio, el Ministro del Poder Popular Comercio Nacional, Luis Antonio Villegas, particip\u00f3 junto al gobernador de Miranda, Elio Serrano, en una asamblea con diversas comunidades del municipio Ambrosio Plaza en Guarenas.<\/p>\n<p style=\"text-align: justify;\">\u00abNos desplegamos en este municipio, para hacer un recorrido junto al gobernador, su alcalde y todo el equipo de voceros de los 24 circuitos comunales del municipio Ambrosio Plaza para apreciar las diversas experiencias productivas en diversas \u00e1reas para impulsar la producci\u00f3n nacional y diversificar la econom\u00eda desde lo local. Hicimos una asamblea en el marco de las 7T, profundizando en las pol\u00edticas del Presidente Nicol\u00e1s Maduro obedeciendo lo que el pueblo nos dice\u00bb, destac\u00f3 el Titular de Comercio Nacional Luis Antonio Villegas.<\/p>\n<p style=\"text-align: justify;\">Reiter\u00f3 que qued\u00f3 instalada una mesa de trabajo permanente con el fin de construir el mapa econ\u00f3mico de estas comunas \u00abdonde se bridar\u00e1 todo el apoyo y asesor\u00eda por parte del Ministerio de Comercio para\u00a0profundizar y hacer crecer las experiencias econ\u00f3micas que ayudan al crecimiento de la econom\u00eda del pa\u00eds. Estamos comunalizando nuestra instituci\u00f3n\u00bb.<\/p>\n<p style=\"text-align: justify;\">El espacio de encuentro permiti\u00f3 escuchar a los l\u00edderes y l\u00edderesas de los 24 circuitos comunales del municipio, quienes plantearon entre otros temas la creaci\u00f3n sistemas econ\u00f3micos, la Agenda Concreta de Acci\u00f3n (ACA), as\u00ed como la visibilizaci\u00f3n de la producci\u00f3n comunal a trav\u00e9s de la activaci\u00f3n de la Sala de Gobierno Comunal, la instalaci\u00f3n del Plan Bodega y Ferreter\u00edas Comunales que ayudar\u00e1n a impulsar la econom\u00eda local y el comercio en el territorio.<\/p>\n<div class=\"tiled-gallery type-rectangular tiled-gallery-unresized\" data-original-width=\"500\" data-carousel-extra='{&quot;blog_id&quot;:1,&quot;permalink&quot;:&quot;https:\\\/\\\/mincomercionacional.gob.ve\\\/?p=23290&quot;,&quot;likes_blog_id&quot;:170001901}' itemscope itemtype=\"http:\/\/schema.org\/ImageGallery\" > <div class=\"gallery-row\" style=\"width: 500px; height: 519px;\" data-original-width=\"500\" data-original-height=\"519\" > <div class=\"gallery-group images-6\" style=\"width: 147px; height: 519px;\" data-original-width=\"147\" data-original-height=\"519\" > <div class=\"tiled-gallery-item tiled-gallery-item-small\" itemprop=\"associatedMedia\" itemscope itemtype=\"http:\/\/schema.org\/ImageObject\"> <a href=\"https:\/\/i0.wp.com\/mincomercionacional.gob.ve\/wp-content\/uploads\/2025\/04\/photo_2025-04-03_16-01-49.jpg?ssl=1\" border=\"0\" itemprop=\"url\"> <meta itemprop=\"width\" content=\"143\"> <meta itemprop=\"height\" content=\"77\"> <img decoding=\"async\" class=\"\" data-attachment-id=\"23291\" data-orig-file=\"https:\/\/mincomercionacional.gob.ve\/wp-content\/uploads\/2025\/04\/photo_2025-04-03_16-01-49.jpg\" data-orig-size=\"1280,693\" data-comments-opened=\"\" data-image-meta=\"{&quot;aperture&quot;:&quot;0&quot;,&quot;credit&quot;:&quot;&quot;,&quot;camera&quot;:&quot;&quot;,&quot;caption&quot;:&quot;&quot;,&quot;created_timestamp&quot;:&quot;0&quot;,&quot;copyright&quot;:&quot;&quot;,&quot;focal_length&quot;:&quot;0&quot;,&quot;iso&quot;:&quot;0&quot;,&quot;shutter_speed&quot;:&quot;0&quot;,&quot;title&quot;:&quot;&quot;,&quot;orientation&quot;:&quot;0&quot;}\" data-image-title=\"photo_2025-04-03_16-01-49\" data-image-description=\"\" data-medium-file=\"https:\/\/i0.wp.com\/mincomercionacional.gob.ve\/wp-content\/uploads\/2025\/04\/photo_2025-04-03_16-01-49.jpg?fit=300%2C162&#038;ssl=1\" data-large-file=\"https:\/\/i0.wp.com\/mincomercionacional.gob.ve\/wp-content\/uploads\/2025\/04\/photo_2025-04-03_16-01-49.jpg?fit=1024%2C554&#038;ssl=1\" src=\"https:\/\/i0.wp.com\/mincomercionacional.gob.ve\/wp-content\/uploads\/2025\/04\/photo_2025-04-03_16-01-49.jpg?w=143&#038;h=77&#038;ssl=1\" width=\"143\" height=\"77\" loading=\"lazy\" data-original-width=\"143\" data-original-height=\"77\" itemprop=\"http:\/\/schema.org\/image\" title=\"photo_2025-04-03_16-01-49\" alt=\"photo_2025-04-03_16-01-49\" style=\"width: 143px; height: 77px;\" \/> <\/a> <\/div> <div class=\"tiled-gallery-item tiled-gallery-item-small\" itemprop=\"associatedMedia\" itemscope itemtype=\"http:\/\/schema.org\/ImageObject\"> <a href=\"https:\/\/i0.wp.com\/mincomercionacional.gob.ve\/wp-content\/uploads\/2025\/04\/photo_2025-04-03_16-01-52.jpg?ssl=1\" border=\"0\" itemprop=\"url\"> <meta itemprop=\"width\" content=\"143\"> <meta itemprop=\"height\" content=\"91\"> <img decoding=\"async\" class=\"\" data-attachment-id=\"23292\" data-orig-file=\"https:\/\/mincomercionacional.gob.ve\/wp-content\/uploads\/2025\/04\/photo_2025-04-03_16-01-52.jpg\" data-orig-size=\"1280,818\" data-comments-opened=\"\" data-image-meta=\"{&quot;aperture&quot;:&quot;0&quot;,&quot;credit&quot;:&quot;&quot;,&quot;camera&quot;:&quot;&quot;,&quot;caption&quot;:&quot;&quot;,&quot;created_timestamp&quot;:&quot;0&quot;,&quot;copyright&quot;:&quot;&quot;,&quot;focal_length&quot;:&quot;0&quot;,&quot;iso&quot;:&quot;0&quot;,&quot;shutter_speed&quot;:&quot;0&quot;,&quot;title&quot;:&quot;&quot;,&quot;orientation&quot;:&quot;0&quot;}\" data-image-title=\"photo_2025-04-03_16-01-52\" data-image-description=\"\" data-medium-file=\"https:\/\/i0.wp.com\/mincomercionacional.gob.ve\/wp-content\/uploads\/2025\/04\/photo_2025-04-03_16-01-52.jpg?fit=300%2C192&#038;ssl=1\" data-large-file=\"https:\/\/i0.wp.com\/mincomercionacional.gob.ve\/wp-content\/uploads\/2025\/04\/photo_2025-04-03_16-01-52.jpg?fit=1024%2C654&#038;ssl=1\" src=\"https:\/\/i0.wp.com\/mincomercionacional.gob.ve\/wp-content\/uploads\/2025\/04\/photo_2025-04-03_16-01-52.jpg?w=143&#038;h=91&#038;ssl=1\" width=\"143\" height=\"91\" loading=\"lazy\" data-original-width=\"143\" data-original-height=\"91\" itemprop=\"http:\/\/schema.org\/image\" title=\"photo_2025-04-03_16-01-52\" alt=\"photo_2025-04-03_16-01-52\" style=\"width: 143px; height: 91px;\" \/> <\/a> <\/div> <div class=\"tiled-gallery-item tiled-gallery-item-small\" itemprop=\"associatedMedia\" itemscope itemtype=\"http:\/\/schema.org\/ImageObject\"> <a href=\"https:\/\/i0.wp.com\/mincomercionacional.gob.ve\/wp-content\/uploads\/2025\/04\/photo_2025-04-03_16-01-56.jpg?ssl=1\" border=\"0\" itemprop=\"url\"> <meta itemprop=\"width\" content=\"143\"> <meta itemprop=\"height\" content=\"90\"> <img decoding=\"async\" class=\"\" data-attachment-id=\"23293\" data-orig-file=\"https:\/\/mincomercionacional.gob.ve\/wp-content\/uploads\/2025\/04\/photo_2025-04-03_16-01-56.jpg\" data-orig-size=\"1280,808\" data-comments-opened=\"\" data-image-meta=\"{&quot;aperture&quot;:&quot;0&quot;,&quot;credit&quot;:&quot;&quot;,&quot;camera&quot;:&quot;&quot;,&quot;caption&quot;:&quot;&quot;,&quot;created_timestamp&quot;:&quot;0&quot;,&quot;copyright&quot;:&quot;&quot;,&quot;focal_length&quot;:&quot;0&quot;,&quot;iso&quot;:&quot;0&quot;,&quot;shutter_speed&quot;:&quot;0&quot;,&quot;title&quot;:&quot;&quot;,&quot;orientation&quot;:&quot;0&quot;}\" data-image-title=\"photo_2025-04-03_16-01-56\" data-image-description=\"\" data-medium-file=\"https:\/\/i0.wp.com\/mincomercionacional.gob.ve\/wp-content\/uploads\/2025\/04\/photo_2025-04-03_16-01-56.jpg?fit=300%2C189&#038;ssl=1\" data-large-file=\"https:\/\/i0.wp.com\/mincomercionacional.gob.ve\/wp-content\/uploads\/2025\/04\/photo_2025-04-03_16-01-56.jpg?fit=1024%2C646&#038;ssl=1\" src=\"https:\/\/i0.wp.com\/mincomercionacional.gob.ve\/wp-content\/uploads\/2025\/04\/photo_2025-04-03_16-01-56.jpg?w=143&#038;h=90&#038;ssl=1\" width=\"143\" height=\"90\" loading=\"lazy\" data-original-width=\"143\" data-original-height=\"90\" itemprop=\"http:\/\/schema.org\/image\" title=\"photo_2025-04-03_16-01-56\" alt=\"photo_2025-04-03_16-01-56\" style=\"width: 143px; height: 90px;\" \/> <\/a> <\/div> <div class=\"tiled-gallery-item tiled-gallery-item-small\" itemprop=\"associatedMedia\" itemscope itemtype=\"http:\/\/schema.org\/ImageObject\"> <a href=\"https:\/\/i0.wp.com\/mincomercionacional.gob.ve\/wp-content\/uploads\/2025\/04\/photo_2025-04-03_16-01-58.jpg?ssl=1\" border=\"0\" itemprop=\"url\"> <meta itemprop=\"width\" content=\"143\"> <meta itemprop=\"height\" content=\"81\"> <img decoding=\"async\" class=\"\" data-attachment-id=\"23294\" data-orig-file=\"https:\/\/mincomercionacional.gob.ve\/wp-content\/uploads\/2025\/04\/photo_2025-04-03_16-01-58.jpg\" data-orig-size=\"1280,728\" data-comments-opened=\"\" data-image-meta=\"{&quot;aperture&quot;:&quot;0&quot;,&quot;credit&quot;:&quot;&quot;,&quot;camera&quot;:&quot;&quot;,&quot;caption&quot;:&quot;&quot;,&quot;created_timestamp&quot;:&quot;0&quot;,&quot;copyright&quot;:&quot;&quot;,&quot;focal_length&quot;:&quot;0&quot;,&quot;iso&quot;:&quot;0&quot;,&quot;shutter_speed&quot;:&quot;0&quot;,&quot;title&quot;:&quot;&quot;,&quot;orientation&quot;:&quot;0&quot;}\" data-image-title=\"photo_2025-04-03_16-01-58\" data-image-description=\"\" data-medium-file=\"https:\/\/i0.wp.com\/mincomercionacional.gob.ve\/wp-content\/uploads\/2025\/04\/photo_2025-04-03_16-01-58.jpg?fit=300%2C171&#038;ssl=1\" data-large-file=\"https:\/\/i0.wp.com\/mincomercionacional.gob.ve\/wp-content\/uploads\/2025\/04\/photo_2025-04-03_16-01-58.jpg?fit=1024%2C582&#038;ssl=1\" src=\"https:\/\/i0.wp.com\/mincomercionacional.gob.ve\/wp-content\/uploads\/2025\/04\/photo_2025-04-03_16-01-58.jpg?w=143&#038;h=81&#038;ssl=1\" width=\"143\" height=\"81\" loading=\"lazy\" data-original-width=\"143\" data-original-height=\"81\" itemprop=\"http:\/\/schema.org\/image\" title=\"photo_2025-04-03_16-01-58\" alt=\"photo_2025-04-03_16-01-58\" style=\"width: 143px; height: 81px;\" \/> <\/a> <\/div> <div class=\"tiled-gallery-item tiled-gallery-item-small\" itemprop=\"associatedMedia\" itemscope itemtype=\"http:\/\/schema.org\/ImageObject\"> <a href=\"https:\/\/i0.wp.com\/mincomercionacional.gob.ve\/wp-content\/uploads\/2025\/04\/photo_2025-04-03_16-02-03.jpg?ssl=1\" border=\"0\" itemprop=\"url\"> <meta itemprop=\"width\" content=\"143\"> <meta itemprop=\"height\" content=\"82\"> <img decoding=\"async\" class=\"\" data-attachment-id=\"23295\" data-orig-file=\"https:\/\/mincomercionacional.gob.ve\/wp-content\/uploads\/2025\/04\/photo_2025-04-03_16-02-03.jpg\" data-orig-size=\"1280,734\" data-comments-opened=\"\" data-image-meta=\"{&quot;aperture&quot;:&quot;0&quot;,&quot;credit&quot;:&quot;&quot;,&quot;camera&quot;:&quot;&quot;,&quot;caption&quot;:&quot;&quot;,&quot;created_timestamp&quot;:&quot;0&quot;,&quot;copyright&quot;:&quot;&quot;,&quot;focal_length&quot;:&quot;0&quot;,&quot;iso&quot;:&quot;0&quot;,&quot;shutter_speed&quot;:&quot;0&quot;,&quot;title&quot;:&quot;&quot;,&quot;orientation&quot;:&quot;0&quot;}\" data-image-title=\"photo_2025-04-03_16-02-03\" data-image-description=\"\" data-medium-file=\"https:\/\/i0.wp.com\/mincomercionacional.gob.ve\/wp-content\/uploads\/2025\/04\/photo_2025-04-03_16-02-03.jpg?fit=300%2C172&#038;ssl=1\" data-large-file=\"https:\/\/i0.wp.com\/mincomercionacional.gob.ve\/wp-content\/uploads\/2025\/04\/photo_2025-04-03_16-02-03.jpg?fit=1024%2C587&#038;ssl=1\" src=\"https:\/\/i0.wp.com\/mincomercionacional.gob.ve\/wp-content\/uploads\/2025\/04\/photo_2025-04-03_16-02-03.jpg?w=143&#038;h=82&#038;ssl=1\" width=\"143\" height=\"82\" loading=\"lazy\" data-original-width=\"143\" data-original-height=\"82\" itemprop=\"http:\/\/schema.org\/image\" title=\"photo_2025-04-03_16-02-03\" alt=\"photo_2025-04-03_16-02-03\" style=\"width: 143px; height: 82px;\" \/> <\/a> <\/div> <div class=\"tiled-gallery-item tiled-gallery-item-small\" itemprop=\"associatedMedia\" itemscope itemtype=\"http:\/\/schema.org\/ImageObject\"> <a href=\"https:\/\/i0.wp.com\/mincomercionacional.gob.ve\/wp-content\/uploads\/2025\/04\/photo_2025-04-03_16-02-10.jpg?ssl=1\" border=\"0\" itemprop=\"url\"> <meta itemprop=\"width\" content=\"143\"> <meta itemprop=\"height\" content=\"74\"> <img decoding=\"async\" class=\"\" data-attachment-id=\"23296\" data-orig-file=\"https:\/\/mincomercionacional.gob.ve\/wp-content\/uploads\/2025\/04\/photo_2025-04-03_16-02-10.jpg\" data-orig-size=\"1280,658\" data-comments-opened=\"\" data-image-meta=\"{&quot;aperture&quot;:&quot;0&quot;,&quot;credit&quot;:&quot;&quot;,&quot;camera&quot;:&quot;&quot;,&quot;caption&quot;:&quot;&quot;,&quot;created_timestamp&quot;:&quot;0&quot;,&quot;copyright&quot;:&quot;&quot;,&quot;focal_length&quot;:&quot;0&quot;,&quot;iso&quot;:&quot;0&quot;,&quot;shutter_speed&quot;:&quot;0&quot;,&quot;title&quot;:&quot;&quot;,&quot;orientation&quot;:&quot;0&quot;}\" data-image-title=\"photo_2025-04-03_16-02-10\" data-image-description=\"\" data-medium-file=\"https:\/\/i0.wp.com\/mincomercionacional.gob.ve\/wp-content\/uploads\/2025\/04\/photo_2025-04-03_16-02-10.jpg?fit=300%2C154&#038;ssl=1\" data-large-file=\"https:\/\/i0.wp.com\/mincomercionacional.gob.ve\/wp-content\/uploads\/2025\/04\/photo_2025-04-03_16-02-10.jpg?fit=1024%2C526&#038;ssl=1\" src=\"https:\/\/i0.wp.com\/mincomercionacional.gob.ve\/wp-content\/uploads\/2025\/04\/photo_2025-04-03_16-02-10.jpg?w=143&#038;h=74&#038;ssl=1\" width=\"143\" height=\"74\" loading=\"lazy\" data-original-width=\"143\" data-original-height=\"74\" itemprop=\"http:\/\/schema.org\/image\" title=\"photo_2025-04-03_16-02-10\" alt=\"photo_2025-04-03_16-02-10\" style=\"width: 143px; height: 74px;\" \/> <\/a> <\/div> <\/div> <!-- close group --> <div class=\"gallery-group images-6\" style=\"width: 148px; height: 519px;\" data-original-width=\"148\" data-original-height=\"519\" > <div class=\"tiled-gallery-item tiled-gallery-item-small\" itemprop=\"associatedMedia\" itemscope itemtype=\"http:\/\/schema.org\/ImageObject\"> <a href=\"https:\/\/i0.wp.com\/mincomercionacional.gob.ve\/wp-content\/uploads\/2025\/04\/photo_2025-04-03_16-02-14.jpg?ssl=1\" border=\"0\" itemprop=\"url\"> <meta itemprop=\"width\" content=\"144\"> <meta itemprop=\"height\" content=\"83\"> <img decoding=\"async\" class=\"\" data-attachment-id=\"23297\" data-orig-file=\"https:\/\/mincomercionacional.gob.ve\/wp-content\/uploads\/2025\/04\/photo_2025-04-03_16-02-14.jpg\" data-orig-size=\"1280,734\" data-comments-opened=\"\" data-image-meta=\"{&quot;aperture&quot;:&quot;0&quot;,&quot;credit&quot;:&quot;&quot;,&quot;camera&quot;:&quot;&quot;,&quot;caption&quot;:&quot;&quot;,&quot;created_timestamp&quot;:&quot;0&quot;,&quot;copyright&quot;:&quot;&quot;,&quot;focal_length&quot;:&quot;0&quot;,&quot;iso&quot;:&quot;0&quot;,&quot;shutter_speed&quot;:&quot;0&quot;,&quot;title&quot;:&quot;&quot;,&quot;orientation&quot;:&quot;0&quot;}\" data-image-title=\"photo_2025-04-03_16-02-14\" data-image-description=\"\" data-medium-file=\"https:\/\/i0.wp.com\/mincomercionacional.gob.ve\/wp-content\/uploads\/2025\/04\/photo_2025-04-03_16-02-14.jpg?fit=300%2C172&#038;ssl=1\" data-large-file=\"https:\/\/i0.wp.com\/mincomercionacional.gob.ve\/wp-content\/uploads\/2025\/04\/photo_2025-04-03_16-02-14.jpg?fit=1024%2C587&#038;ssl=1\" src=\"https:\/\/i0.wp.com\/mincomercionacional.gob.ve\/wp-content\/uploads\/2025\/04\/photo_2025-04-03_16-02-14.jpg?w=144&#038;h=83&#038;ssl=1\" width=\"144\" height=\"83\" loading=\"lazy\" data-original-width=\"144\" data-original-height=\"83\" itemprop=\"http:\/\/schema.org\/image\" title=\"photo_2025-04-03_16-02-14\" alt=\"photo_2025-04-03_16-02-14\" style=\"width: 144px; height: 83px;\" \/> <\/a> <\/div> <div class=\"tiled-gallery-item tiled-gallery-item-small\" itemprop=\"associatedMedia\" itemscope itemtype=\"http:\/\/schema.org\/ImageObject\"> <a href=\"https:\/\/i0.wp.com\/mincomercionacional.gob.ve\/wp-content\/uploads\/2025\/04\/photo_2025-04-03_16-02-17.jpg?ssl=1\" border=\"0\" itemprop=\"url\"> <meta itemprop=\"width\" content=\"144\"> <meta itemprop=\"height\" content=\"81\"> <img decoding=\"async\" class=\"\" data-attachment-id=\"23298\" data-orig-file=\"https:\/\/mincomercionacional.gob.ve\/wp-content\/uploads\/2025\/04\/photo_2025-04-03_16-02-17.jpg\" data-orig-size=\"1280,722\" data-comments-opened=\"\" data-image-meta=\"{&quot;aperture&quot;:&quot;0&quot;,&quot;credit&quot;:&quot;&quot;,&quot;camera&quot;:&quot;&quot;,&quot;caption&quot;:&quot;&quot;,&quot;created_timestamp&quot;:&quot;0&quot;,&quot;copyright&quot;:&quot;&quot;,&quot;focal_length&quot;:&quot;0&quot;,&quot;iso&quot;:&quot;0&quot;,&quot;shutter_speed&quot;:&quot;0&quot;,&quot;title&quot;:&quot;&quot;,&quot;orientation&quot;:&quot;0&quot;}\" data-image-title=\"photo_2025-04-03_16-02-17\" data-image-description=\"\" data-medium-file=\"https:\/\/i0.wp.com\/mincomercionacional.gob.ve\/wp-content\/uploads\/2025\/04\/photo_2025-04-03_16-02-17.jpg?fit=300%2C169&#038;ssl=1\" data-large-file=\"https:\/\/i0.wp.com\/mincomercionacional.gob.ve\/wp-content\/uploads\/2025\/04\/photo_2025-04-03_16-02-17.jpg?fit=1024%2C578&#038;ssl=1\" src=\"https:\/\/i0.wp.com\/mincomercionacional.gob.ve\/wp-content\/uploads\/2025\/04\/photo_2025-04-03_16-02-17.jpg?w=144&#038;h=81&#038;ssl=1\" width=\"144\" height=\"81\" loading=\"lazy\" data-original-width=\"144\" data-original-height=\"81\" itemprop=\"http:\/\/schema.org\/image\" title=\"photo_2025-04-03_16-02-17\" alt=\"photo_2025-04-03_16-02-17\" style=\"width: 144px; height: 81px;\" \/> <\/a> <\/div> <div class=\"tiled-gallery-item tiled-gallery-item-small\" itemprop=\"associatedMedia\" itemscope itemtype=\"http:\/\/schema.org\/ImageObject\"> <a href=\"https:\/\/i0.wp.com\/mincomercionacional.gob.ve\/wp-content\/uploads\/2025\/04\/photo_2025-04-03_16-02-22.jpg?ssl=1\" border=\"0\" itemprop=\"url\"> <meta itemprop=\"width\" content=\"144\"> <meta itemprop=\"height\" content=\"87\"> <img decoding=\"async\" class=\"\" data-attachment-id=\"23299\" data-orig-file=\"https:\/\/mincomercionacional.gob.ve\/wp-content\/uploads\/2025\/04\/photo_2025-04-03_16-02-22.jpg\" data-orig-size=\"1280,773\" data-comments-opened=\"\" data-image-meta=\"{&quot;aperture&quot;:&quot;0&quot;,&quot;credit&quot;:&quot;&quot;,&quot;camera&quot;:&quot;&quot;,&quot;caption&quot;:&quot;&quot;,&quot;created_timestamp&quot;:&quot;0&quot;,&quot;copyright&quot;:&quot;&quot;,&quot;focal_length&quot;:&quot;0&quot;,&quot;iso&quot;:&quot;0&quot;,&quot;shutter_speed&quot;:&quot;0&quot;,&quot;title&quot;:&quot;&quot;,&quot;orientation&quot;:&quot;0&quot;}\" data-image-title=\"photo_2025-04-03_16-02-22\" data-image-description=\"\" data-medium-file=\"https:\/\/i0.wp.com\/mincomercionacional.gob.ve\/wp-content\/uploads\/2025\/04\/photo_2025-04-03_16-02-22.jpg?fit=300%2C181&#038;ssl=1\" data-large-file=\"https:\/\/i0.wp.com\/mincomercionacional.gob.ve\/wp-content\/uploads\/2025\/04\/photo_2025-04-03_16-02-22.jpg?fit=1024%2C618&#038;ssl=1\" src=\"https:\/\/i0.wp.com\/mincomercionacional.gob.ve\/wp-content\/uploads\/2025\/04\/photo_2025-04-03_16-02-22.jpg?w=144&#038;h=87&#038;ssl=1\" width=\"144\" height=\"87\" loading=\"lazy\" data-original-width=\"144\" data-original-height=\"87\" itemprop=\"http:\/\/schema.org\/image\" title=\"photo_2025-04-03_16-02-22\" alt=\"photo_2025-04-03_16-02-22\" style=\"width: 144px; height: 87px;\" \/> <\/a> <\/div> <div class=\"tiled-gallery-item tiled-gallery-item-small\" itemprop=\"associatedMedia\" itemscope itemtype=\"http:\/\/schema.org\/ImageObject\"> <a href=\"https:\/\/i0.wp.com\/mincomercionacional.gob.ve\/wp-content\/uploads\/2025\/04\/photo_2025-04-03_16-02-26.jpg?ssl=1\" border=\"0\" itemprop=\"url\"> <meta itemprop=\"width\" content=\"144\"> <meta itemprop=\"height\" content=\"73\"> <img decoding=\"async\" class=\"\" data-attachment-id=\"23300\" data-orig-file=\"https:\/\/mincomercionacional.gob.ve\/wp-content\/uploads\/2025\/04\/photo_2025-04-03_16-02-26.jpg\" data-orig-size=\"1280,647\" data-comments-opened=\"\" data-image-meta=\"{&quot;aperture&quot;:&quot;0&quot;,&quot;credit&quot;:&quot;&quot;,&quot;camera&quot;:&quot;&quot;,&quot;caption&quot;:&quot;&quot;,&quot;created_timestamp&quot;:&quot;0&quot;,&quot;copyright&quot;:&quot;&quot;,&quot;focal_length&quot;:&quot;0&quot;,&quot;iso&quot;:&quot;0&quot;,&quot;shutter_speed&quot;:&quot;0&quot;,&quot;title&quot;:&quot;&quot;,&quot;orientation&quot;:&quot;0&quot;}\" data-image-title=\"photo_2025-04-03_16-02-26\" data-image-description=\"\" data-medium-file=\"https:\/\/i0.wp.com\/mincomercionacional.gob.ve\/wp-content\/uploads\/2025\/04\/photo_2025-04-03_16-02-26.jpg?fit=300%2C152&#038;ssl=1\" data-large-file=\"https:\/\/i0.wp.com\/mincomercionacional.gob.ve\/wp-content\/uploads\/2025\/04\/photo_2025-04-03_16-02-26.jpg?fit=1024%2C518&#038;ssl=1\" src=\"https:\/\/i0.wp.com\/mincomercionacional.gob.ve\/wp-content\/uploads\/2025\/04\/photo_2025-04-03_16-02-26.jpg?w=144&#038;h=73&#038;ssl=1\" width=\"144\" height=\"73\" loading=\"lazy\" data-original-width=\"144\" data-original-height=\"73\" itemprop=\"http:\/\/schema.org\/image\" title=\"photo_2025-04-03_16-02-26\" alt=\"photo_2025-04-03_16-02-26\" style=\"width: 144px; height: 73px;\" \/> <\/a> <\/div> <div class=\"tiled-gallery-item tiled-gallery-item-small\" itemprop=\"associatedMedia\" itemscope itemtype=\"http:\/\/schema.org\/ImageObject\"> <a href=\"https:\/\/i0.wp.com\/mincomercionacional.gob.ve\/wp-content\/uploads\/2025\/04\/photo_2025-04-03_16-02-29.jpg?ssl=1\" border=\"0\" itemprop=\"url\"> <meta itemprop=\"width\" content=\"144\"> <meta itemprop=\"height\" content=\"89\"> <img decoding=\"async\" class=\"\" data-attachment-id=\"23301\" data-orig-file=\"https:\/\/mincomercionacional.gob.ve\/wp-content\/uploads\/2025\/04\/photo_2025-04-03_16-02-29.jpg\" data-orig-size=\"1280,792\" data-comments-opened=\"\" data-image-meta=\"{&quot;aperture&quot;:&quot;0&quot;,&quot;credit&quot;:&quot;&quot;,&quot;camera&quot;:&quot;&quot;,&quot;caption&quot;:&quot;&quot;,&quot;created_timestamp&quot;:&quot;0&quot;,&quot;copyright&quot;:&quot;&quot;,&quot;focal_length&quot;:&quot;0&quot;,&quot;iso&quot;:&quot;0&quot;,&quot;shutter_speed&quot;:&quot;0&quot;,&quot;title&quot;:&quot;&quot;,&quot;orientation&quot;:&quot;0&quot;}\" data-image-title=\"photo_2025-04-03_16-02-29\" data-image-description=\"\" data-medium-file=\"https:\/\/i0.wp.com\/mincomercionacional.gob.ve\/wp-content\/uploads\/2025\/04\/photo_2025-04-03_16-02-29.jpg?fit=300%2C186&#038;ssl=1\" data-large-file=\"https:\/\/i0.wp.com\/mincomercionacional.gob.ve\/wp-content\/uploads\/2025\/04\/photo_2025-04-03_16-02-29.jpg?fit=1024%2C634&#038;ssl=1\" src=\"https:\/\/i0.wp.com\/mincomercionacional.gob.ve\/wp-content\/uploads\/2025\/04\/photo_2025-04-03_16-02-29.jpg?w=144&#038;h=89&#038;ssl=1\" width=\"144\" height=\"89\" loading=\"lazy\" data-original-width=\"144\" data-original-height=\"89\" itemprop=\"http:\/\/schema.org\/image\" title=\"photo_2025-04-03_16-02-29\" alt=\"photo_2025-04-03_16-02-29\" style=\"width: 144px; height: 89px;\" \/> <\/a> <\/div> <div class=\"tiled-gallery-item tiled-gallery-item-small\" itemprop=\"associatedMedia\" itemscope itemtype=\"http:\/\/schema.org\/ImageObject\"> <a href=\"https:\/\/i0.wp.com\/mincomercionacional.gob.ve\/wp-content\/uploads\/2025\/04\/photo_2025-04-03_16-02-34.jpg?ssl=1\" border=\"0\" itemprop=\"url\"> <meta itemprop=\"width\" content=\"144\"> <meta itemprop=\"height\" content=\"82\"> <img decoding=\"async\" class=\"\" data-attachment-id=\"23302\" data-orig-file=\"https:\/\/mincomercionacional.gob.ve\/wp-content\/uploads\/2025\/04\/photo_2025-04-03_16-02-34.jpg\" data-orig-size=\"1280,734\" data-comments-opened=\"\" data-image-meta=\"{&quot;aperture&quot;:&quot;0&quot;,&quot;credit&quot;:&quot;&quot;,&quot;camera&quot;:&quot;&quot;,&quot;caption&quot;:&quot;&quot;,&quot;created_timestamp&quot;:&quot;0&quot;,&quot;copyright&quot;:&quot;&quot;,&quot;focal_length&quot;:&quot;0&quot;,&quot;iso&quot;:&quot;0&quot;,&quot;shutter_speed&quot;:&quot;0&quot;,&quot;title&quot;:&quot;&quot;,&quot;orientation&quot;:&quot;0&quot;}\" data-image-title=\"photo_2025-04-03_16-02-34\" data-image-description=\"\" data-medium-file=\"https:\/\/i0.wp.com\/mincomercionacional.gob.ve\/wp-content\/uploads\/2025\/04\/photo_2025-04-03_16-02-34.jpg?fit=300%2C172&#038;ssl=1\" data-large-file=\"https:\/\/i0.wp.com\/mincomercionacional.gob.ve\/wp-content\/uploads\/2025\/04\/photo_2025-04-03_16-02-34.jpg?fit=1024%2C587&#038;ssl=1\" src=\"https:\/\/i0.wp.com\/mincomercionacional.gob.ve\/wp-content\/uploads\/2025\/04\/photo_2025-04-03_16-02-34.jpg?w=144&#038;h=82&#038;ssl=1\" width=\"144\" height=\"82\" loading=\"lazy\" data-original-width=\"144\" data-original-height=\"82\" itemprop=\"http:\/\/schema.org\/image\" title=\"photo_2025-04-03_16-02-34\" alt=\"photo_2025-04-03_16-02-34\" style=\"width: 144px; height: 82px;\" \/> <\/a> <\/div> <\/div> <!-- close group --> <div class=\"gallery-group images-5\" style=\"width: 205px; height: 519px;\" data-original-width=\"205\" data-original-height=\"519\" > <div class=\"tiled-gallery-item tiled-gallery-item-small\" itemprop=\"associatedMedia\" itemscope itemtype=\"http:\/\/schema.org\/ImageObject\"> <a href=\"https:\/\/i0.wp.com\/mincomercionacional.gob.ve\/wp-content\/uploads\/2025\/04\/photo_2025-04-03_16-02-39.jpg?ssl=1\" border=\"0\" itemprop=\"url\"> <meta itemprop=\"width\" content=\"201\"> <meta itemprop=\"height\" content=\"107\"> <img decoding=\"async\" class=\"\" data-attachment-id=\"23303\" data-orig-file=\"https:\/\/mincomercionacional.gob.ve\/wp-content\/uploads\/2025\/04\/photo_2025-04-03_16-02-39.jpg\" data-orig-size=\"1280,680\" data-comments-opened=\"\" data-image-meta=\"{&quot;aperture&quot;:&quot;0&quot;,&quot;credit&quot;:&quot;&quot;,&quot;camera&quot;:&quot;&quot;,&quot;caption&quot;:&quot;&quot;,&quot;created_timestamp&quot;:&quot;0&quot;,&quot;copyright&quot;:&quot;&quot;,&quot;focal_length&quot;:&quot;0&quot;,&quot;iso&quot;:&quot;0&quot;,&quot;shutter_speed&quot;:&quot;0&quot;,&quot;title&quot;:&quot;&quot;,&quot;orientation&quot;:&quot;0&quot;}\" data-image-title=\"photo_2025-04-03_16-02-39\" data-image-description=\"\" data-medium-file=\"https:\/\/i0.wp.com\/mincomercionacional.gob.ve\/wp-content\/uploads\/2025\/04\/photo_2025-04-03_16-02-39.jpg?fit=300%2C159&#038;ssl=1\" data-large-file=\"https:\/\/i0.wp.com\/mincomercionacional.gob.ve\/wp-content\/uploads\/2025\/04\/photo_2025-04-03_16-02-39.jpg?fit=1024%2C544&#038;ssl=1\" src=\"https:\/\/i0.wp.com\/mincomercionacional.gob.ve\/wp-content\/uploads\/2025\/04\/photo_2025-04-03_16-02-39.jpg?w=201&#038;h=107&#038;ssl=1\" width=\"201\" height=\"107\" loading=\"lazy\" data-original-width=\"201\" data-original-height=\"107\" itemprop=\"http:\/\/schema.org\/image\" title=\"photo_2025-04-03_16-02-39\" alt=\"photo_2025-04-03_16-02-39\" style=\"width: 201px; height: 107px;\" \/> <\/a> <\/div> <div class=\"tiled-gallery-item tiled-gallery-item-small\" itemprop=\"associatedMedia\" itemscope itemtype=\"http:\/\/schema.org\/ImageObject\"> <a href=\"https:\/\/i0.wp.com\/mincomercionacional.gob.ve\/wp-content\/uploads\/2025\/04\/photo_2025-04-03_16-02-42.jpg?ssl=1\" border=\"0\" itemprop=\"url\"> <meta itemprop=\"width\" content=\"201\"> <meta itemprop=\"height\" content=\"92\"> <img decoding=\"async\" class=\"\" data-attachment-id=\"23304\" data-orig-file=\"https:\/\/mincomercionacional.gob.ve\/wp-content\/uploads\/2025\/04\/photo_2025-04-03_16-02-42.jpg\" data-orig-size=\"1280,590\" data-comments-opened=\"\" data-image-meta=\"{&quot;aperture&quot;:&quot;0&quot;,&quot;credit&quot;:&quot;&quot;,&quot;camera&quot;:&quot;&quot;,&quot;caption&quot;:&quot;&quot;,&quot;created_timestamp&quot;:&quot;0&quot;,&quot;copyright&quot;:&quot;&quot;,&quot;focal_length&quot;:&quot;0&quot;,&quot;iso&quot;:&quot;0&quot;,&quot;shutter_speed&quot;:&quot;0&quot;,&quot;title&quot;:&quot;&quot;,&quot;orientation&quot;:&quot;0&quot;}\" data-image-title=\"photo_2025-04-03_16-02-42\" data-image-description=\"\" data-medium-file=\"https:\/\/i0.wp.com\/mincomercionacional.gob.ve\/wp-content\/uploads\/2025\/04\/photo_2025-04-03_16-02-42.jpg?fit=300%2C138&#038;ssl=1\" data-large-file=\"https:\/\/i0.wp.com\/mincomercionacional.gob.ve\/wp-content\/uploads\/2025\/04\/photo_2025-04-03_16-02-42.jpg?fit=1024%2C472&#038;ssl=1\" src=\"https:\/\/i0.wp.com\/mincomercionacional.gob.ve\/wp-content\/uploads\/2025\/04\/photo_2025-04-03_16-02-42.jpg?w=201&#038;h=92&#038;ssl=1\" width=\"201\" height=\"92\" loading=\"lazy\" data-original-width=\"201\" data-original-height=\"92\" itemprop=\"http:\/\/schema.org\/image\" title=\"photo_2025-04-03_16-02-42\" alt=\"photo_2025-04-03_16-02-42\" style=\"width: 201px; height: 92px;\" \/> <\/a> <\/div> <div class=\"tiled-gallery-item tiled-gallery-item-small\" itemprop=\"associatedMedia\" itemscope itemtype=\"http:\/\/schema.org\/ImageObject\"> <a href=\"https:\/\/i0.wp.com\/mincomercionacional.gob.ve\/wp-content\/uploads\/2025\/04\/photo_2025-04-03_16-02-48.jpg?ssl=1\" border=\"0\" itemprop=\"url\"> <meta itemprop=\"width\" content=\"201\"> <meta itemprop=\"height\" content=\"106\"> <img decoding=\"async\" class=\"\" data-attachment-id=\"23305\" data-orig-file=\"https:\/\/mincomercionacional.gob.ve\/wp-content\/uploads\/2025\/04\/photo_2025-04-03_16-02-48.jpg\" data-orig-size=\"1280,675\" data-comments-opened=\"\" data-image-meta=\"{&quot;aperture&quot;:&quot;0&quot;,&quot;credit&quot;:&quot;&quot;,&quot;camera&quot;:&quot;&quot;,&quot;caption&quot;:&quot;&quot;,&quot;created_timestamp&quot;:&quot;0&quot;,&quot;copyright&quot;:&quot;&quot;,&quot;focal_length&quot;:&quot;0&quot;,&quot;iso&quot;:&quot;0&quot;,&quot;shutter_speed&quot;:&quot;0&quot;,&quot;title&quot;:&quot;&quot;,&quot;orientation&quot;:&quot;0&quot;}\" data-image-title=\"photo_2025-04-03_16-02-48\" data-image-description=\"\" data-medium-file=\"https:\/\/i0.wp.com\/mincomercionacional.gob.ve\/wp-content\/uploads\/2025\/04\/photo_2025-04-03_16-02-48.jpg?fit=300%2C158&#038;ssl=1\" data-large-file=\"https:\/\/i0.wp.com\/mincomercionacional.gob.ve\/wp-content\/uploads\/2025\/04\/photo_2025-04-03_16-02-48.jpg?fit=1024%2C540&#038;ssl=1\" src=\"https:\/\/i0.wp.com\/mincomercionacional.gob.ve\/wp-content\/uploads\/2025\/04\/photo_2025-04-03_16-02-48.jpg?w=201&#038;h=106&#038;ssl=1\" width=\"201\" height=\"106\" loading=\"lazy\" data-original-width=\"201\" data-original-height=\"106\" itemprop=\"http:\/\/schema.org\/image\" title=\"photo_2025-04-03_16-02-48\" alt=\"photo_2025-04-03_16-02-48\" style=\"width: 201px; height: 106px;\" \/> <\/a> <\/div> <div class=\"tiled-gallery-item tiled-gallery-item-small\" itemprop=\"associatedMedia\" itemscope itemtype=\"http:\/\/schema.org\/ImageObject\"> <a href=\"https:\/\/i0.wp.com\/mincomercionacional.gob.ve\/wp-content\/uploads\/2025\/04\/photo_2025-04-03_16-02-52.jpg?ssl=1\" border=\"0\" itemprop=\"url\"> <meta itemprop=\"width\" content=\"201\"> <meta itemprop=\"height\" content=\"95\"> <img decoding=\"async\" class=\"\" data-attachment-id=\"23306\" data-orig-file=\"https:\/\/mincomercionacional.gob.ve\/wp-content\/uploads\/2025\/04\/photo_2025-04-03_16-02-52.jpg\" data-orig-size=\"1280,605\" data-comments-opened=\"\" data-image-meta=\"{&quot;aperture&quot;:&quot;0&quot;,&quot;credit&quot;:&quot;&quot;,&quot;camera&quot;:&quot;&quot;,&quot;caption&quot;:&quot;&quot;,&quot;created_timestamp&quot;:&quot;0&quot;,&quot;copyright&quot;:&quot;&quot;,&quot;focal_length&quot;:&quot;0&quot;,&quot;iso&quot;:&quot;0&quot;,&quot;shutter_speed&quot;:&quot;0&quot;,&quot;title&quot;:&quot;&quot;,&quot;orientation&quot;:&quot;0&quot;}\" data-image-title=\"photo_2025-04-03_16-02-52\" data-image-description=\"\" data-medium-file=\"https:\/\/i0.wp.com\/mincomercionacional.gob.ve\/wp-content\/uploads\/2025\/04\/photo_2025-04-03_16-02-52.jpg?fit=300%2C142&#038;ssl=1\" data-large-file=\"https:\/\/i0.wp.com\/mincomercionacional.gob.ve\/wp-content\/uploads\/2025\/04\/photo_2025-04-03_16-02-52.jpg?fit=1024%2C484&#038;ssl=1\" src=\"https:\/\/i0.wp.com\/mincomercionacional.gob.ve\/wp-content\/uploads\/2025\/04\/photo_2025-04-03_16-02-52.jpg?w=201&#038;h=95&#038;ssl=1\" width=\"201\" height=\"95\" loading=\"lazy\" data-original-width=\"201\" data-original-height=\"95\" itemprop=\"http:\/\/schema.org\/image\" title=\"photo_2025-04-03_16-02-52\" alt=\"photo_2025-04-03_16-02-52\" style=\"width: 201px; height: 95px;\" \/> <\/a> <\/div> <div class=\"tiled-gallery-item tiled-gallery-item-small\" itemprop=\"associatedMedia\" itemscope itemtype=\"http:\/\/schema.org\/ImageObject\"> <a href=\"https:\/\/i0.wp.com\/mincomercionacional.gob.ve\/wp-content\/uploads\/2025\/04\/photo_2025-04-03_16-02-58.jpg?ssl=1\" border=\"0\" itemprop=\"url\"> <meta itemprop=\"width\" content=\"201\"> <meta itemprop=\"height\" content=\"99\"> <img decoding=\"async\" class=\"\" data-attachment-id=\"23307\" data-orig-file=\"https:\/\/mincomercionacional.gob.ve\/wp-content\/uploads\/2025\/04\/photo_2025-04-03_16-02-58.jpg\" data-orig-size=\"1280,629\" data-comments-opened=\"\" data-image-meta=\"{&quot;aperture&quot;:&quot;0&quot;,&quot;credit&quot;:&quot;&quot;,&quot;camera&quot;:&quot;&quot;,&quot;caption&quot;:&quot;&quot;,&quot;created_timestamp&quot;:&quot;0&quot;,&quot;copyright&quot;:&quot;&quot;,&quot;focal_length&quot;:&quot;0&quot;,&quot;iso&quot;:&quot;0&quot;,&quot;shutter_speed&quot;:&quot;0&quot;,&quot;title&quot;:&quot;&quot;,&quot;orientation&quot;:&quot;0&quot;}\" data-image-title=\"photo_2025-04-03_16-02-58\" data-image-description=\"\" data-medium-file=\"https:\/\/i0.wp.com\/mincomercionacional.gob.ve\/wp-content\/uploads\/2025\/04\/photo_2025-04-03_16-02-58.jpg?fit=300%2C147&#038;ssl=1\" data-large-file=\"https:\/\/i0.wp.com\/mincomercionacional.gob.ve\/wp-content\/uploads\/2025\/04\/photo_2025-04-03_16-02-58.jpg?fit=1024%2C503&#038;ssl=1\" src=\"https:\/\/i0.wp.com\/mincomercionacional.gob.ve\/wp-content\/uploads\/2025\/04\/photo_2025-04-03_16-02-58.jpg?w=201&#038;h=99&#038;ssl=1\" width=\"201\" height=\"99\" loading=\"lazy\" data-original-width=\"201\" data-original-height=\"99\" itemprop=\"http:\/\/schema.org\/image\" title=\"photo_2025-04-03_16-02-58\" alt=\"photo_2025-04-03_16-02-58\" style=\"width: 201px; height: 99px;\" \/> <\/a> <\/div> <\/div> <!-- close group --> <\/div> <!-- close row --> <\/div>\n<p style=\"text-align: justify;\">\n","protected":false},"excerpt":{"rendered":"<p>A fin de presentar los mapas econ\u00f3micos comunales como instrumentos de medici\u00f3n de las actividades productivas desde el territorio, el Ministro del Poder Popular Comercio Nacional, Luis Antonio Villegas, particip\u00f3 junto al gobernador de Miranda, Elio Serrano, en una asamblea con diversas comunidades del municipio Ambrosio Plaza en Guarenas. \u00abNos desplegamos en este municipio, para &hellip;<\/p>\n","protected":false},"author":22,"featured_media":23308,"comment_status":"closed","ping_status":"open","sticky":false,"template":"","format":"standard","meta":{"footnotes":""},"categories":[1256,1],"tags":[2257,705,61,934,381,1542,1688,1417],"class_list":["post-23290","post","type-post","status-publish","format-standard","has-post-thumbnail","hentry","category-comercio-nacional","category-prensa","tag-aca","tag-asesoria","tag-economia","tag-luis-antonio-villegas","tag-mesa-de-trabajo","tag-pais","tag-plan-bodega","tag-territorio"],"jetpack_featured_media_url":"https:\/\/i0.wp.com\/mincomercionacional.gob.ve\/wp-content\/uploads\/2025\/04\/photo_2025-04-03_16-02-37.jpg?fit=1280%2C565&ssl=1","jetpack_shortlink":"https:\/\/wp.me\/pbvjg9-63E","_links":{"self":[{"href":"https:\/\/mincomercionacional.gob.ve\/index.php?rest_route=\/wp\/v2\/posts\/23290","targetHints":{"allow":["GET"]}}],"collection":[{"href":"https:\/\/mincomercionacional.gob.ve\/index.php?rest_route=\/wp\/v2\/posts"}],"about":[{"href":"https:\/\/mincomercionacional.gob.ve\/index.php?rest_route=\/wp\/v2\/types\/post"}],"author":[{"embeddable":true,"href":"https:\/\/mincomercionacional.gob.ve\/index.php?rest_route=\/wp\/v2\/users\/22"}],"replies":[{"embeddable":true,"href":"https:\/\/mincomercionacional.gob.ve\/index.php?rest_route=%2Fwp%2Fv2%2Fcomments&post=23290"}],"version-history":[{"count":2,"href":"https:\/\/mincomercionacional.gob.ve\/index.php?rest_route=\/wp\/v2\/posts\/23290\/revisions"}],"predecessor-version":[{"id":23310,"href":"https:\/\/mincomercionacional.gob.ve\/index.php?rest_route=\/wp\/v2\/posts\/23290\/revisions\/23310"}],"wp:featuredmedia":[{"embeddable":true,"href":"https:\/\/mincomercionacional.gob.ve\/index.php?rest_route=\/wp\/v2\/media\/23308"}],"wp:attachment":[{"href":"https:\/\/mincomercionacional.gob.ve\/index.php?rest_route=%2Fwp%2Fv2%2Fmedia&parent=23290"}],"wp:term":[{"taxonomy":"category","embeddable":true,"href":"https:\/\/mincomercionacional.gob.ve\/index.php?rest_route=%2Fwp%2Fv2%2Fcategories&post=23290"},{"taxonomy":"post_tag","embeddable":true,"href":"https:\/\/mincomercionacional.gob.ve\/index.php?rest_route=%2Fwp%2Fv2%2Ftags&post=23290"}],"curies":[{"name":"wp","href":"https:\/\/api.w.org\/{rel}","templated":true}]}}