{"id":23180,"date":"2025-03-24T09:51:03","date_gmt":"2025-03-24T13:51:03","guid":{"rendered":"https:\/\/mincomercionacional.gob.ve\/?p=23180"},"modified":"2025-03-25T08:36:38","modified_gmt":"2025-03-25T12:36:38","slug":"mesa-de-trabajo-para-fortalecer-la-recuperacion-economica-y-proteger-los-derechos-socioeconomicos-del-pueblo","status":"publish","type":"post","link":"https:\/\/mincomercionacional.gob.ve\/?p=23180","title":{"rendered":"Mesa de trabajo para fortalecer la recuperaci\u00f3n econ\u00f3mica y proteger los derechos socioecon\u00f3micos del pueblo"},"content":{"rendered":"<p style=\"text-align: justify;\">Como parte del desarrollo de planes, programa y pol\u00edticas de autogobierno que se consolidan en el pa\u00eds, se llev\u00f3 a cabo una mesa de trabajo para afianzar l\u00edneas estrat\u00e9gicas que permitan continuar avanzando en la recuperaci\u00f3n del sector econ\u00f3mico, garantizando as\u00ed la protecci\u00f3n de los derechos socioecon\u00f3micos de nuestro pueblo, as\u00ed como lo ha impulsado el Presidente Nicol\u00e1s Maduro en el Plan de la Patria de las 7 Transformaciones.<\/p>\n<p style=\"text-align: justify;\">La mesa de trabajo estuvo liderada por el Ministro del Poder Popular de Comercio Nacional, Luis Antonio Villegas junto a los Viceministros y Presidentes de entes, donde se discutieron los m\u00e9todos de trabajo que cada representante debe adaptar a su contexto, en l\u00ednea con las directrices establecidas para seguir avanzando en la creaci\u00f3n del Nuevo Estado Popular y Comunal dentro del proceso revolucionario.<\/p>\n<div class=\"tiled-gallery type-rectangular tiled-gallery-unresized\" data-original-width=\"500\" data-carousel-extra='{&quot;blog_id&quot;:1,&quot;permalink&quot;:&quot;https:\\\/\\\/mincomercionacional.gob.ve\\\/?p=23180&quot;,&quot;likes_blog_id&quot;:170001901}' itemscope itemtype=\"http:\/\/schema.org\/ImageGallery\" > <div class=\"gallery-row\" style=\"width: 500px; height: 222px;\" data-original-width=\"500\" data-original-height=\"222\" > <div class=\"gallery-group images-1\" style=\"width: 342px; height: 222px;\" data-original-width=\"342\" data-original-height=\"222\" > <div class=\"tiled-gallery-item tiled-gallery-item-large\" itemprop=\"associatedMedia\" itemscope itemtype=\"http:\/\/schema.org\/ImageObject\"> <a href=\"https:\/\/i0.wp.com\/mincomercionacional.gob.ve\/wp-content\/uploads\/2025\/03\/DSC04787.jpg?ssl=1\" border=\"0\" itemprop=\"url\"> <meta itemprop=\"width\" content=\"338\"> <meta itemprop=\"height\" content=\"218\"> <img decoding=\"async\" class=\"\" data-attachment-id=\"23184\" data-orig-file=\"https:\/\/mincomercionacional.gob.ve\/wp-content\/uploads\/2025\/03\/DSC04787.jpg\" data-orig-size=\"6019,3883\" data-comments-opened=\"\" data-image-meta=\"{&quot;aperture&quot;:&quot;2.8&quot;,&quot;credit&quot;:&quot;&quot;,&quot;camera&quot;:&quot;ILME-FX30&quot;,&quot;caption&quot;:&quot;&quot;,&quot;created_timestamp&quot;:&quot;1742640084&quot;,&quot;copyright&quot;:&quot;&quot;,&quot;focal_length&quot;:&quot;24&quot;,&quot;iso&quot;:&quot;100&quot;,&quot;shutter_speed&quot;:&quot;0.025&quot;,&quot;title&quot;:&quot;&quot;,&quot;orientation&quot;:&quot;0&quot;}\" data-image-title=\"DSC04787\" data-image-description=\"\" data-medium-file=\"https:\/\/i0.wp.com\/mincomercionacional.gob.ve\/wp-content\/uploads\/2025\/03\/DSC04787.jpg?fit=300%2C194&#038;ssl=1\" data-large-file=\"https:\/\/i0.wp.com\/mincomercionacional.gob.ve\/wp-content\/uploads\/2025\/03\/DSC04787.jpg?fit=1024%2C661&#038;ssl=1\" src=\"https:\/\/i0.wp.com\/mincomercionacional.gob.ve\/wp-content\/uploads\/2025\/03\/DSC04787.jpg?w=338&#038;h=218&#038;ssl=1\" width=\"338\" height=\"218\" loading=\"lazy\" data-original-width=\"338\" data-original-height=\"218\" itemprop=\"http:\/\/schema.org\/image\" title=\"DSC04787\" alt=\"DSC04787\" style=\"width: 338px; height: 218px;\" \/> <\/a> <\/div> <\/div> <!-- close group --> <div class=\"gallery-group images-2\" style=\"width: 158px; height: 222px;\" data-original-width=\"158\" data-original-height=\"222\" > <div class=\"tiled-gallery-item tiled-gallery-item-small\" itemprop=\"associatedMedia\" itemscope itemtype=\"http:\/\/schema.org\/ImageObject\"> <a href=\"https:\/\/i0.wp.com\/mincomercionacional.gob.ve\/wp-content\/uploads\/2025\/03\/DSC04798.jpg?ssl=1\" border=\"0\" itemprop=\"url\"> <meta itemprop=\"width\" content=\"154\"> <meta itemprop=\"height\" content=\"103\"> <img decoding=\"async\" class=\"\" data-attachment-id=\"23185\" data-orig-file=\"https:\/\/mincomercionacional.gob.ve\/wp-content\/uploads\/2025\/03\/DSC04798.jpg\" data-orig-size=\"5573,3710\" data-comments-opened=\"\" data-image-meta=\"{&quot;aperture&quot;:&quot;2.8&quot;,&quot;credit&quot;:&quot;&quot;,&quot;camera&quot;:&quot;ILME-FX30&quot;,&quot;caption&quot;:&quot;&quot;,&quot;created_timestamp&quot;:&quot;1742640239&quot;,&quot;copyright&quot;:&quot;&quot;,&quot;focal_length&quot;:&quot;24&quot;,&quot;iso&quot;:&quot;125&quot;,&quot;shutter_speed&quot;:&quot;0.025&quot;,&quot;title&quot;:&quot;&quot;,&quot;orientation&quot;:&quot;0&quot;}\" data-image-title=\"DSC04798\" data-image-description=\"\" data-medium-file=\"https:\/\/i0.wp.com\/mincomercionacional.gob.ve\/wp-content\/uploads\/2025\/03\/DSC04798.jpg?fit=300%2C200&#038;ssl=1\" data-large-file=\"https:\/\/i0.wp.com\/mincomercionacional.gob.ve\/wp-content\/uploads\/2025\/03\/DSC04798.jpg?fit=1024%2C682&#038;ssl=1\" src=\"https:\/\/i0.wp.com\/mincomercionacional.gob.ve\/wp-content\/uploads\/2025\/03\/DSC04798.jpg?w=154&#038;h=103&#038;ssl=1\" width=\"154\" height=\"103\" loading=\"lazy\" data-original-width=\"154\" data-original-height=\"103\" itemprop=\"http:\/\/schema.org\/image\" title=\"DSC04798\" alt=\"DSC04798\" style=\"width: 154px; height: 103px;\" \/> <\/a> <\/div> <div class=\"tiled-gallery-item tiled-gallery-item-small\" itemprop=\"associatedMedia\" itemscope itemtype=\"http:\/\/schema.org\/ImageObject\"> <a href=\"https:\/\/i0.wp.com\/mincomercionacional.gob.ve\/wp-content\/uploads\/2025\/03\/DSC04816.jpg?ssl=1\" border=\"0\" itemprop=\"url\"> <meta itemprop=\"width\" content=\"154\"> <meta itemprop=\"height\" content=\"111\"> <img decoding=\"async\" class=\"\" data-attachment-id=\"23186\" data-orig-file=\"https:\/\/mincomercionacional.gob.ve\/wp-content\/uploads\/2025\/03\/DSC04816.jpg\" data-orig-size=\"5717,4128\" data-comments-opened=\"\" data-image-meta=\"{&quot;aperture&quot;:&quot;2.8&quot;,&quot;credit&quot;:&quot;&quot;,&quot;camera&quot;:&quot;ILME-FX30&quot;,&quot;caption&quot;:&quot;&quot;,&quot;created_timestamp&quot;:&quot;1742640454&quot;,&quot;copyright&quot;:&quot;&quot;,&quot;focal_length&quot;:&quot;43&quot;,&quot;iso&quot;:&quot;160&quot;,&quot;shutter_speed&quot;:&quot;0.0125&quot;,&quot;title&quot;:&quot;&quot;,&quot;orientation&quot;:&quot;0&quot;}\" data-image-title=\"DSC04816\" data-image-description=\"\" data-medium-file=\"https:\/\/i0.wp.com\/mincomercionacional.gob.ve\/wp-content\/uploads\/2025\/03\/DSC04816.jpg?fit=300%2C217&#038;ssl=1\" data-large-file=\"https:\/\/i0.wp.com\/mincomercionacional.gob.ve\/wp-content\/uploads\/2025\/03\/DSC04816.jpg?fit=1024%2C739&#038;ssl=1\" src=\"https:\/\/i0.wp.com\/mincomercionacional.gob.ve\/wp-content\/uploads\/2025\/03\/DSC04816.jpg?w=154&#038;h=111&#038;ssl=1\" width=\"154\" height=\"111\" loading=\"lazy\" data-original-width=\"154\" data-original-height=\"111\" itemprop=\"http:\/\/schema.org\/image\" title=\"DSC04816\" alt=\"DSC04816\" style=\"width: 154px; height: 111px;\" \/> <\/a> <\/div> <\/div> <!-- close group --> <\/div> <!-- close row --> <div class=\"gallery-row\" style=\"width: 500px; height: 335px;\" data-original-width=\"500\" data-original-height=\"335\" > <div class=\"gallery-group images-1\" style=\"width: 500px; height: 335px;\" data-original-width=\"500\" data-original-height=\"335\" > <div class=\"tiled-gallery-item tiled-gallery-item-large\" itemprop=\"associatedMedia\" itemscope itemtype=\"http:\/\/schema.org\/ImageObject\"> <a href=\"https:\/\/i0.wp.com\/mincomercionacional.gob.ve\/wp-content\/uploads\/2025\/03\/DSC04843.jpg?ssl=1\" border=\"0\" itemprop=\"url\"> <meta itemprop=\"width\" content=\"496\"> <meta itemprop=\"height\" content=\"331\"> <img decoding=\"async\" class=\"\" data-attachment-id=\"23187\" data-orig-file=\"https:\/\/mincomercionacional.gob.ve\/wp-content\/uploads\/2025\/03\/DSC04843.jpg\" data-orig-size=\"6192,4128\" data-comments-opened=\"\" data-image-meta=\"{&quot;aperture&quot;:&quot;2.8&quot;,&quot;credit&quot;:&quot;&quot;,&quot;camera&quot;:&quot;ILME-FX30&quot;,&quot;caption&quot;:&quot;&quot;,&quot;created_timestamp&quot;:&quot;1742640727&quot;,&quot;copyright&quot;:&quot;&quot;,&quot;focal_length&quot;:&quot;24&quot;,&quot;iso&quot;:&quot;125&quot;,&quot;shutter_speed&quot;:&quot;0.025&quot;,&quot;title&quot;:&quot;&quot;,&quot;orientation&quot;:&quot;0&quot;}\" data-image-title=\"DSC04843\" data-image-description=\"\" data-medium-file=\"https:\/\/i0.wp.com\/mincomercionacional.gob.ve\/wp-content\/uploads\/2025\/03\/DSC04843.jpg?fit=300%2C200&#038;ssl=1\" data-large-file=\"https:\/\/i0.wp.com\/mincomercionacional.gob.ve\/wp-content\/uploads\/2025\/03\/DSC04843.jpg?fit=1024%2C683&#038;ssl=1\" src=\"https:\/\/i0.wp.com\/mincomercionacional.gob.ve\/wp-content\/uploads\/2025\/03\/DSC04843.jpg?w=496&#038;h=331&#038;ssl=1\" width=\"496\" height=\"331\" loading=\"lazy\" data-original-width=\"496\" data-original-height=\"331\" itemprop=\"http:\/\/schema.org\/image\" title=\"DSC04843\" alt=\"DSC04843\" style=\"width: 496px; height: 331px;\" \/> <\/a> <\/div> <\/div> <!-- close group --> <\/div> <!-- close row --> <\/div>\n<p style=\"text-align: justify;\">Este esfuerzo forma parte del compromiso del Gobierno nacional por consolidar sus estructuras pol\u00edticas, econ\u00f3micas y sociales, en un contexto que demanda acciones efectivas y coordinadas junto al Poder Popular.<\/p>\n<p style=\"text-align: justify;\">Dicha mesa de trabajo tuvo lugar en las instalaciones del Ministerio de Comercio Nacional; las autoridades se centraron en las directrices implementadas por el Mandatario Nacional, el pasado viernes en el Consejo de Ministros, donde fue enf\u00e1tico con la activaci\u00f3n de los 13 Motores Productivos, considerados elementos fundamentales para impulsar el crecimiento sostenible y la autosuficiencia del pa\u00eds.<\/p>\n<p style=\"text-align: justify;\">El Ministro Villegas hizo hincapi\u00e9 en la importancia de estos motores como pilares en la estrategia de desarrollo econ\u00f3mico y social, adem\u00e1s, se analiz\u00f3 c\u00f3mo seguir trabajando en colaboraci\u00f3n con las Comunas, con el fin de avanzar en la creaci\u00f3n del nuevo Estado Comunal. La integraci\u00f3n y participaci\u00f3n activa de las comunidades son esenciales para lograr un desarrollo equitativo y sostenible que beneficie a todos los sectores de la poblaci\u00f3n.<\/p>\n","protected":false},"excerpt":{"rendered":"<p>Como parte del desarrollo de planes, programa y pol\u00edticas de autogobierno que se consolidan en el pa\u00eds, se llev\u00f3 a cabo una mesa de trabajo para afianzar l\u00edneas estrat\u00e9gicas que permitan continuar avanzando en la recuperaci\u00f3n del sector econ\u00f3mico, garantizando as\u00ed la protecci\u00f3n de los derechos socioecon\u00f3micos de nuestro pueblo, as\u00ed como lo ha impulsado &hellip;<\/p>\n","protected":false},"author":21,"featured_media":23183,"comment_status":"closed","ping_status":"open","sticky":false,"template":"","format":"standard","meta":{"footnotes":""},"categories":[1],"tags":[61,381,2295,1430,39],"class_list":["post-23180","post","type-post","status-publish","format-standard","has-post-thumbnail","hentry","category-prensa","tag-economia","tag-mesa-de-trabajo","tag-plan-de-las-7t","tag-prosperidad","tag-venezuela"],"jetpack_featured_media_url":"https:\/\/i0.wp.com\/mincomercionacional.gob.ve\/wp-content\/uploads\/2025\/03\/DSC04848.jpg?fit=6048%2C3019&ssl=1","jetpack_shortlink":"https:\/\/wp.me\/pbvjg9-61S","_links":{"self":[{"href":"https:\/\/mincomercionacional.gob.ve\/index.php?rest_route=\/wp\/v2\/posts\/23180","targetHints":{"allow":["GET"]}}],"collection":[{"href":"https:\/\/mincomercionacional.gob.ve\/index.php?rest_route=\/wp\/v2\/posts"}],"about":[{"href":"https:\/\/mincomercionacional.gob.ve\/index.php?rest_route=\/wp\/v2\/types\/post"}],"author":[{"embeddable":true,"href":"https:\/\/mincomercionacional.gob.ve\/index.php?rest_route=\/wp\/v2\/users\/21"}],"replies":[{"embeddable":true,"href":"https:\/\/mincomercionacional.gob.ve\/index.php?rest_route=%2Fwp%2Fv2%2Fcomments&post=23180"}],"version-history":[{"count":6,"href":"https:\/\/mincomercionacional.gob.ve\/index.php?rest_route=\/wp\/v2\/posts\/23180\/revisions"}],"predecessor-version":[{"id":23210,"href":"https:\/\/mincomercionacional.gob.ve\/index.php?rest_route=\/wp\/v2\/posts\/23180\/revisions\/23210"}],"wp:featuredmedia":[{"embeddable":true,"href":"https:\/\/mincomercionacional.gob.ve\/index.php?rest_route=\/wp\/v2\/media\/23183"}],"wp:attachment":[{"href":"https:\/\/mincomercionacional.gob.ve\/index.php?rest_route=%2Fwp%2Fv2%2Fmedia&parent=23180"}],"wp:term":[{"taxonomy":"category","embeddable":true,"href":"https:\/\/mincomercionacional.gob.ve\/index.php?rest_route=%2Fwp%2Fv2%2Fcategories&post=23180"},{"taxonomy":"post_tag","embeddable":true,"href":"https:\/\/mincomercionacional.gob.ve\/index.php?rest_route=%2Fwp%2Fv2%2Ftags&post=23180"}],"curies":[{"name":"wp","href":"https:\/\/api.w.org\/{rel}","templated":true}]}}