{"id":23154,"date":"2025-03-20T16:06:33","date_gmt":"2025-03-20T20:06:33","guid":{"rendered":"https:\/\/mincomercionacional.gob.ve\/?p=23154"},"modified":"2025-03-20T16:15:02","modified_gmt":"2025-03-20T20:15:02","slug":"ministerio-de-comercio-nacional-se-suma-a-la-campana-dignidad-siempre","status":"publish","type":"post","link":"https:\/\/mincomercionacional.gob.ve\/?p=23154","title":{"rendered":"Ministerio de Comercio Nacional se suma a la \u00abCampa\u00f1a Dignidad Siempre\u201d"},"content":{"rendered":"<p style=\"text-align: justify;\">Trabajadores y trabajadoras del Ministerio del Poder Popular de Comercio Nacional asistieron a la Plaza Bol\u00edvar de Caracas para participar en la recolecci\u00f3n de firmas en apoyo a los m\u00e1s de 200 migrantes detenidos en el extranjero. La acci\u00f3n de solidaridad forma parte de la\u00a0<strong>\u201cCampa\u00f1a Dignidad Siempre\u201d<\/strong> promovida por las autoridades nacionales y servir\u00e1 de soporte a los pasos de denuncia iniciados ante los mecanismos multilaterales, bilaterales, gobiernos, pa\u00edses, entre otras instancias.<\/p>\n<p style=\"text-align: justify;\">El Ministro de Comercio Nacional, Luis Antonio Villegas, junto a Viceministros y dem\u00e1s autoridades de los entes adscritos acompa\u00f1\u00f3 a la fuerza laboral atendiendo\u00a0al llamado que hiciera el delegado de los di\u00e1logos de paz del Gobierno Bolivariano, Jorge Rodr\u00edguez, quien se comprometi\u00f3 a trabajar e impulsar las estrategias para la repatriaci\u00f3n de los connacionales.<\/p>\n<p style=\"text-align: justify;\">La recolecci\u00f3n de firmas que inici\u00f3 desde 19 de marzo en cada plaza Bol\u00edvar de las regiones del pa\u00eds se observ\u00f3 la masiva participaci\u00f3n en apoyo y solidaridad con los m\u00e1s de 200 hermanos venezolanos migrantes afectados por el gobierno de Estados Unidos (EE. UU. ), lo que permitir\u00e1 que cada venezolano, independientemente de no tener una posici\u00f3n u opini\u00f3n pol\u00edtica, rechace las fatales acciones del imperio.<\/p>\n<p style=\"text-align: justify;\">\u00abMigrar no es un delito, sancionar y bloquear a un pueblo, s\u00ed\u201d, es el lema que usa el pueblo de Venezuela para demostrar acompa\u00f1ar a madres, padres, abuelos, t\u00edos, hermanos, amigos y todos los allegados de los migrantes maltratados.<\/p>\n<div class=\"tiled-gallery type-rectangular tiled-gallery-unresized\" data-original-width=\"500\" data-carousel-extra='{&quot;blog_id&quot;:1,&quot;permalink&quot;:&quot;https:\\\/\\\/mincomercionacional.gob.ve\\\/?p=23154&quot;,&quot;likes_blog_id&quot;:170001901}' itemscope itemtype=\"http:\/\/schema.org\/ImageGallery\" > <div class=\"gallery-row\" style=\"width: 500px; height: 516px;\" data-original-width=\"500\" data-original-height=\"516\" > <div class=\"gallery-group images-5\" style=\"width: 191px; height: 516px;\" data-original-width=\"191\" data-original-height=\"516\" > <div class=\"tiled-gallery-item tiled-gallery-item-small\" itemprop=\"associatedMedia\" itemscope itemtype=\"http:\/\/schema.org\/ImageObject\"> <a href=\"https:\/\/i0.wp.com\/mincomercionacional.gob.ve\/wp-content\/uploads\/2025\/03\/photo_2025-03-20_12-19-02.jpg?ssl=1\" border=\"0\" itemprop=\"url\"> <meta itemprop=\"width\" content=\"187\"> <meta itemprop=\"height\" content=\"74\"> <img decoding=\"async\" class=\"\" data-attachment-id=\"23158\" data-orig-file=\"https:\/\/mincomercionacional.gob.ve\/wp-content\/uploads\/2025\/03\/photo_2025-03-20_12-19-02.jpg\" data-orig-size=\"1280,508\" data-comments-opened=\"\" data-image-meta=\"{&quot;aperture&quot;:&quot;0&quot;,&quot;credit&quot;:&quot;&quot;,&quot;camera&quot;:&quot;&quot;,&quot;caption&quot;:&quot;&quot;,&quot;created_timestamp&quot;:&quot;0&quot;,&quot;copyright&quot;:&quot;&quot;,&quot;focal_length&quot;:&quot;0&quot;,&quot;iso&quot;:&quot;0&quot;,&quot;shutter_speed&quot;:&quot;0&quot;,&quot;title&quot;:&quot;&quot;,&quot;orientation&quot;:&quot;0&quot;}\" data-image-title=\"photo_2025-03-20_12-19-02\" data-image-description=\"\" data-medium-file=\"https:\/\/i0.wp.com\/mincomercionacional.gob.ve\/wp-content\/uploads\/2025\/03\/photo_2025-03-20_12-19-02.jpg?fit=300%2C119&#038;ssl=1\" data-large-file=\"https:\/\/i0.wp.com\/mincomercionacional.gob.ve\/wp-content\/uploads\/2025\/03\/photo_2025-03-20_12-19-02.jpg?fit=1024%2C406&#038;ssl=1\" src=\"https:\/\/i0.wp.com\/mincomercionacional.gob.ve\/wp-content\/uploads\/2025\/03\/photo_2025-03-20_12-19-02.jpg?w=187&#038;h=74&#038;ssl=1\" width=\"187\" height=\"74\" loading=\"lazy\" data-original-width=\"187\" data-original-height=\"74\" itemprop=\"http:\/\/schema.org\/image\" title=\"photo_2025-03-20_12-19-02\" alt=\"photo_2025-03-20_12-19-02\" style=\"width: 187px; height: 74px;\" \/> <\/a> <\/div> <div class=\"tiled-gallery-item tiled-gallery-item-small\" itemprop=\"associatedMedia\" itemscope itemtype=\"http:\/\/schema.org\/ImageObject\"> <a href=\"https:\/\/i0.wp.com\/mincomercionacional.gob.ve\/wp-content\/uploads\/2025\/03\/photo_2025-03-20_12-19-10.jpg?ssl=1\" border=\"0\" itemprop=\"url\"> <meta itemprop=\"width\" content=\"187\"> <meta itemprop=\"height\" content=\"94\"> <img decoding=\"async\" class=\"\" data-attachment-id=\"23159\" data-orig-file=\"https:\/\/mincomercionacional.gob.ve\/wp-content\/uploads\/2025\/03\/photo_2025-03-20_12-19-10.jpg\" data-orig-size=\"1280,642\" data-comments-opened=\"\" data-image-meta=\"{&quot;aperture&quot;:&quot;0&quot;,&quot;credit&quot;:&quot;&quot;,&quot;camera&quot;:&quot;&quot;,&quot;caption&quot;:&quot;&quot;,&quot;created_timestamp&quot;:&quot;0&quot;,&quot;copyright&quot;:&quot;&quot;,&quot;focal_length&quot;:&quot;0&quot;,&quot;iso&quot;:&quot;0&quot;,&quot;shutter_speed&quot;:&quot;0&quot;,&quot;title&quot;:&quot;&quot;,&quot;orientation&quot;:&quot;0&quot;}\" data-image-title=\"photo_2025-03-20_12-19-10\" data-image-description=\"\" data-medium-file=\"https:\/\/i0.wp.com\/mincomercionacional.gob.ve\/wp-content\/uploads\/2025\/03\/photo_2025-03-20_12-19-10.jpg?fit=300%2C150&#038;ssl=1\" data-large-file=\"https:\/\/i0.wp.com\/mincomercionacional.gob.ve\/wp-content\/uploads\/2025\/03\/photo_2025-03-20_12-19-10.jpg?fit=1024%2C514&#038;ssl=1\" src=\"https:\/\/i0.wp.com\/mincomercionacional.gob.ve\/wp-content\/uploads\/2025\/03\/photo_2025-03-20_12-19-10.jpg?w=187&#038;h=94&#038;ssl=1\" width=\"187\" height=\"94\" loading=\"lazy\" data-original-width=\"187\" data-original-height=\"94\" itemprop=\"http:\/\/schema.org\/image\" title=\"photo_2025-03-20_12-19-10\" alt=\"photo_2025-03-20_12-19-10\" style=\"width: 187px; height: 94px;\" \/> <\/a> <\/div> <div class=\"tiled-gallery-item tiled-gallery-item-small\" itemprop=\"associatedMedia\" itemscope itemtype=\"http:\/\/schema.org\/ImageObject\"> <a href=\"https:\/\/i0.wp.com\/mincomercionacional.gob.ve\/wp-content\/uploads\/2025\/03\/photo_2025-03-20_12-19-13.jpg?ssl=1\" border=\"0\" itemprop=\"url\"> <meta itemprop=\"width\" content=\"187\"> <meta itemprop=\"height\" content=\"126\"> <img decoding=\"async\" class=\"\" data-attachment-id=\"23160\" data-orig-file=\"https:\/\/mincomercionacional.gob.ve\/wp-content\/uploads\/2025\/03\/photo_2025-03-20_12-19-13.jpg\" data-orig-size=\"1280,857\" data-comments-opened=\"\" data-image-meta=\"{&quot;aperture&quot;:&quot;0&quot;,&quot;credit&quot;:&quot;&quot;,&quot;camera&quot;:&quot;&quot;,&quot;caption&quot;:&quot;&quot;,&quot;created_timestamp&quot;:&quot;0&quot;,&quot;copyright&quot;:&quot;&quot;,&quot;focal_length&quot;:&quot;0&quot;,&quot;iso&quot;:&quot;0&quot;,&quot;shutter_speed&quot;:&quot;0&quot;,&quot;title&quot;:&quot;&quot;,&quot;orientation&quot;:&quot;0&quot;}\" data-image-title=\"photo_2025-03-20_12-19-13\" data-image-description=\"\" data-medium-file=\"https:\/\/i0.wp.com\/mincomercionacional.gob.ve\/wp-content\/uploads\/2025\/03\/photo_2025-03-20_12-19-13.jpg?fit=300%2C201&#038;ssl=1\" data-large-file=\"https:\/\/i0.wp.com\/mincomercionacional.gob.ve\/wp-content\/uploads\/2025\/03\/photo_2025-03-20_12-19-13.jpg?fit=1024%2C686&#038;ssl=1\" src=\"https:\/\/i0.wp.com\/mincomercionacional.gob.ve\/wp-content\/uploads\/2025\/03\/photo_2025-03-20_12-19-13.jpg?w=187&#038;h=126&#038;ssl=1\" width=\"187\" height=\"126\" loading=\"lazy\" data-original-width=\"187\" data-original-height=\"126\" itemprop=\"http:\/\/schema.org\/image\" title=\"photo_2025-03-20_12-19-13\" alt=\"photo_2025-03-20_12-19-13\" style=\"width: 187px; height: 126px;\" \/> <\/a> <\/div> <div class=\"tiled-gallery-item tiled-gallery-item-small\" itemprop=\"associatedMedia\" itemscope itemtype=\"http:\/\/schema.org\/ImageObject\"> <a href=\"https:\/\/i0.wp.com\/mincomercionacional.gob.ve\/wp-content\/uploads\/2025\/03\/photo_2025-03-20_12-19-18.jpg?ssl=1\" border=\"0\" itemprop=\"url\"> <meta itemprop=\"width\" content=\"187\"> <meta itemprop=\"height\" content=\"95\"> <img decoding=\"async\" class=\"\" data-attachment-id=\"23161\" data-orig-file=\"https:\/\/mincomercionacional.gob.ve\/wp-content\/uploads\/2025\/03\/photo_2025-03-20_12-19-18.jpg\" data-orig-size=\"1280,650\" data-comments-opened=\"\" data-image-meta=\"{&quot;aperture&quot;:&quot;0&quot;,&quot;credit&quot;:&quot;&quot;,&quot;camera&quot;:&quot;&quot;,&quot;caption&quot;:&quot;&quot;,&quot;created_timestamp&quot;:&quot;0&quot;,&quot;copyright&quot;:&quot;&quot;,&quot;focal_length&quot;:&quot;0&quot;,&quot;iso&quot;:&quot;0&quot;,&quot;shutter_speed&quot;:&quot;0&quot;,&quot;title&quot;:&quot;&quot;,&quot;orientation&quot;:&quot;0&quot;}\" data-image-title=\"photo_2025-03-20_12-19-18\" data-image-description=\"\" data-medium-file=\"https:\/\/i0.wp.com\/mincomercionacional.gob.ve\/wp-content\/uploads\/2025\/03\/photo_2025-03-20_12-19-18.jpg?fit=300%2C152&#038;ssl=1\" data-large-file=\"https:\/\/i0.wp.com\/mincomercionacional.gob.ve\/wp-content\/uploads\/2025\/03\/photo_2025-03-20_12-19-18.jpg?fit=1024%2C520&#038;ssl=1\" src=\"https:\/\/i0.wp.com\/mincomercionacional.gob.ve\/wp-content\/uploads\/2025\/03\/photo_2025-03-20_12-19-18.jpg?w=187&#038;h=95&#038;ssl=1\" width=\"187\" height=\"95\" loading=\"lazy\" data-original-width=\"187\" data-original-height=\"95\" itemprop=\"http:\/\/schema.org\/image\" title=\"photo_2025-03-20_12-19-18\" alt=\"photo_2025-03-20_12-19-18\" style=\"width: 187px; height: 95px;\" \/> <\/a> <\/div> <div class=\"tiled-gallery-item tiled-gallery-item-small\" itemprop=\"associatedMedia\" itemscope itemtype=\"http:\/\/schema.org\/ImageObject\"> <a href=\"https:\/\/i0.wp.com\/mincomercionacional.gob.ve\/wp-content\/uploads\/2025\/03\/photo_2025-03-20_12-19-24.jpg?ssl=1\" border=\"0\" itemprop=\"url\"> <meta itemprop=\"width\" content=\"187\"> <meta itemprop=\"height\" content=\"107\"> <img decoding=\"async\" class=\"\" data-attachment-id=\"23162\" data-orig-file=\"https:\/\/mincomercionacional.gob.ve\/wp-content\/uploads\/2025\/03\/photo_2025-03-20_12-19-24.jpg\" data-orig-size=\"1280,733\" data-comments-opened=\"\" data-image-meta=\"{&quot;aperture&quot;:&quot;0&quot;,&quot;credit&quot;:&quot;&quot;,&quot;camera&quot;:&quot;&quot;,&quot;caption&quot;:&quot;&quot;,&quot;created_timestamp&quot;:&quot;0&quot;,&quot;copyright&quot;:&quot;&quot;,&quot;focal_length&quot;:&quot;0&quot;,&quot;iso&quot;:&quot;0&quot;,&quot;shutter_speed&quot;:&quot;0&quot;,&quot;title&quot;:&quot;&quot;,&quot;orientation&quot;:&quot;0&quot;}\" data-image-title=\"photo_2025-03-20_12-19-24\" data-image-description=\"\" data-medium-file=\"https:\/\/i0.wp.com\/mincomercionacional.gob.ve\/wp-content\/uploads\/2025\/03\/photo_2025-03-20_12-19-24.jpg?fit=300%2C172&#038;ssl=1\" data-large-file=\"https:\/\/i0.wp.com\/mincomercionacional.gob.ve\/wp-content\/uploads\/2025\/03\/photo_2025-03-20_12-19-24.jpg?fit=1024%2C586&#038;ssl=1\" src=\"https:\/\/i0.wp.com\/mincomercionacional.gob.ve\/wp-content\/uploads\/2025\/03\/photo_2025-03-20_12-19-24.jpg?w=187&#038;h=107&#038;ssl=1\" width=\"187\" height=\"107\" loading=\"lazy\" data-original-width=\"187\" data-original-height=\"107\" itemprop=\"http:\/\/schema.org\/image\" title=\"photo_2025-03-20_12-19-24\" alt=\"photo_2025-03-20_12-19-24\" style=\"width: 187px; height: 107px;\" \/> <\/a> <\/div> <\/div> <!-- close group --> <div class=\"gallery-group images-6\" style=\"width: 146px; height: 516px;\" data-original-width=\"146\" data-original-height=\"516\" > <div class=\"tiled-gallery-item tiled-gallery-item-small\" itemprop=\"associatedMedia\" itemscope itemtype=\"http:\/\/schema.org\/ImageObject\"> <a href=\"https:\/\/i0.wp.com\/mincomercionacional.gob.ve\/wp-content\/uploads\/2025\/03\/photo_2025-03-20_12-19-28.jpg?ssl=1\" border=\"0\" itemprop=\"url\"> <meta itemprop=\"width\" content=\"142\"> <meta itemprop=\"height\" content=\"67\"> <img decoding=\"async\" class=\"\" data-attachment-id=\"23163\" data-orig-file=\"https:\/\/mincomercionacional.gob.ve\/wp-content\/uploads\/2025\/03\/photo_2025-03-20_12-19-28.jpg\" data-orig-size=\"1280,605\" data-comments-opened=\"\" data-image-meta=\"{&quot;aperture&quot;:&quot;0&quot;,&quot;credit&quot;:&quot;&quot;,&quot;camera&quot;:&quot;&quot;,&quot;caption&quot;:&quot;&quot;,&quot;created_timestamp&quot;:&quot;0&quot;,&quot;copyright&quot;:&quot;&quot;,&quot;focal_length&quot;:&quot;0&quot;,&quot;iso&quot;:&quot;0&quot;,&quot;shutter_speed&quot;:&quot;0&quot;,&quot;title&quot;:&quot;&quot;,&quot;orientation&quot;:&quot;0&quot;}\" data-image-title=\"photo_2025-03-20_12-19-28\" data-image-description=\"\" data-medium-file=\"https:\/\/i0.wp.com\/mincomercionacional.gob.ve\/wp-content\/uploads\/2025\/03\/photo_2025-03-20_12-19-28.jpg?fit=300%2C142&#038;ssl=1\" data-large-file=\"https:\/\/i0.wp.com\/mincomercionacional.gob.ve\/wp-content\/uploads\/2025\/03\/photo_2025-03-20_12-19-28.jpg?fit=1024%2C484&#038;ssl=1\" src=\"https:\/\/i0.wp.com\/mincomercionacional.gob.ve\/wp-content\/uploads\/2025\/03\/photo_2025-03-20_12-19-28.jpg?w=142&#038;h=67&#038;ssl=1\" width=\"142\" height=\"67\" loading=\"lazy\" data-original-width=\"142\" data-original-height=\"67\" itemprop=\"http:\/\/schema.org\/image\" title=\"photo_2025-03-20_12-19-28\" alt=\"photo_2025-03-20_12-19-28\" style=\"width: 142px; height: 67px;\" \/> <\/a> <\/div> <div class=\"tiled-gallery-item tiled-gallery-item-small\" itemprop=\"associatedMedia\" itemscope itemtype=\"http:\/\/schema.org\/ImageObject\"> <a href=\"https:\/\/i0.wp.com\/mincomercionacional.gob.ve\/wp-content\/uploads\/2025\/03\/photo_2025-03-20_12-19-36.jpg?ssl=1\" border=\"0\" itemprop=\"url\"> <meta itemprop=\"width\" content=\"142\"> <meta itemprop=\"height\" content=\"100\"> <img decoding=\"async\" class=\"\" data-attachment-id=\"23164\" data-orig-file=\"https:\/\/mincomercionacional.gob.ve\/wp-content\/uploads\/2025\/03\/photo_2025-03-20_12-19-36.jpg\" data-orig-size=\"1280,896\" data-comments-opened=\"\" data-image-meta=\"{&quot;aperture&quot;:&quot;0&quot;,&quot;credit&quot;:&quot;&quot;,&quot;camera&quot;:&quot;&quot;,&quot;caption&quot;:&quot;&quot;,&quot;created_timestamp&quot;:&quot;0&quot;,&quot;copyright&quot;:&quot;&quot;,&quot;focal_length&quot;:&quot;0&quot;,&quot;iso&quot;:&quot;0&quot;,&quot;shutter_speed&quot;:&quot;0&quot;,&quot;title&quot;:&quot;&quot;,&quot;orientation&quot;:&quot;0&quot;}\" data-image-title=\"photo_2025-03-20_12-19-36\" data-image-description=\"\" data-medium-file=\"https:\/\/i0.wp.com\/mincomercionacional.gob.ve\/wp-content\/uploads\/2025\/03\/photo_2025-03-20_12-19-36.jpg?fit=300%2C210&#038;ssl=1\" data-large-file=\"https:\/\/i0.wp.com\/mincomercionacional.gob.ve\/wp-content\/uploads\/2025\/03\/photo_2025-03-20_12-19-36.jpg?fit=1024%2C717&#038;ssl=1\" src=\"https:\/\/i0.wp.com\/mincomercionacional.gob.ve\/wp-content\/uploads\/2025\/03\/photo_2025-03-20_12-19-36.jpg?w=142&#038;h=100&#038;ssl=1\" width=\"142\" height=\"100\" loading=\"lazy\" data-original-width=\"142\" data-original-height=\"100\" itemprop=\"http:\/\/schema.org\/image\" title=\"photo_2025-03-20_12-19-36\" alt=\"photo_2025-03-20_12-19-36\" style=\"width: 142px; height: 100px;\" \/> <\/a> <\/div> <div class=\"tiled-gallery-item tiled-gallery-item-small\" itemprop=\"associatedMedia\" itemscope itemtype=\"http:\/\/schema.org\/ImageObject\"> <a href=\"https:\/\/i0.wp.com\/mincomercionacional.gob.ve\/wp-content\/uploads\/2025\/03\/photo_2025-03-20_12-19-40.jpg?ssl=1\" border=\"0\" itemprop=\"url\"> <meta itemprop=\"width\" content=\"142\"> <meta itemprop=\"height\" content=\"67\"> <img decoding=\"async\" class=\"\" data-attachment-id=\"23165\" data-orig-file=\"https:\/\/mincomercionacional.gob.ve\/wp-content\/uploads\/2025\/03\/photo_2025-03-20_12-19-40.jpg\" data-orig-size=\"1280,607\" data-comments-opened=\"\" data-image-meta=\"{&quot;aperture&quot;:&quot;0&quot;,&quot;credit&quot;:&quot;&quot;,&quot;camera&quot;:&quot;&quot;,&quot;caption&quot;:&quot;&quot;,&quot;created_timestamp&quot;:&quot;0&quot;,&quot;copyright&quot;:&quot;&quot;,&quot;focal_length&quot;:&quot;0&quot;,&quot;iso&quot;:&quot;0&quot;,&quot;shutter_speed&quot;:&quot;0&quot;,&quot;title&quot;:&quot;&quot;,&quot;orientation&quot;:&quot;0&quot;}\" data-image-title=\"photo_2025-03-20_12-19-40\" data-image-description=\"\" data-medium-file=\"https:\/\/i0.wp.com\/mincomercionacional.gob.ve\/wp-content\/uploads\/2025\/03\/photo_2025-03-20_12-19-40.jpg?fit=300%2C142&#038;ssl=1\" data-large-file=\"https:\/\/i0.wp.com\/mincomercionacional.gob.ve\/wp-content\/uploads\/2025\/03\/photo_2025-03-20_12-19-40.jpg?fit=1024%2C486&#038;ssl=1\" src=\"https:\/\/i0.wp.com\/mincomercionacional.gob.ve\/wp-content\/uploads\/2025\/03\/photo_2025-03-20_12-19-40.jpg?w=142&#038;h=67&#038;ssl=1\" width=\"142\" height=\"67\" loading=\"lazy\" data-original-width=\"142\" data-original-height=\"67\" itemprop=\"http:\/\/schema.org\/image\" title=\"photo_2025-03-20_12-19-40\" alt=\"photo_2025-03-20_12-19-40\" style=\"width: 142px; height: 67px;\" \/> <\/a> <\/div> <div class=\"tiled-gallery-item tiled-gallery-item-small\" itemprop=\"associatedMedia\" itemscope itemtype=\"http:\/\/schema.org\/ImageObject\"> <a href=\"https:\/\/i0.wp.com\/mincomercionacional.gob.ve\/wp-content\/uploads\/2025\/03\/photo_2025-03-20_12-19-54.jpg?ssl=1\" border=\"0\" itemprop=\"url\"> <meta itemprop=\"width\" content=\"142\"> <meta itemprop=\"height\" content=\"81\"> <img decoding=\"async\" class=\"\" data-attachment-id=\"23166\" data-orig-file=\"https:\/\/mincomercionacional.gob.ve\/wp-content\/uploads\/2025\/03\/photo_2025-03-20_12-19-54.jpg\" data-orig-size=\"1280,730\" data-comments-opened=\"\" data-image-meta=\"{&quot;aperture&quot;:&quot;0&quot;,&quot;credit&quot;:&quot;&quot;,&quot;camera&quot;:&quot;&quot;,&quot;caption&quot;:&quot;&quot;,&quot;created_timestamp&quot;:&quot;0&quot;,&quot;copyright&quot;:&quot;&quot;,&quot;focal_length&quot;:&quot;0&quot;,&quot;iso&quot;:&quot;0&quot;,&quot;shutter_speed&quot;:&quot;0&quot;,&quot;title&quot;:&quot;&quot;,&quot;orientation&quot;:&quot;0&quot;}\" data-image-title=\"photo_2025-03-20_12-19-54\" data-image-description=\"\" data-medium-file=\"https:\/\/i0.wp.com\/mincomercionacional.gob.ve\/wp-content\/uploads\/2025\/03\/photo_2025-03-20_12-19-54.jpg?fit=300%2C171&#038;ssl=1\" data-large-file=\"https:\/\/i0.wp.com\/mincomercionacional.gob.ve\/wp-content\/uploads\/2025\/03\/photo_2025-03-20_12-19-54.jpg?fit=1024%2C584&#038;ssl=1\" src=\"https:\/\/i0.wp.com\/mincomercionacional.gob.ve\/wp-content\/uploads\/2025\/03\/photo_2025-03-20_12-19-54.jpg?w=142&#038;h=81&#038;ssl=1\" width=\"142\" height=\"81\" loading=\"lazy\" data-original-width=\"142\" data-original-height=\"81\" itemprop=\"http:\/\/schema.org\/image\" title=\"photo_2025-03-20_12-19-54\" alt=\"photo_2025-03-20_12-19-54\" style=\"width: 142px; height: 81px;\" \/> <\/a> <\/div> <div class=\"tiled-gallery-item tiled-gallery-item-small\" itemprop=\"associatedMedia\" itemscope itemtype=\"http:\/\/schema.org\/ImageObject\"> <a href=\"https:\/\/i0.wp.com\/mincomercionacional.gob.ve\/wp-content\/uploads\/2025\/03\/photo_2025-03-20_12-19-59.jpg?ssl=1\" border=\"0\" itemprop=\"url\"> <meta itemprop=\"width\" content=\"142\"> <meta itemprop=\"height\" content=\"89\"> <img decoding=\"async\" class=\"\" data-attachment-id=\"23167\" data-orig-file=\"https:\/\/mincomercionacional.gob.ve\/wp-content\/uploads\/2025\/03\/photo_2025-03-20_12-19-59.jpg\" data-orig-size=\"1280,805\" data-comments-opened=\"\" data-image-meta=\"{&quot;aperture&quot;:&quot;0&quot;,&quot;credit&quot;:&quot;&quot;,&quot;camera&quot;:&quot;&quot;,&quot;caption&quot;:&quot;&quot;,&quot;created_timestamp&quot;:&quot;0&quot;,&quot;copyright&quot;:&quot;&quot;,&quot;focal_length&quot;:&quot;0&quot;,&quot;iso&quot;:&quot;0&quot;,&quot;shutter_speed&quot;:&quot;0&quot;,&quot;title&quot;:&quot;&quot;,&quot;orientation&quot;:&quot;0&quot;}\" data-image-title=\"photo_2025-03-20_12-19-59\" data-image-description=\"\" data-medium-file=\"https:\/\/i0.wp.com\/mincomercionacional.gob.ve\/wp-content\/uploads\/2025\/03\/photo_2025-03-20_12-19-59.jpg?fit=300%2C189&#038;ssl=1\" data-large-file=\"https:\/\/i0.wp.com\/mincomercionacional.gob.ve\/wp-content\/uploads\/2025\/03\/photo_2025-03-20_12-19-59.jpg?fit=1024%2C644&#038;ssl=1\" src=\"https:\/\/i0.wp.com\/mincomercionacional.gob.ve\/wp-content\/uploads\/2025\/03\/photo_2025-03-20_12-19-59.jpg?w=142&#038;h=89&#038;ssl=1\" width=\"142\" height=\"89\" loading=\"lazy\" data-original-width=\"142\" data-original-height=\"89\" itemprop=\"http:\/\/schema.org\/image\" title=\"photo_2025-03-20_12-19-59\" alt=\"photo_2025-03-20_12-19-59\" style=\"width: 142px; height: 89px;\" \/> <\/a> <\/div> <div class=\"tiled-gallery-item tiled-gallery-item-small\" itemprop=\"associatedMedia\" itemscope itemtype=\"http:\/\/schema.org\/ImageObject\"> <a href=\"https:\/\/i0.wp.com\/mincomercionacional.gob.ve\/wp-content\/uploads\/2025\/03\/photo_2025-03-20_12-20-06.jpg?ssl=1\" border=\"0\" itemprop=\"url\"> <meta itemprop=\"width\" content=\"142\"> <meta itemprop=\"height\" content=\"88\"> <img decoding=\"async\" class=\"\" data-attachment-id=\"23168\" data-orig-file=\"https:\/\/mincomercionacional.gob.ve\/wp-content\/uploads\/2025\/03\/photo_2025-03-20_12-20-06.jpg\" data-orig-size=\"1280,793\" data-comments-opened=\"\" data-image-meta=\"{&quot;aperture&quot;:&quot;0&quot;,&quot;credit&quot;:&quot;&quot;,&quot;camera&quot;:&quot;&quot;,&quot;caption&quot;:&quot;&quot;,&quot;created_timestamp&quot;:&quot;0&quot;,&quot;copyright&quot;:&quot;&quot;,&quot;focal_length&quot;:&quot;0&quot;,&quot;iso&quot;:&quot;0&quot;,&quot;shutter_speed&quot;:&quot;0&quot;,&quot;title&quot;:&quot;&quot;,&quot;orientation&quot;:&quot;0&quot;}\" data-image-title=\"photo_2025-03-20_12-20-06\" data-image-description=\"\" data-medium-file=\"https:\/\/i0.wp.com\/mincomercionacional.gob.ve\/wp-content\/uploads\/2025\/03\/photo_2025-03-20_12-20-06.jpg?fit=300%2C186&#038;ssl=1\" data-large-file=\"https:\/\/i0.wp.com\/mincomercionacional.gob.ve\/wp-content\/uploads\/2025\/03\/photo_2025-03-20_12-20-06.jpg?fit=1024%2C634&#038;ssl=1\" src=\"https:\/\/i0.wp.com\/mincomercionacional.gob.ve\/wp-content\/uploads\/2025\/03\/photo_2025-03-20_12-20-06.jpg?w=142&#038;h=88&#038;ssl=1\" width=\"142\" height=\"88\" loading=\"lazy\" data-original-width=\"142\" data-original-height=\"88\" itemprop=\"http:\/\/schema.org\/image\" title=\"photo_2025-03-20_12-20-06\" alt=\"photo_2025-03-20_12-20-06\" style=\"width: 142px; height: 88px;\" \/> <\/a> <\/div> <\/div> <!-- close group --> <div class=\"gallery-group images-5\" style=\"width: 163px; height: 516px;\" data-original-width=\"163\" data-original-height=\"516\" > <div class=\"tiled-gallery-item tiled-gallery-item-small\" itemprop=\"associatedMedia\" itemscope itemtype=\"http:\/\/schema.org\/ImageObject\"> <a href=\"https:\/\/i0.wp.com\/mincomercionacional.gob.ve\/wp-content\/uploads\/2025\/03\/photo_2025-03-20_12-20-10.jpg?ssl=1\" border=\"0\" itemprop=\"url\"> <meta itemprop=\"width\" content=\"159\"> <meta itemprop=\"height\" content=\"96\"> <img decoding=\"async\" class=\"\" data-attachment-id=\"23169\" data-orig-file=\"https:\/\/mincomercionacional.gob.ve\/wp-content\/uploads\/2025\/03\/photo_2025-03-20_12-20-10.jpg\" data-orig-size=\"1280,771\" data-comments-opened=\"\" data-image-meta=\"{&quot;aperture&quot;:&quot;0&quot;,&quot;credit&quot;:&quot;&quot;,&quot;camera&quot;:&quot;&quot;,&quot;caption&quot;:&quot;&quot;,&quot;created_timestamp&quot;:&quot;0&quot;,&quot;copyright&quot;:&quot;&quot;,&quot;focal_length&quot;:&quot;0&quot;,&quot;iso&quot;:&quot;0&quot;,&quot;shutter_speed&quot;:&quot;0&quot;,&quot;title&quot;:&quot;&quot;,&quot;orientation&quot;:&quot;0&quot;}\" data-image-title=\"photo_2025-03-20_12-20-10\" data-image-description=\"\" data-medium-file=\"https:\/\/i0.wp.com\/mincomercionacional.gob.ve\/wp-content\/uploads\/2025\/03\/photo_2025-03-20_12-20-10.jpg?fit=300%2C181&#038;ssl=1\" data-large-file=\"https:\/\/i0.wp.com\/mincomercionacional.gob.ve\/wp-content\/uploads\/2025\/03\/photo_2025-03-20_12-20-10.jpg?fit=1024%2C617&#038;ssl=1\" src=\"https:\/\/i0.wp.com\/mincomercionacional.gob.ve\/wp-content\/uploads\/2025\/03\/photo_2025-03-20_12-20-10.jpg?w=159&#038;h=96&#038;ssl=1\" width=\"159\" height=\"96\" loading=\"lazy\" data-original-width=\"159\" data-original-height=\"96\" itemprop=\"http:\/\/schema.org\/image\" title=\"photo_2025-03-20_12-20-10\" alt=\"photo_2025-03-20_12-20-10\" style=\"width: 159px; height: 96px;\" \/> <\/a> <\/div> <div class=\"tiled-gallery-item tiled-gallery-item-small\" itemprop=\"associatedMedia\" itemscope itemtype=\"http:\/\/schema.org\/ImageObject\"> <a href=\"https:\/\/i0.wp.com\/mincomercionacional.gob.ve\/wp-content\/uploads\/2025\/03\/photo_2025-03-20_12-20-16.jpg?ssl=1\" border=\"0\" itemprop=\"url\"> <meta itemprop=\"width\" content=\"159\"> <meta itemprop=\"height\" content=\"106\"> <img decoding=\"async\" class=\"\" data-attachment-id=\"23170\" data-orig-file=\"https:\/\/mincomercionacional.gob.ve\/wp-content\/uploads\/2025\/03\/photo_2025-03-20_12-20-16.jpg\" data-orig-size=\"1280,853\" data-comments-opened=\"\" data-image-meta=\"{&quot;aperture&quot;:&quot;0&quot;,&quot;credit&quot;:&quot;&quot;,&quot;camera&quot;:&quot;&quot;,&quot;caption&quot;:&quot;&quot;,&quot;created_timestamp&quot;:&quot;0&quot;,&quot;copyright&quot;:&quot;&quot;,&quot;focal_length&quot;:&quot;0&quot;,&quot;iso&quot;:&quot;0&quot;,&quot;shutter_speed&quot;:&quot;0&quot;,&quot;title&quot;:&quot;&quot;,&quot;orientation&quot;:&quot;0&quot;}\" data-image-title=\"photo_2025-03-20_12-20-16\" data-image-description=\"\" data-medium-file=\"https:\/\/i0.wp.com\/mincomercionacional.gob.ve\/wp-content\/uploads\/2025\/03\/photo_2025-03-20_12-20-16.jpg?fit=300%2C200&#038;ssl=1\" data-large-file=\"https:\/\/i0.wp.com\/mincomercionacional.gob.ve\/wp-content\/uploads\/2025\/03\/photo_2025-03-20_12-20-16.jpg?fit=1024%2C682&#038;ssl=1\" src=\"https:\/\/i0.wp.com\/mincomercionacional.gob.ve\/wp-content\/uploads\/2025\/03\/photo_2025-03-20_12-20-16.jpg?w=159&#038;h=106&#038;ssl=1\" width=\"159\" height=\"106\" loading=\"lazy\" data-original-width=\"159\" data-original-height=\"106\" itemprop=\"http:\/\/schema.org\/image\" title=\"photo_2025-03-20_12-20-16\" alt=\"photo_2025-03-20_12-20-16\" style=\"width: 159px; height: 106px;\" \/> <\/a> <\/div> <div class=\"tiled-gallery-item tiled-gallery-item-small\" itemprop=\"associatedMedia\" itemscope itemtype=\"http:\/\/schema.org\/ImageObject\"> <a href=\"https:\/\/i0.wp.com\/mincomercionacional.gob.ve\/wp-content\/uploads\/2025\/03\/photo_2025-03-20_12-20-30.jpg?ssl=1\" border=\"0\" itemprop=\"url\"> <meta itemprop=\"width\" content=\"159\"> <meta itemprop=\"height\" content=\"112\"> <img decoding=\"async\" class=\"\" data-attachment-id=\"23171\" data-orig-file=\"https:\/\/mincomercionacional.gob.ve\/wp-content\/uploads\/2025\/03\/photo_2025-03-20_12-20-30.jpg\" data-orig-size=\"1280,900\" data-comments-opened=\"\" data-image-meta=\"{&quot;aperture&quot;:&quot;0&quot;,&quot;credit&quot;:&quot;&quot;,&quot;camera&quot;:&quot;&quot;,&quot;caption&quot;:&quot;&quot;,&quot;created_timestamp&quot;:&quot;0&quot;,&quot;copyright&quot;:&quot;&quot;,&quot;focal_length&quot;:&quot;0&quot;,&quot;iso&quot;:&quot;0&quot;,&quot;shutter_speed&quot;:&quot;0&quot;,&quot;title&quot;:&quot;&quot;,&quot;orientation&quot;:&quot;0&quot;}\" data-image-title=\"photo_2025-03-20_12-20-30\" data-image-description=\"\" data-medium-file=\"https:\/\/i0.wp.com\/mincomercionacional.gob.ve\/wp-content\/uploads\/2025\/03\/photo_2025-03-20_12-20-30.jpg?fit=300%2C211&#038;ssl=1\" data-large-file=\"https:\/\/i0.wp.com\/mincomercionacional.gob.ve\/wp-content\/uploads\/2025\/03\/photo_2025-03-20_12-20-30.jpg?fit=1024%2C720&#038;ssl=1\" src=\"https:\/\/i0.wp.com\/mincomercionacional.gob.ve\/wp-content\/uploads\/2025\/03\/photo_2025-03-20_12-20-30.jpg?w=159&#038;h=112&#038;ssl=1\" width=\"159\" height=\"112\" loading=\"lazy\" data-original-width=\"159\" data-original-height=\"112\" itemprop=\"http:\/\/schema.org\/image\" title=\"photo_2025-03-20_12-20-30\" alt=\"photo_2025-03-20_12-20-30\" style=\"width: 159px; height: 112px;\" \/> <\/a> <\/div> <div class=\"tiled-gallery-item tiled-gallery-item-small\" itemprop=\"associatedMedia\" itemscope itemtype=\"http:\/\/schema.org\/ImageObject\"> <a href=\"https:\/\/i0.wp.com\/mincomercionacional.gob.ve\/wp-content\/uploads\/2025\/03\/photo_2025-03-20_12-20-33.jpg?ssl=1\" border=\"0\" itemprop=\"url\"> <meta itemprop=\"width\" content=\"159\"> <meta itemprop=\"height\" content=\"109\"> <img decoding=\"async\" class=\"\" data-attachment-id=\"23172\" data-orig-file=\"https:\/\/mincomercionacional.gob.ve\/wp-content\/uploads\/2025\/03\/photo_2025-03-20_12-20-33.jpg\" data-orig-size=\"1280,876\" data-comments-opened=\"\" data-image-meta=\"{&quot;aperture&quot;:&quot;0&quot;,&quot;credit&quot;:&quot;&quot;,&quot;camera&quot;:&quot;&quot;,&quot;caption&quot;:&quot;&quot;,&quot;created_timestamp&quot;:&quot;0&quot;,&quot;copyright&quot;:&quot;&quot;,&quot;focal_length&quot;:&quot;0&quot;,&quot;iso&quot;:&quot;0&quot;,&quot;shutter_speed&quot;:&quot;0&quot;,&quot;title&quot;:&quot;&quot;,&quot;orientation&quot;:&quot;0&quot;}\" data-image-title=\"photo_2025-03-20_12-20-33\" data-image-description=\"\" data-medium-file=\"https:\/\/i0.wp.com\/mincomercionacional.gob.ve\/wp-content\/uploads\/2025\/03\/photo_2025-03-20_12-20-33.jpg?fit=300%2C205&#038;ssl=1\" data-large-file=\"https:\/\/i0.wp.com\/mincomercionacional.gob.ve\/wp-content\/uploads\/2025\/03\/photo_2025-03-20_12-20-33.jpg?fit=1024%2C701&#038;ssl=1\" src=\"https:\/\/i0.wp.com\/mincomercionacional.gob.ve\/wp-content\/uploads\/2025\/03\/photo_2025-03-20_12-20-33.jpg?w=159&#038;h=109&#038;ssl=1\" width=\"159\" height=\"109\" loading=\"lazy\" data-original-width=\"159\" data-original-height=\"109\" itemprop=\"http:\/\/schema.org\/image\" title=\"photo_2025-03-20_12-20-33\" alt=\"photo_2025-03-20_12-20-33\" style=\"width: 159px; height: 109px;\" \/> <\/a> <\/div> <div class=\"tiled-gallery-item tiled-gallery-item-small\" itemprop=\"associatedMedia\" itemscope itemtype=\"http:\/\/schema.org\/ImageObject\"> <a href=\"https:\/\/i0.wp.com\/mincomercionacional.gob.ve\/wp-content\/uploads\/2025\/03\/20250320_102619.jpg?ssl=1\" border=\"0\" itemprop=\"url\"> <meta itemprop=\"width\" content=\"159\"> <meta itemprop=\"height\" content=\"73\"> <img decoding=\"async\" class=\"\" data-attachment-id=\"23156\" data-orig-file=\"https:\/\/mincomercionacional.gob.ve\/wp-content\/uploads\/2025\/03\/20250320_102619.jpg\" data-orig-size=\"4000,1848\" data-comments-opened=\"\" data-image-meta=\"{&quot;aperture&quot;:&quot;1.7&quot;,&quot;credit&quot;:&quot;&quot;,&quot;camera&quot;:&quot;Galaxy S24 Ultra&quot;,&quot;caption&quot;:&quot;&quot;,&quot;created_timestamp&quot;:&quot;1742466379&quot;,&quot;copyright&quot;:&quot;&quot;,&quot;focal_length&quot;:&quot;6.3&quot;,&quot;iso&quot;:&quot;20&quot;,&quot;shutter_speed&quot;:&quot;0.0055555555555556&quot;,&quot;title&quot;:&quot;&quot;,&quot;orientation&quot;:&quot;6&quot;}\" data-image-title=\"20250320_102619\" data-image-description=\"\" data-medium-file=\"https:\/\/i0.wp.com\/mincomercionacional.gob.ve\/wp-content\/uploads\/2025\/03\/20250320_102619.jpg?fit=300%2C139&#038;ssl=1\" data-large-file=\"https:\/\/i0.wp.com\/mincomercionacional.gob.ve\/wp-content\/uploads\/2025\/03\/20250320_102619.jpg?fit=1024%2C473&#038;ssl=1\" src=\"https:\/\/i0.wp.com\/mincomercionacional.gob.ve\/wp-content\/uploads\/2025\/03\/20250320_102619.jpg?w=159&#038;h=73&#038;ssl=1\" width=\"159\" height=\"73\" loading=\"lazy\" data-original-width=\"159\" data-original-height=\"73\" itemprop=\"http:\/\/schema.org\/image\" title=\"20250320_102619\" alt=\"20250320_102619\" style=\"width: 159px; height: 73px;\" \/> <\/a> <\/div> <\/div> <!-- close group --> <\/div> <!-- close row --> <\/div>\n<p>&nbsp;<\/p>\n<p>Conozca m\u00e1s aqu\u00ed:<\/p>\n<blockquote class=\"wp-embedded-content\" data-secret=\"Aty2SHi0Lz\"><p><a href=\"https:\/\/mincomercionacional.gob.ve\/?p=23135\">Pueblo venezolano rechaza violaci\u00f3n de los derechos de migrantes secuestrados en El Salvador<\/a><\/p><\/blockquote>\n<p><iframe loading=\"lazy\" class=\"wp-embedded-content\" sandbox=\"allow-scripts\" security=\"restricted\" style=\"position: absolute; visibility: hidden;\" title=\"\u00abPueblo venezolano rechaza violaci\u00f3n de los derechos de migrantes secuestrados en El Salvador\u00bb \u2014 Ministerio del Poder Popular de Comercio Nacional\" src=\"https:\/\/mincomercionacional.gob.ve\/?p=23135&#038;embed=true#?secret=G79U2ckBrF#?secret=Aty2SHi0Lz\" data-secret=\"Aty2SHi0Lz\" width=\"500\" height=\"282\" frameborder=\"0\" marginwidth=\"0\" marginheight=\"0\" scrolling=\"no\"><\/iframe><\/p>\n","protected":false},"excerpt":{"rendered":"<p>Trabajadores y trabajadoras del Ministerio del Poder Popular de Comercio Nacional asistieron a la Plaza Bol\u00edvar de Caracas para participar en la recolecci\u00f3n de firmas en apoyo a los m\u00e1s de 200 migrantes detenidos en el extranjero. La acci\u00f3n de solidaridad forma parte de la\u00a0\u201cCampa\u00f1a Dignidad Siempre\u201d promovida por las autoridades nacionales y servir\u00e1 de &hellip;<\/p>\n","protected":false},"author":22,"featured_media":23173,"comment_status":"closed","ping_status":"open","sticky":false,"template":"","format":"standard","meta":{"footnotes":""},"categories":[1256,1],"tags":[635,245,2293,2292,1635,1346,222,307,2291,2294],"class_list":["post-23154","post","type-post","status-publish","format-standard","has-post-thumbnail","hentry","category-comercio-nacional","category-prensa","tag-trabajadores","tag-apoyo","tag-campana-dignidad-siempre","tag-connacionales","tag-firmas","tag-migrantes","tag-plaza-bolivar","tag-pueblo","tag-recoleccion","tag-solidaridad"],"jetpack_featured_media_url":"https:\/\/i0.wp.com\/mincomercionacional.gob.ve\/wp-content\/uploads\/2025\/03\/photo_2025-03-20_12-19-51.jpg?fit=1280%2C808&ssl=1","jetpack_shortlink":"https:\/\/wp.me\/pbvjg9-61s","_links":{"self":[{"href":"https:\/\/mincomercionacional.gob.ve\/index.php?rest_route=\/wp\/v2\/posts\/23154","targetHints":{"allow":["GET"]}}],"collection":[{"href":"https:\/\/mincomercionacional.gob.ve\/index.php?rest_route=\/wp\/v2\/posts"}],"about":[{"href":"https:\/\/mincomercionacional.gob.ve\/index.php?rest_route=\/wp\/v2\/types\/post"}],"author":[{"embeddable":true,"href":"https:\/\/mincomercionacional.gob.ve\/index.php?rest_route=\/wp\/v2\/users\/22"}],"replies":[{"embeddable":true,"href":"https:\/\/mincomercionacional.gob.ve\/index.php?rest_route=%2Fwp%2Fv2%2Fcomments&post=23154"}],"version-history":[{"count":6,"href":"https:\/\/mincomercionacional.gob.ve\/index.php?rest_route=\/wp\/v2\/posts\/23154\/revisions"}],"predecessor-version":[{"id":23178,"href":"https:\/\/mincomercionacional.gob.ve\/index.php?rest_route=\/wp\/v2\/posts\/23154\/revisions\/23178"}],"wp:featuredmedia":[{"embeddable":true,"href":"https:\/\/mincomercionacional.gob.ve\/index.php?rest_route=\/wp\/v2\/media\/23173"}],"wp:attachment":[{"href":"https:\/\/mincomercionacional.gob.ve\/index.php?rest_route=%2Fwp%2Fv2%2Fmedia&parent=23154"}],"wp:term":[{"taxonomy":"category","embeddable":true,"href":"https:\/\/mincomercionacional.gob.ve\/index.php?rest_route=%2Fwp%2Fv2%2Fcategories&post=23154"},{"taxonomy":"post_tag","embeddable":true,"href":"https:\/\/mincomercionacional.gob.ve\/index.php?rest_route=%2Fwp%2Fv2%2Ftags&post=23154"}],"curies":[{"name":"wp","href":"https:\/\/api.w.org\/{rel}","templated":true}]}}