{"id":23135,"date":"2025-03-18T21:15:01","date_gmt":"2025-03-19T01:15:01","guid":{"rendered":"https:\/\/mincomercionacional.gob.ve\/?p=23135"},"modified":"2025-03-18T21:15:01","modified_gmt":"2025-03-19T01:15:01","slug":"pueblo-venezolano-rechaza-violacion-de-los-derechos-de-migrantes-secuestrados-en-el-salvador","status":"publish","type":"post","link":"https:\/\/mincomercionacional.gob.ve\/?p=23135","title":{"rendered":"Pueblo venezolano rechaza violaci\u00f3n de los derechos de migrantes secuestrados en El Salvador"},"content":{"rendered":"<p style=\"text-align: justify;\">Desde la Plaza Morelos hasta la Esquina de San Francisco, el pueblo venezolano se moviliz\u00f3 en Caracas para denunciar el secuestro de migrantes venezolanos por parte del gobierno de Estados Unidos, que procedi\u00f3 a recluir injustificadamente a estos ciudadanos inocentes en c\u00e1rceles de El Salvador. Esta movilizaci\u00f3n como expresi\u00f3n de protesta fue recibida por la directiva de la Asamblea Nacional, presidida por el diputado Jorge Rodr\u00edguez.<\/p>\n<p style=\"text-align: justify;\">La fuerza laboral del Ministerio del Poder Popular de Comercio Nacional se sum\u00f3 a la gran movilizaci\u00f3n para expresar su rechazo absoluto a esta nueva arremetida imperial del Gobierno Estadounidense contra los compatriotas que residen en el pa\u00eds norteamericana.<\/p>\n<p style=\"text-align: justify;\">A trav\u00e9s de una llamada telef\u00f3nica, el Presidente Nicol\u00e1s Maduro resalt\u00f3 que \u201cnuestros migrantes son personas de bien, honestas y trabajadoras, que buscan un futuro mejor.\u201d<\/p>\n<div class=\"tiled-gallery type-rectangular tiled-gallery-unresized\" data-original-width=\"500\" data-carousel-extra='{&quot;blog_id&quot;:1,&quot;permalink&quot;:&quot;https:\\\/\\\/mincomercionacional.gob.ve\\\/?p=23135&quot;,&quot;likes_blog_id&quot;:170001901}' itemscope itemtype=\"http:\/\/schema.org\/ImageGallery\" > <div class=\"gallery-row\" style=\"width: 500px; height: 136px;\" data-original-width=\"500\" data-original-height=\"136\" > <div class=\"gallery-group images-1\" style=\"width: 215px; height: 136px;\" data-original-width=\"215\" data-original-height=\"136\" > <div class=\"tiled-gallery-item tiled-gallery-item-small\" itemprop=\"associatedMedia\" itemscope itemtype=\"http:\/\/schema.org\/ImageObject\"> <a href=\"https:\/\/mincomercionacional.gob.ve\/?attachment_id=23143\" border=\"0\" itemprop=\"url\"> <meta itemprop=\"width\" content=\"211\"> <meta itemprop=\"height\" content=\"132\"> <img decoding=\"async\" class=\"\" data-attachment-id=\"23143\" data-orig-file=\"https:\/\/mincomercionacional.gob.ve\/wp-content\/uploads\/2025\/03\/IMG_20250318_201246_260.jpg\" data-orig-size=\"1280,805\" data-comments-opened=\"\" data-image-meta=\"{&quot;aperture&quot;:&quot;0&quot;,&quot;credit&quot;:&quot;&quot;,&quot;camera&quot;:&quot;&quot;,&quot;caption&quot;:&quot;&quot;,&quot;created_timestamp&quot;:&quot;0&quot;,&quot;copyright&quot;:&quot;&quot;,&quot;focal_length&quot;:&quot;0&quot;,&quot;iso&quot;:&quot;0&quot;,&quot;shutter_speed&quot;:&quot;0&quot;,&quot;title&quot;:&quot;&quot;,&quot;orientation&quot;:&quot;0&quot;}\" data-image-title=\"IMG_20250318_201246_260\" data-image-description=\"\" data-medium-file=\"https:\/\/i0.wp.com\/mincomercionacional.gob.ve\/wp-content\/uploads\/2025\/03\/IMG_20250318_201246_260.jpg?fit=300%2C189&#038;ssl=1\" data-large-file=\"https:\/\/i0.wp.com\/mincomercionacional.gob.ve\/wp-content\/uploads\/2025\/03\/IMG_20250318_201246_260.jpg?fit=1024%2C644&#038;ssl=1\" src=\"https:\/\/i0.wp.com\/mincomercionacional.gob.ve\/wp-content\/uploads\/2025\/03\/IMG_20250318_201246_260.jpg?w=211&#038;h=132&#038;ssl=1\" width=\"211\" height=\"132\" loading=\"lazy\" data-original-width=\"211\" data-original-height=\"132\" itemprop=\"http:\/\/schema.org\/image\" title=\"IMG_20250318_201246_260\" alt=\"IMG_20250318_201246_260\" style=\"width: 211px; height: 132px;\" \/> <\/a> <\/div> <\/div> <!-- close group --> <div class=\"gallery-group images-1\" style=\"width: 285px; height: 136px;\" data-original-width=\"285\" data-original-height=\"136\" > <div class=\"tiled-gallery-item tiled-gallery-item-large\" itemprop=\"associatedMedia\" itemscope itemtype=\"http:\/\/schema.org\/ImageObject\"> <a href=\"https:\/\/mincomercionacional.gob.ve\/?attachment_id=23142\" border=\"0\" itemprop=\"url\"> <meta itemprop=\"width\" content=\"281\"> <meta itemprop=\"height\" content=\"132\"> <img decoding=\"async\" class=\"\" data-attachment-id=\"23142\" data-orig-file=\"https:\/\/mincomercionacional.gob.ve\/wp-content\/uploads\/2025\/03\/IMG_20250318_201252_034.jpg\" data-orig-size=\"1280,602\" data-comments-opened=\"\" data-image-meta=\"{&quot;aperture&quot;:&quot;0&quot;,&quot;credit&quot;:&quot;&quot;,&quot;camera&quot;:&quot;&quot;,&quot;caption&quot;:&quot;&quot;,&quot;created_timestamp&quot;:&quot;0&quot;,&quot;copyright&quot;:&quot;&quot;,&quot;focal_length&quot;:&quot;0&quot;,&quot;iso&quot;:&quot;0&quot;,&quot;shutter_speed&quot;:&quot;0&quot;,&quot;title&quot;:&quot;&quot;,&quot;orientation&quot;:&quot;0&quot;}\" data-image-title=\"IMG_20250318_201252_034\" data-image-description=\"\" data-medium-file=\"https:\/\/i0.wp.com\/mincomercionacional.gob.ve\/wp-content\/uploads\/2025\/03\/IMG_20250318_201252_034.jpg?fit=300%2C141&#038;ssl=1\" data-large-file=\"https:\/\/i0.wp.com\/mincomercionacional.gob.ve\/wp-content\/uploads\/2025\/03\/IMG_20250318_201252_034.jpg?fit=1024%2C482&#038;ssl=1\" src=\"https:\/\/i0.wp.com\/mincomercionacional.gob.ve\/wp-content\/uploads\/2025\/03\/IMG_20250318_201252_034.jpg?w=281&#038;h=132&#038;ssl=1\" width=\"281\" height=\"132\" loading=\"lazy\" data-original-width=\"281\" data-original-height=\"132\" itemprop=\"http:\/\/schema.org\/image\" title=\"IMG_20250318_201252_034\" alt=\"IMG_20250318_201252_034\" style=\"width: 281px; height: 132px;\" \/> <\/a> <\/div> <\/div> <!-- close group --> <\/div> <!-- close row --> <div class=\"gallery-row\" style=\"width: 500px; height: 83px;\" data-original-width=\"500\" data-original-height=\"83\" > <div class=\"gallery-group images-1\" style=\"width: 159px; height: 83px;\" data-original-width=\"159\" data-original-height=\"83\" > <div class=\"tiled-gallery-item tiled-gallery-item-small\" itemprop=\"associatedMedia\" itemscope itemtype=\"http:\/\/schema.org\/ImageObject\"> <a href=\"https:\/\/mincomercionacional.gob.ve\/?attachment_id=23141\" border=\"0\" itemprop=\"url\"> <meta itemprop=\"width\" content=\"155\"> <meta itemprop=\"height\" content=\"79\"> <img decoding=\"async\" class=\"\" data-attachment-id=\"23141\" data-orig-file=\"https:\/\/mincomercionacional.gob.ve\/wp-content\/uploads\/2025\/03\/IMG_20250318_201258_686.jpg\" data-orig-size=\"1280,652\" data-comments-opened=\"\" data-image-meta=\"{&quot;aperture&quot;:&quot;0&quot;,&quot;credit&quot;:&quot;&quot;,&quot;camera&quot;:&quot;&quot;,&quot;caption&quot;:&quot;&quot;,&quot;created_timestamp&quot;:&quot;0&quot;,&quot;copyright&quot;:&quot;&quot;,&quot;focal_length&quot;:&quot;0&quot;,&quot;iso&quot;:&quot;0&quot;,&quot;shutter_speed&quot;:&quot;0&quot;,&quot;title&quot;:&quot;&quot;,&quot;orientation&quot;:&quot;0&quot;}\" data-image-title=\"IMG_20250318_201258_686\" data-image-description=\"\" data-medium-file=\"https:\/\/i0.wp.com\/mincomercionacional.gob.ve\/wp-content\/uploads\/2025\/03\/IMG_20250318_201258_686.jpg?fit=300%2C153&#038;ssl=1\" data-large-file=\"https:\/\/i0.wp.com\/mincomercionacional.gob.ve\/wp-content\/uploads\/2025\/03\/IMG_20250318_201258_686.jpg?fit=1024%2C522&#038;ssl=1\" src=\"https:\/\/i0.wp.com\/mincomercionacional.gob.ve\/wp-content\/uploads\/2025\/03\/IMG_20250318_201258_686.jpg?w=155&#038;h=79&#038;ssl=1\" width=\"155\" height=\"79\" loading=\"lazy\" data-original-width=\"155\" data-original-height=\"79\" itemprop=\"http:\/\/schema.org\/image\" title=\"IMG_20250318_201258_686\" alt=\"IMG_20250318_201258_686\" style=\"width: 155px; height: 79px;\" \/> <\/a> <\/div> <\/div> <!-- close group --> <div class=\"gallery-group images-1\" style=\"width: 126px; height: 83px;\" data-original-width=\"126\" data-original-height=\"83\" > <div class=\"tiled-gallery-item tiled-gallery-item-small\" itemprop=\"associatedMedia\" itemscope itemtype=\"http:\/\/schema.org\/ImageObject\"> <a href=\"https:\/\/mincomercionacional.gob.ve\/?attachment_id=23138\" border=\"0\" itemprop=\"url\"> <meta itemprop=\"width\" content=\"122\"> <meta itemprop=\"height\" content=\"79\"> <img decoding=\"async\" class=\"\" data-attachment-id=\"23138\" data-orig-file=\"https:\/\/mincomercionacional.gob.ve\/wp-content\/uploads\/2025\/03\/IMG_20250318_201314_760.jpg\" data-orig-size=\"1280,825\" data-comments-opened=\"\" data-image-meta=\"{&quot;aperture&quot;:&quot;0&quot;,&quot;credit&quot;:&quot;&quot;,&quot;camera&quot;:&quot;&quot;,&quot;caption&quot;:&quot;&quot;,&quot;created_timestamp&quot;:&quot;0&quot;,&quot;copyright&quot;:&quot;&quot;,&quot;focal_length&quot;:&quot;0&quot;,&quot;iso&quot;:&quot;0&quot;,&quot;shutter_speed&quot;:&quot;0&quot;,&quot;title&quot;:&quot;&quot;,&quot;orientation&quot;:&quot;0&quot;}\" data-image-title=\"IMG_20250318_201314_760\" data-image-description=\"\" data-medium-file=\"https:\/\/i0.wp.com\/mincomercionacional.gob.ve\/wp-content\/uploads\/2025\/03\/IMG_20250318_201314_760.jpg?fit=300%2C193&#038;ssl=1\" data-large-file=\"https:\/\/i0.wp.com\/mincomercionacional.gob.ve\/wp-content\/uploads\/2025\/03\/IMG_20250318_201314_760.jpg?fit=1024%2C660&#038;ssl=1\" src=\"https:\/\/i0.wp.com\/mincomercionacional.gob.ve\/wp-content\/uploads\/2025\/03\/IMG_20250318_201314_760.jpg?w=122&#038;h=79&#038;ssl=1\" width=\"122\" height=\"79\" loading=\"lazy\" data-original-width=\"122\" data-original-height=\"79\" itemprop=\"http:\/\/schema.org\/image\" title=\"IMG_20250318_201314_760\" alt=\"IMG_20250318_201314_760\" style=\"width: 122px; height: 79px;\" \/> <\/a> <\/div> <\/div> <!-- close group --> <div class=\"gallery-group images-1\" style=\"width: 110px; height: 83px;\" data-original-width=\"110\" data-original-height=\"83\" > <div class=\"tiled-gallery-item tiled-gallery-item-small\" itemprop=\"associatedMedia\" itemscope itemtype=\"http:\/\/schema.org\/ImageObject\"> <a href=\"https:\/\/mincomercionacional.gob.ve\/?attachment_id=23140\" border=\"0\" itemprop=\"url\"> <meta itemprop=\"width\" content=\"106\"> <meta itemprop=\"height\" content=\"79\"> <img decoding=\"async\" class=\"\" data-attachment-id=\"23140\" data-orig-file=\"https:\/\/mincomercionacional.gob.ve\/wp-content\/uploads\/2025\/03\/IMG_20250318_201306_075.jpg\" data-orig-size=\"1280,953\" data-comments-opened=\"\" data-image-meta=\"{&quot;aperture&quot;:&quot;0&quot;,&quot;credit&quot;:&quot;&quot;,&quot;camera&quot;:&quot;&quot;,&quot;caption&quot;:&quot;&quot;,&quot;created_timestamp&quot;:&quot;0&quot;,&quot;copyright&quot;:&quot;&quot;,&quot;focal_length&quot;:&quot;0&quot;,&quot;iso&quot;:&quot;0&quot;,&quot;shutter_speed&quot;:&quot;0&quot;,&quot;title&quot;:&quot;&quot;,&quot;orientation&quot;:&quot;0&quot;}\" data-image-title=\"IMG_20250318_201306_075\" data-image-description=\"\" data-medium-file=\"https:\/\/i0.wp.com\/mincomercionacional.gob.ve\/wp-content\/uploads\/2025\/03\/IMG_20250318_201306_075.jpg?fit=300%2C223&#038;ssl=1\" data-large-file=\"https:\/\/i0.wp.com\/mincomercionacional.gob.ve\/wp-content\/uploads\/2025\/03\/IMG_20250318_201306_075.jpg?fit=1024%2C762&#038;ssl=1\" src=\"https:\/\/i0.wp.com\/mincomercionacional.gob.ve\/wp-content\/uploads\/2025\/03\/IMG_20250318_201306_075.jpg?w=106&#038;h=79&#038;ssl=1\" width=\"106\" height=\"79\" loading=\"lazy\" data-original-width=\"106\" data-original-height=\"79\" itemprop=\"http:\/\/schema.org\/image\" title=\"IMG_20250318_201306_075\" alt=\"IMG_20250318_201306_075\" style=\"width: 106px; height: 79px;\" \/> <\/a> <\/div> <\/div> <!-- close group --> <div class=\"gallery-group images-1\" style=\"width: 105px; height: 83px;\" data-original-width=\"105\" data-original-height=\"83\" > <div class=\"tiled-gallery-item tiled-gallery-item-small\" itemprop=\"associatedMedia\" itemscope itemtype=\"http:\/\/schema.org\/ImageObject\"> <a href=\"https:\/\/mincomercionacional.gob.ve\/?attachment_id=23139\" border=\"0\" itemprop=\"url\"> <meta itemprop=\"width\" content=\"101\"> <meta itemprop=\"height\" content=\"79\"> <img decoding=\"async\" class=\"\" data-attachment-id=\"23139\" data-orig-file=\"https:\/\/mincomercionacional.gob.ve\/wp-content\/uploads\/2025\/03\/IMG_20250318_201311_734.jpg\" data-orig-size=\"1280,995\" data-comments-opened=\"\" data-image-meta=\"{&quot;aperture&quot;:&quot;0&quot;,&quot;credit&quot;:&quot;&quot;,&quot;camera&quot;:&quot;&quot;,&quot;caption&quot;:&quot;&quot;,&quot;created_timestamp&quot;:&quot;0&quot;,&quot;copyright&quot;:&quot;&quot;,&quot;focal_length&quot;:&quot;0&quot;,&quot;iso&quot;:&quot;0&quot;,&quot;shutter_speed&quot;:&quot;0&quot;,&quot;title&quot;:&quot;&quot;,&quot;orientation&quot;:&quot;0&quot;}\" data-image-title=\"IMG_20250318_201311_734\" data-image-description=\"\" data-medium-file=\"https:\/\/i0.wp.com\/mincomercionacional.gob.ve\/wp-content\/uploads\/2025\/03\/IMG_20250318_201311_734.jpg?fit=300%2C233&#038;ssl=1\" data-large-file=\"https:\/\/i0.wp.com\/mincomercionacional.gob.ve\/wp-content\/uploads\/2025\/03\/IMG_20250318_201311_734.jpg?fit=1024%2C796&#038;ssl=1\" src=\"https:\/\/i0.wp.com\/mincomercionacional.gob.ve\/wp-content\/uploads\/2025\/03\/IMG_20250318_201311_734.jpg?w=101&#038;h=79&#038;ssl=1\" width=\"101\" height=\"79\" loading=\"lazy\" data-original-width=\"101\" data-original-height=\"79\" itemprop=\"http:\/\/schema.org\/image\" title=\"IMG_20250318_201311_734\" alt=\"IMG_20250318_201311_734\" style=\"width: 101px; height: 79px;\" \/> <\/a> <\/div> <\/div> <!-- close group --> <\/div> <!-- close row --> <\/div>\n<p>&nbsp;<\/p>\n<p style=\"text-align: justify;\">El Mandatario nacional inform\u00f3 que se mantiene trabajando arduamente para que el gobierno de EE.UU. entregue sanos y salvos a los migrantes venezolanos deportados a El Salvador, y regresar\u00e1n a Venezuela mediante el Plan Vuelta a la Patria.<\/p>\n<p style=\"text-align: justify;\">Por su parte, el parlamentario venezolano manifest\u00f3 que el Gobierno de los Estados Unidos con la Ley del Enemigo Extranjero del 1798 reproduce el nazismo, tratando a los migrantes venezolanos, incluyendo a ni\u00f1os desde los 14 a\u00f1os, como animales, siendo recluidos en un campo de concentraci\u00f3n y vendidos a Nayib Bukele para que los utilice como mano de obra esclava, violando todas las leyes internacionales.<\/p>\n<p style=\"text-align: justify;\">Finalmente, convoc\u00f3 a la m\u00e1xima unidad popular para asistir a la convocatoria de recolecci\u00f3n de firmas, destinada a solicitar el rescate y repatriaci\u00f3n de todos los migrantes, y que se recoger\u00e1n en todas las Plazas Bol\u00edvar de la naci\u00f3n venezolana a partir del mi\u00e9rcoles 19 de marzo.<\/p>\n","protected":false},"excerpt":{"rendered":"<p>Desde la Plaza Morelos hasta la Esquina de San Francisco, el pueblo venezolano se moviliz\u00f3 en Caracas para denunciar el secuestro de migrantes venezolanos por parte del gobierno de Estados Unidos, que procedi\u00f3 a recluir injustificadamente a estos ciudadanos inocentes en c\u00e1rceles de El Salvador. Esta movilizaci\u00f3n como expresi\u00f3n de protesta fue recibida por la &hellip;<\/p>\n","protected":false},"author":5,"featured_media":23136,"comment_status":"closed","ping_status":"open","sticky":false,"template":"","format":"standard","meta":{"footnotes":""},"categories":[1256,1],"tags":[2289,2287,2288,2290],"class_list":["post-23135","post","type-post","status-publish","format-standard","has-post-thumbnail","hentry","category-comercio-nacional","category-prensa","tag-carceles-de-el-salvador","tag-fascismo","tag-migrantes-venezolanos","tag-nayid-bukele"],"jetpack_featured_media_url":"https:\/\/i0.wp.com\/mincomercionacional.gob.ve\/wp-content\/uploads\/2025\/03\/IMG_20250318_200951_148.jpg?fit=1280%2C648&ssl=1","jetpack_shortlink":"https:\/\/wp.me\/pbvjg9-619","_links":{"self":[{"href":"https:\/\/mincomercionacional.gob.ve\/index.php?rest_route=\/wp\/v2\/posts\/23135","targetHints":{"allow":["GET"]}}],"collection":[{"href":"https:\/\/mincomercionacional.gob.ve\/index.php?rest_route=\/wp\/v2\/posts"}],"about":[{"href":"https:\/\/mincomercionacional.gob.ve\/index.php?rest_route=\/wp\/v2\/types\/post"}],"author":[{"embeddable":true,"href":"https:\/\/mincomercionacional.gob.ve\/index.php?rest_route=\/wp\/v2\/users\/5"}],"replies":[{"embeddable":true,"href":"https:\/\/mincomercionacional.gob.ve\/index.php?rest_route=%2Fwp%2Fv2%2Fcomments&post=23135"}],"version-history":[{"count":2,"href":"https:\/\/mincomercionacional.gob.ve\/index.php?rest_route=\/wp\/v2\/posts\/23135\/revisions"}],"predecessor-version":[{"id":23144,"href":"https:\/\/mincomercionacional.gob.ve\/index.php?rest_route=\/wp\/v2\/posts\/23135\/revisions\/23144"}],"wp:featuredmedia":[{"embeddable":true,"href":"https:\/\/mincomercionacional.gob.ve\/index.php?rest_route=\/wp\/v2\/media\/23136"}],"wp:attachment":[{"href":"https:\/\/mincomercionacional.gob.ve\/index.php?rest_route=%2Fwp%2Fv2%2Fmedia&parent=23135"}],"wp:term":[{"taxonomy":"category","embeddable":true,"href":"https:\/\/mincomercionacional.gob.ve\/index.php?rest_route=%2Fwp%2Fv2%2Fcategories&post=23135"},{"taxonomy":"post_tag","embeddable":true,"href":"https:\/\/mincomercionacional.gob.ve\/index.php?rest_route=%2Fwp%2Fv2%2Ftags&post=23135"}],"curies":[{"name":"wp","href":"https:\/\/api.w.org\/{rel}","templated":true}]}}