{"id":23111,"date":"2025-03-18T07:23:58","date_gmt":"2025-03-18T11:23:58","guid":{"rendered":"https:\/\/mincomercionacional.gob.ve\/?p=23111"},"modified":"2025-03-18T07:23:58","modified_gmt":"2025-03-18T11:23:58","slug":"sistema-de-gobierno-popular-fortalece-liderazgos-de-comunidades-en-barinas","status":"publish","type":"post","link":"https:\/\/mincomercionacional.gob.ve\/?p=23111","title":{"rendered":"Sistema de Gobierno Popular fortalece liderazgos de comunidades en Barinas"},"content":{"rendered":"<p style=\"text-align: justify;\">El Ministro del Poder Popular de Comercio Nacional, Luis Antonio Villegas, particip\u00f3 en la instalaci\u00f3n de la sala del Sistema de Gobierno Popular en la Comuna Socialista Mar\u00eda Ignacia del Pumar del municipio Obispo en Barinas, espacio que fortalecer\u00e1 el liderazgo del Poder Popular a trav\u00e9s del desarrollo y ejecuci\u00f3n de la Agenda Concreta de Acci\u00f3n (ACA) en el territorio.<\/p>\n<p style=\"text-align: justify;\">Esta nueva instalaci\u00f3n permite fomentar la participaci\u00f3n del pueblo en la construcci\u00f3n de la Venezuela pr\u00f3spera, soberana e independiente, implementando el Plan de las 7 Transformaciones, mediante el cual se busca renovar la institucionalidad del Estado para transicionar al nuevo Estado Comunal.<\/p>\n<div class=\"tiled-gallery type-rectangular tiled-gallery-unresized\" data-original-width=\"500\" data-carousel-extra='{&quot;blog_id&quot;:1,&quot;permalink&quot;:&quot;https:\\\/\\\/mincomercionacional.gob.ve\\\/?p=23111&quot;,&quot;likes_blog_id&quot;:170001901}' itemscope itemtype=\"http:\/\/schema.org\/ImageGallery\" > <div class=\"gallery-row\" style=\"width: 500px; height: 224px;\" data-original-width=\"500\" data-original-height=\"224\" > <div class=\"gallery-group images-1\" style=\"width: 334px; height: 224px;\" data-original-width=\"334\" data-original-height=\"224\" > <div class=\"tiled-gallery-item tiled-gallery-item-large\" itemprop=\"associatedMedia\" itemscope itemtype=\"http:\/\/schema.org\/ImageObject\"> <a href=\"https:\/\/mincomercionacional.gob.ve\/?attachment_id=23114\" border=\"0\" itemprop=\"url\"> <meta itemprop=\"width\" content=\"330\"> <meta itemprop=\"height\" content=\"220\"> <img decoding=\"async\" class=\"\" data-attachment-id=\"23114\" data-orig-file=\"https:\/\/mincomercionacional.gob.ve\/wp-content\/uploads\/2025\/03\/IMG_20250315_182148_918.jpg\" data-orig-size=\"1280,855\" data-comments-opened=\"\" data-image-meta=\"{&quot;aperture&quot;:&quot;0&quot;,&quot;credit&quot;:&quot;&quot;,&quot;camera&quot;:&quot;&quot;,&quot;caption&quot;:&quot;&quot;,&quot;created_timestamp&quot;:&quot;0&quot;,&quot;copyright&quot;:&quot;&quot;,&quot;focal_length&quot;:&quot;0&quot;,&quot;iso&quot;:&quot;0&quot;,&quot;shutter_speed&quot;:&quot;0&quot;,&quot;title&quot;:&quot;&quot;,&quot;orientation&quot;:&quot;0&quot;}\" data-image-title=\"IMG_20250315_182148_918\" data-image-description=\"\" data-medium-file=\"https:\/\/i0.wp.com\/mincomercionacional.gob.ve\/wp-content\/uploads\/2025\/03\/IMG_20250315_182148_918.jpg?fit=300%2C200&#038;ssl=1\" data-large-file=\"https:\/\/i0.wp.com\/mincomercionacional.gob.ve\/wp-content\/uploads\/2025\/03\/IMG_20250315_182148_918.jpg?fit=1024%2C684&#038;ssl=1\" src=\"https:\/\/i0.wp.com\/mincomercionacional.gob.ve\/wp-content\/uploads\/2025\/03\/IMG_20250315_182148_918.jpg?w=330&#038;h=220&#038;ssl=1\" width=\"330\" height=\"220\" loading=\"lazy\" data-original-width=\"330\" data-original-height=\"220\" itemprop=\"http:\/\/schema.org\/image\" title=\"IMG_20250315_182148_918\" alt=\"IMG_20250315_182148_918\" style=\"width: 330px; height: 220px;\" \/> <\/a> <\/div> <\/div> <!-- close group --> <div class=\"gallery-group images-2\" style=\"width: 166px; height: 224px;\" data-original-width=\"166\" data-original-height=\"224\" > <div class=\"tiled-gallery-item tiled-gallery-item-small\" itemprop=\"associatedMedia\" itemscope itemtype=\"http:\/\/schema.org\/ImageObject\"> <a href=\"https:\/\/mincomercionacional.gob.ve\/?attachment_id=23115\" border=\"0\" itemprop=\"url\"> <meta itemprop=\"width\" content=\"162\"> <meta itemprop=\"height\" content=\"108\"> <img decoding=\"async\" class=\"\" data-attachment-id=\"23115\" data-orig-file=\"https:\/\/mincomercionacional.gob.ve\/wp-content\/uploads\/2025\/03\/IMG_20250315_182310_464.jpg\" data-orig-size=\"1280,855\" data-comments-opened=\"\" data-image-meta=\"{&quot;aperture&quot;:&quot;0&quot;,&quot;credit&quot;:&quot;&quot;,&quot;camera&quot;:&quot;&quot;,&quot;caption&quot;:&quot;&quot;,&quot;created_timestamp&quot;:&quot;0&quot;,&quot;copyright&quot;:&quot;&quot;,&quot;focal_length&quot;:&quot;0&quot;,&quot;iso&quot;:&quot;0&quot;,&quot;shutter_speed&quot;:&quot;0&quot;,&quot;title&quot;:&quot;&quot;,&quot;orientation&quot;:&quot;0&quot;}\" data-image-title=\"IMG_20250315_182310_464\" data-image-description=\"\" data-medium-file=\"https:\/\/i0.wp.com\/mincomercionacional.gob.ve\/wp-content\/uploads\/2025\/03\/IMG_20250315_182310_464.jpg?fit=300%2C200&#038;ssl=1\" data-large-file=\"https:\/\/i0.wp.com\/mincomercionacional.gob.ve\/wp-content\/uploads\/2025\/03\/IMG_20250315_182310_464.jpg?fit=1024%2C684&#038;ssl=1\" src=\"https:\/\/i0.wp.com\/mincomercionacional.gob.ve\/wp-content\/uploads\/2025\/03\/IMG_20250315_182310_464.jpg?w=162&#038;h=108&#038;ssl=1\" width=\"162\" height=\"108\" loading=\"lazy\" data-original-width=\"162\" data-original-height=\"108\" itemprop=\"http:\/\/schema.org\/image\" title=\"IMG_20250315_182310_464\" alt=\"IMG_20250315_182310_464\" style=\"width: 162px; height: 108px;\" \/> <\/a> <\/div> <div class=\"tiled-gallery-item tiled-gallery-item-small\" itemprop=\"associatedMedia\" itemscope itemtype=\"http:\/\/schema.org\/ImageObject\"> <a href=\"https:\/\/mincomercionacional.gob.ve\/?attachment_id=23116\" border=\"0\" itemprop=\"url\"> <meta itemprop=\"width\" content=\"162\"> <meta itemprop=\"height\" content=\"108\"> <img decoding=\"async\" class=\"\" data-attachment-id=\"23116\" data-orig-file=\"https:\/\/mincomercionacional.gob.ve\/wp-content\/uploads\/2025\/03\/IMG_20250315_182211_004.jpg\" data-orig-size=\"1280,855\" data-comments-opened=\"\" data-image-meta=\"{&quot;aperture&quot;:&quot;0&quot;,&quot;credit&quot;:&quot;&quot;,&quot;camera&quot;:&quot;&quot;,&quot;caption&quot;:&quot;&quot;,&quot;created_timestamp&quot;:&quot;0&quot;,&quot;copyright&quot;:&quot;&quot;,&quot;focal_length&quot;:&quot;0&quot;,&quot;iso&quot;:&quot;0&quot;,&quot;shutter_speed&quot;:&quot;0&quot;,&quot;title&quot;:&quot;&quot;,&quot;orientation&quot;:&quot;0&quot;}\" data-image-title=\"IMG_20250315_182211_004\" data-image-description=\"\" data-medium-file=\"https:\/\/i0.wp.com\/mincomercionacional.gob.ve\/wp-content\/uploads\/2025\/03\/IMG_20250315_182211_004.jpg?fit=300%2C200&#038;ssl=1\" data-large-file=\"https:\/\/i0.wp.com\/mincomercionacional.gob.ve\/wp-content\/uploads\/2025\/03\/IMG_20250315_182211_004.jpg?fit=1024%2C684&#038;ssl=1\" src=\"https:\/\/i0.wp.com\/mincomercionacional.gob.ve\/wp-content\/uploads\/2025\/03\/IMG_20250315_182211_004.jpg?w=162&#038;h=108&#038;ssl=1\" width=\"162\" height=\"108\" loading=\"lazy\" data-original-width=\"162\" data-original-height=\"108\" itemprop=\"http:\/\/schema.org\/image\" title=\"IMG_20250315_182211_004\" alt=\"IMG_20250315_182211_004\" style=\"width: 162px; height: 108px;\" \/> <\/a> <\/div> <\/div> <!-- close group --> <\/div> <!-- close row --> <div class=\"gallery-row\" style=\"width: 500px; height: 113px;\" data-original-width=\"500\" data-original-height=\"113\" > <div class=\"gallery-group images-1\" style=\"width: 167px; height: 113px;\" data-original-width=\"167\" data-original-height=\"113\" > <div class=\"tiled-gallery-item tiled-gallery-item-small\" itemprop=\"associatedMedia\" itemscope itemtype=\"http:\/\/schema.org\/ImageObject\"> <a href=\"https:\/\/mincomercionacional.gob.ve\/?attachment_id=23117\" border=\"0\" itemprop=\"url\"> <meta itemprop=\"width\" content=\"163\"> <meta itemprop=\"height\" content=\"109\"> <img decoding=\"async\" class=\"\" data-attachment-id=\"23117\" data-orig-file=\"https:\/\/mincomercionacional.gob.ve\/wp-content\/uploads\/2025\/03\/IMG_20250315_182205_656.jpg\" data-orig-size=\"1280,855\" data-comments-opened=\"\" data-image-meta=\"{&quot;aperture&quot;:&quot;0&quot;,&quot;credit&quot;:&quot;&quot;,&quot;camera&quot;:&quot;&quot;,&quot;caption&quot;:&quot;&quot;,&quot;created_timestamp&quot;:&quot;0&quot;,&quot;copyright&quot;:&quot;&quot;,&quot;focal_length&quot;:&quot;0&quot;,&quot;iso&quot;:&quot;0&quot;,&quot;shutter_speed&quot;:&quot;0&quot;,&quot;title&quot;:&quot;&quot;,&quot;orientation&quot;:&quot;0&quot;}\" data-image-title=\"IMG_20250315_182205_656\" data-image-description=\"\" data-medium-file=\"https:\/\/i0.wp.com\/mincomercionacional.gob.ve\/wp-content\/uploads\/2025\/03\/IMG_20250315_182205_656.jpg?fit=300%2C200&#038;ssl=1\" data-large-file=\"https:\/\/i0.wp.com\/mincomercionacional.gob.ve\/wp-content\/uploads\/2025\/03\/IMG_20250315_182205_656.jpg?fit=1024%2C684&#038;ssl=1\" src=\"https:\/\/i0.wp.com\/mincomercionacional.gob.ve\/wp-content\/uploads\/2025\/03\/IMG_20250315_182205_656.jpg?w=163&#038;h=109&#038;ssl=1\" width=\"163\" height=\"109\" loading=\"lazy\" data-original-width=\"163\" data-original-height=\"109\" itemprop=\"http:\/\/schema.org\/image\" title=\"IMG_20250315_182205_656\" alt=\"IMG_20250315_182205_656\" style=\"width: 163px; height: 109px;\" \/> <\/a> <\/div> <\/div> <!-- close group --> <div class=\"gallery-group images-1\" style=\"width: 167px; height: 113px;\" data-original-width=\"167\" data-original-height=\"113\" > <div class=\"tiled-gallery-item tiled-gallery-item-small\" itemprop=\"associatedMedia\" itemscope itemtype=\"http:\/\/schema.org\/ImageObject\"> <a href=\"https:\/\/mincomercionacional.gob.ve\/?attachment_id=23118\" border=\"0\" itemprop=\"url\"> <meta itemprop=\"width\" content=\"163\"> <meta itemprop=\"height\" content=\"109\"> <img decoding=\"async\" class=\"\" data-attachment-id=\"23118\" data-orig-file=\"https:\/\/mincomercionacional.gob.ve\/wp-content\/uploads\/2025\/03\/IMG_20250315_182200_341.jpg\" data-orig-size=\"1280,855\" data-comments-opened=\"\" data-image-meta=\"{&quot;aperture&quot;:&quot;0&quot;,&quot;credit&quot;:&quot;&quot;,&quot;camera&quot;:&quot;&quot;,&quot;caption&quot;:&quot;&quot;,&quot;created_timestamp&quot;:&quot;0&quot;,&quot;copyright&quot;:&quot;&quot;,&quot;focal_length&quot;:&quot;0&quot;,&quot;iso&quot;:&quot;0&quot;,&quot;shutter_speed&quot;:&quot;0&quot;,&quot;title&quot;:&quot;&quot;,&quot;orientation&quot;:&quot;0&quot;}\" data-image-title=\"IMG_20250315_182200_341\" data-image-description=\"\" data-medium-file=\"https:\/\/i0.wp.com\/mincomercionacional.gob.ve\/wp-content\/uploads\/2025\/03\/IMG_20250315_182200_341.jpg?fit=300%2C200&#038;ssl=1\" data-large-file=\"https:\/\/i0.wp.com\/mincomercionacional.gob.ve\/wp-content\/uploads\/2025\/03\/IMG_20250315_182200_341.jpg?fit=1024%2C684&#038;ssl=1\" src=\"https:\/\/i0.wp.com\/mincomercionacional.gob.ve\/wp-content\/uploads\/2025\/03\/IMG_20250315_182200_341.jpg?w=163&#038;h=109&#038;ssl=1\" width=\"163\" height=\"109\" loading=\"lazy\" data-original-width=\"163\" data-original-height=\"109\" itemprop=\"http:\/\/schema.org\/image\" title=\"IMG_20250315_182200_341\" alt=\"IMG_20250315_182200_341\" style=\"width: 163px; height: 109px;\" \/> <\/a> <\/div> <\/div> <!-- close group --> <div class=\"gallery-group images-1\" style=\"width: 166px; height: 113px;\" data-original-width=\"166\" data-original-height=\"113\" > <div class=\"tiled-gallery-item tiled-gallery-item-small\" itemprop=\"associatedMedia\" itemscope itemtype=\"http:\/\/schema.org\/ImageObject\"> <a href=\"https:\/\/mincomercionacional.gob.ve\/?attachment_id=23119\" border=\"0\" itemprop=\"url\"> <meta itemprop=\"width\" content=\"162\"> <meta itemprop=\"height\" content=\"109\"> <img decoding=\"async\" class=\"\" data-attachment-id=\"23119\" data-orig-file=\"https:\/\/mincomercionacional.gob.ve\/wp-content\/uploads\/2025\/03\/IMG_20250315_182148_918-1.jpg\" data-orig-size=\"1280,855\" data-comments-opened=\"\" data-image-meta=\"{&quot;aperture&quot;:&quot;0&quot;,&quot;credit&quot;:&quot;&quot;,&quot;camera&quot;:&quot;&quot;,&quot;caption&quot;:&quot;&quot;,&quot;created_timestamp&quot;:&quot;0&quot;,&quot;copyright&quot;:&quot;&quot;,&quot;focal_length&quot;:&quot;0&quot;,&quot;iso&quot;:&quot;0&quot;,&quot;shutter_speed&quot;:&quot;0&quot;,&quot;title&quot;:&quot;&quot;,&quot;orientation&quot;:&quot;0&quot;}\" data-image-title=\"IMG_20250315_182148_918\" data-image-description=\"\" data-medium-file=\"https:\/\/i0.wp.com\/mincomercionacional.gob.ve\/wp-content\/uploads\/2025\/03\/IMG_20250315_182148_918-1.jpg?fit=300%2C200&#038;ssl=1\" data-large-file=\"https:\/\/i0.wp.com\/mincomercionacional.gob.ve\/wp-content\/uploads\/2025\/03\/IMG_20250315_182148_918-1.jpg?fit=1024%2C684&#038;ssl=1\" src=\"https:\/\/i0.wp.com\/mincomercionacional.gob.ve\/wp-content\/uploads\/2025\/03\/IMG_20250315_182148_918-1.jpg?w=162&#038;h=109&#038;ssl=1\" width=\"162\" height=\"109\" loading=\"lazy\" data-original-width=\"162\" data-original-height=\"109\" itemprop=\"http:\/\/schema.org\/image\" title=\"IMG_20250315_182148_918\" alt=\"IMG_20250315_182148_918\" style=\"width: 162px; height: 109px;\" \/> <\/a> <\/div> <\/div> <!-- close group --> <\/div> <!-- close row --> <\/div>\n<p style=\"text-align: justify;\">El taller busca estimular la participaci\u00f3n activa de las comunidades en la toma de decisiones, promoviendo un modelo de autogobernanza inclusivo, en el que los ciudadanos puedan expresar sus necesidades colectivas y propuestas para la transformaci\u00f3n de sus comunidades.<\/p>\n<p style=\"text-align: justify;\">El Gobierno Bolivariano, liderado por el Presidente de la Rep\u00fablica Bolivariana de Venezuela, Nicol\u00e1s Maduro, se mantiene desplegado en el territorio nacional para instalar las salas de autogobierno popular que conformar\u00e1n un robusto Sistema de Gobierno Comunal, el cual funcionar\u00e1 como puente de comunicaci\u00f3n engranado por el Poder Popular.<\/p>\n","protected":false},"excerpt":{"rendered":"<p>El Ministro del Poder Popular de Comercio Nacional, Luis Antonio Villegas, particip\u00f3 en la instalaci\u00f3n de la sala del Sistema de Gobierno Popular en la Comuna Socialista Mar\u00eda Ignacia del Pumar del municipio Obispo en Barinas, espacio que fortalecer\u00e1 el liderazgo del Poder Popular a trav\u00e9s del desarrollo y ejecuci\u00f3n de la Agenda Concreta de &hellip;<\/p>\n","protected":false},"author":22,"featured_media":23121,"comment_status":"closed","ping_status":"open","sticky":false,"template":"","format":"standard","meta":{"footnotes":""},"categories":[1256,1],"tags":[],"class_list":["post-23111","post","type-post","status-publish","format-standard","has-post-thumbnail","hentry","category-comercio-nacional","category-prensa"],"jetpack_featured_media_url":"https:\/\/i0.wp.com\/mincomercionacional.gob.ve\/wp-content\/uploads\/2025\/03\/IMG_20250315_202015_520.jpg?fit=1280%2C855&ssl=1","jetpack_shortlink":"https:\/\/wp.me\/pbvjg9-60L","_links":{"self":[{"href":"https:\/\/mincomercionacional.gob.ve\/index.php?rest_route=\/wp\/v2\/posts\/23111","targetHints":{"allow":["GET"]}}],"collection":[{"href":"https:\/\/mincomercionacional.gob.ve\/index.php?rest_route=\/wp\/v2\/posts"}],"about":[{"href":"https:\/\/mincomercionacional.gob.ve\/index.php?rest_route=\/wp\/v2\/types\/post"}],"author":[{"embeddable":true,"href":"https:\/\/mincomercionacional.gob.ve\/index.php?rest_route=\/wp\/v2\/users\/22"}],"replies":[{"embeddable":true,"href":"https:\/\/mincomercionacional.gob.ve\/index.php?rest_route=%2Fwp%2Fv2%2Fcomments&post=23111"}],"version-history":[{"count":4,"href":"https:\/\/mincomercionacional.gob.ve\/index.php?rest_route=\/wp\/v2\/posts\/23111\/revisions"}],"predecessor-version":[{"id":23129,"href":"https:\/\/mincomercionacional.gob.ve\/index.php?rest_route=\/wp\/v2\/posts\/23111\/revisions\/23129"}],"wp:featuredmedia":[{"embeddable":true,"href":"https:\/\/mincomercionacional.gob.ve\/index.php?rest_route=\/wp\/v2\/media\/23121"}],"wp:attachment":[{"href":"https:\/\/mincomercionacional.gob.ve\/index.php?rest_route=%2Fwp%2Fv2%2Fmedia&parent=23111"}],"wp:term":[{"taxonomy":"category","embeddable":true,"href":"https:\/\/mincomercionacional.gob.ve\/index.php?rest_route=%2Fwp%2Fv2%2Fcategories&post=23111"},{"taxonomy":"post_tag","embeddable":true,"href":"https:\/\/mincomercionacional.gob.ve\/index.php?rest_route=%2Fwp%2Fv2%2Ftags&post=23111"}],"curies":[{"name":"wp","href":"https:\/\/api.w.org\/{rel}","templated":true}]}}