{"id":23026,"date":"2025-03-10T17:49:46","date_gmt":"2025-03-10T21:49:46","guid":{"rendered":"https:\/\/mincomercionacional.gob.ve\/?p=23026"},"modified":"2025-03-10T17:49:46","modified_gmt":"2025-03-10T21:49:46","slug":"vicepresidenta-ejecutiva-presenta-documento-probatorio-del-pago-de-exxonmobil-para-sacar-a-chevron-de-venezuela","status":"publish","type":"post","link":"https:\/\/mincomercionacional.gob.ve\/?p=23026","title":{"rendered":"Vicepresidenta Ejecutiva presenta documento probatorio del pago de ExxonMobil para sacar a Chevron de Venezuela"},"content":{"rendered":"<p style=\"text-align: justify;\">\u201cDenuncio responsablemente que si algo llega a ocurrir a alguna alta autoridad de la Rep\u00fablica Bolivariana de Venezuela, responsabilizo directamente a la ExxonMobil\u201d, destac\u00f3 este lunes la Vicepresidenta Ejecutiva, Delcy Rodr\u00edguez, al presentar un documento que evidencia el lobby realizado por la transnacional contra licenciatarias petroleras en la naci\u00f3n bolivariana.<\/p>\n<p style=\"text-align: justify;\">En declaraciones a la prensa, Rodr\u00edguez expres\u00f3 que la ExxonMobil pag\u00f3 para que sacaran a Chevron de Venezuela a efectos de que apliquen m\u00e1s sanciones contra el pa\u00eds, incluyendo la prohibici\u00f3n de las operaciones de la empresa, y, as\u00ed, \u00abcausar sufrimiento econ\u00f3mico en la poblaci\u00f3n y generar un cambio pol\u00edtico. Lo que se traduce en m\u00e1s presi\u00f3n, que se refiere a golpes de Estado, magnicidios y as\u00ed socavar la integridad territorial de Venezuela\u00bb.<\/p>\n<p style=\"text-align: justify;\">Igualmente, se\u00f1al\u00f3 que el documento se hizo para incidir en las autoridades de la administraci\u00f3n del Gobierno de Estados Unidos, a efectos de generar posibilidades de cambio de r\u00e9gimen (lo que refleja el documento). \u00abLo m\u00e1s impactante de esto, es que el documento induce a que debe generarse m\u00e1s migraci\u00f3n, porque eso causa la verdadera desesperanza pol\u00edtica en la poblaci\u00f3n venezolana que cruza fronteras, producto del asedio econ\u00f3mico y las sanciones\u00bb dijo.<\/p>\n<p style=\"text-align: justify;\">Finalmente, agreg\u00f3 que las sanciones il\u00edcitas y criminales que ha pedido la oposici\u00f3n extremista venezolana como Mar\u00eda Corina Machado, Leopoldo L\u00f3pez, Juan Guaid\u00f3, Carlos Vecchio, \u00abdeber\u00edan ser designados como una organizaci\u00f3n criminal trasnacional por el robo de los activos de Venezuela y por el da\u00f1o que han causado a nuestro pa\u00eds a trav\u00e9s de este bloqueo ileg\u00edtimo contra Venezuela\u00bb.<\/p>\n<p>&nbsp;<\/p>\n<p>&nbsp;<\/p>\n","protected":false},"excerpt":{"rendered":"<p>\u201cDenuncio responsablemente que si algo llega a ocurrir a alguna alta autoridad de la Rep\u00fablica Bolivariana de Venezuela, responsabilizo directamente a la ExxonMobil\u201d, destac\u00f3 este lunes la Vicepresidenta Ejecutiva, Delcy Rodr\u00edguez, al presentar un documento que evidencia el lobby realizado por la transnacional contra licenciatarias petroleras en la naci\u00f3n bolivariana. En declaraciones a la prensa, &hellip;<\/p>\n","protected":false},"author":22,"featured_media":23027,"comment_status":"closed","ping_status":"open","sticky":false,"template":"","format":"standard","meta":{"footnotes":""},"categories":[1257],"tags":[2277,1746,2274,2275,2273,2271,2276,2272,39],"class_list":["post-23026","post","type-post","status-publish","format-standard","has-post-thumbnail","hentry","category-vp","tag-chevron","tag-estados-unidos","tag-exxonmobil","tag-fronteras","tag-golpes-de-estado","tag-integridad-territorial","tag-lobby","tag-presion","tag-venezuela"],"jetpack_featured_media_url":"https:\/\/i0.wp.com\/mincomercionacional.gob.ve\/wp-content\/uploads\/2025\/03\/photo_2025-03-10_16-03-35.jpg?fit=800%2C445&ssl=1","jetpack_shortlink":"https:\/\/wp.me\/pbvjg9-5Zo","_links":{"self":[{"href":"https:\/\/mincomercionacional.gob.ve\/index.php?rest_route=\/wp\/v2\/posts\/23026","targetHints":{"allow":["GET"]}}],"collection":[{"href":"https:\/\/mincomercionacional.gob.ve\/index.php?rest_route=\/wp\/v2\/posts"}],"about":[{"href":"https:\/\/mincomercionacional.gob.ve\/index.php?rest_route=\/wp\/v2\/types\/post"}],"author":[{"embeddable":true,"href":"https:\/\/mincomercionacional.gob.ve\/index.php?rest_route=\/wp\/v2\/users\/22"}],"replies":[{"embeddable":true,"href":"https:\/\/mincomercionacional.gob.ve\/index.php?rest_route=%2Fwp%2Fv2%2Fcomments&post=23026"}],"version-history":[{"count":2,"href":"https:\/\/mincomercionacional.gob.ve\/index.php?rest_route=\/wp\/v2\/posts\/23026\/revisions"}],"predecessor-version":[{"id":23029,"href":"https:\/\/mincomercionacional.gob.ve\/index.php?rest_route=\/wp\/v2\/posts\/23026\/revisions\/23029"}],"wp:featuredmedia":[{"embeddable":true,"href":"https:\/\/mincomercionacional.gob.ve\/index.php?rest_route=\/wp\/v2\/media\/23027"}],"wp:attachment":[{"href":"https:\/\/mincomercionacional.gob.ve\/index.php?rest_route=%2Fwp%2Fv2%2Fmedia&parent=23026"}],"wp:term":[{"taxonomy":"category","embeddable":true,"href":"https:\/\/mincomercionacional.gob.ve\/index.php?rest_route=%2Fwp%2Fv2%2Fcategories&post=23026"},{"taxonomy":"post_tag","embeddable":true,"href":"https:\/\/mincomercionacional.gob.ve\/index.php?rest_route=%2Fwp%2Fv2%2Ftags&post=23026"}],"curies":[{"name":"wp","href":"https:\/\/api.w.org\/{rel}","templated":true}]}}