{"id":22715,"date":"2025-02-11T15:24:25","date_gmt":"2025-02-11T19:24:25","guid":{"rendered":"https:\/\/mincomercionacional.gob.ve\/?p=22715"},"modified":"2025-02-12T11:17:09","modified_gmt":"2025-02-12T15:17:09","slug":"plan-antonio-jose-de-sucre-atiende-a-comunas-del-eje-norte-de-petare","status":"publish","type":"post","link":"https:\/\/mincomercionacional.gob.ve\/?p=22715","title":{"rendered":"Plan Antonio Jos\u00e9 de Sucre atiende a comunas del eje norte de Petare"},"content":{"rendered":"<p style=\"text-align: justify;\">El Gobierno Bolivariano activ\u00f3 este lunes el Plan Antonio Jos\u00e9 de Sucre en Petare, estado Miranda, con el objetivo de atender los proyectos priorizados de 17 comunas y 2 circuitos comunales, agrupados en el eje norte del municipio mirandino. En una primera fase, los habitantes recibieron los materiales necesarios para llevar a cabo la rehabilitaci\u00f3n de sus viviendas.<\/p>\n<p style=\"text-align: justify;\">El responsable del plan, diputado Pedro infante, destac\u00f3 que este es el a\u00f1o de consolidar y construir un sistema de gobierno comunal eficiente, donde el poder popular desarrolle e impulse sus propios planes para garantizar una transformaci\u00f3n social que propicie ciudades m\u00e1s humanas.<\/p>\n<p style=\"text-align: justify;\">\u201cEste es el plan del presidente Nicol\u00e1s Maduro, es el plan de la Revoluci\u00f3n Bolivariana, para abrazar y proteger a las cinco parroquias del municipio Sucre. Es un plan para todos y todas, que arropa a ni\u00f1os, ni\u00f1as, mujeres, hombres, abuelas y abuelas de la Patria, fundamentado en las siete transformaciones del Plan de la Patria 2025-2031\u201d, enfatiz\u00f3 Infante durante la jornada social realizada en La Urbina.<\/p>\n<p style=\"text-align: justify;\">Asimismo, precis\u00f3 que el trabajo articulado entre el Gobierno Nacional, regional y local, junto a las organizaciones sociales comunales debe llevarse a cabo \u201ccon eficiencia, eficacia y soluciones\u201d, para fortalecer las capacidades productivas y econ\u00f3micas, as\u00ed como fomentar una cultura de paz en las comunidades, mejorando as\u00ed la calidad de vida de sus habitantes.<\/p>\n<p style=\"text-align: justify;\">La jornada tambi\u00e9n cont\u00f3 con la presencia del Ministro del Poder Popular de Comercio Nacional, Luis Antonio Villegas; el Ministro del Poder Popular para el H\u00e1bitat y la Vivienda, Ra\u00fal Paredes; la alcaldesa de Caracas, Carmen Mel\u00e9ndez; el gobernador de Miranda, Elio Serrano; y el alcalde del municipio Sucre, Jos\u00e9 Vicente Rangel.<\/p>\n<p style=\"text-align: justify;\">El Presidente de la Rep\u00fablica, Nicol\u00e1s Maduro, cre\u00f3 el Plan Mariscal Antonio Jos\u00e9 de Sucre, con el objetivo de pacificar y reivindicar socialmente a Petare y a toda la jurisdicci\u00f3n metropolitana de Miranda. Este plan especial de atenci\u00f3n integral, enmarcado en la 4T, del Plan de las 7 transformaciones de Venezuela, aborda las necesidades de las comunidades en \u00e1reas como salud, educaci\u00f3n, deporte, seguridad, alimentaci\u00f3n, vivienda y servicios p\u00fablicos en las cinco parroquias y los siete ejes del municipio.<\/p>\n<div class=\"tiled-gallery type-square tiled-gallery-unresized\" data-original-width=\"500\" data-carousel-extra='{&quot;blog_id&quot;:1,&quot;permalink&quot;:&quot;https:\\\/\\\/mincomercionacional.gob.ve\\\/?p=22715&quot;,&quot;likes_blog_id&quot;:170001901}' itemscope itemtype=\"http:\/\/schema.org\/ImageGallery\" > <div class=\"gallery-row\" style=\"width: 500px; height: 166px;\" data-original-width=\"500\" data-original-height=\"166\" > <div class=\"gallery-group\" style=\"width: 166px; height: 166px;\" data-original-width=\"166\" data-original-height=\"166\" > <div class=\"tiled-gallery-item \" itemprop=\"associatedMedia\" itemscope itemtype=\"http:\/\/schema.org\/ImageObject\"> <a href=\"https:\/\/i0.wp.com\/mincomercionacional.gob.ve\/wp-content\/uploads\/2025\/02\/photo_2025-02-11_15-13-19.jpg?ssl=1\" border=\"0\" itemprop=\"url\"> <meta itemprop=\"width\" content=\"162\"> <meta itemprop=\"height\" content=\"162\"> <img decoding=\"async\" class=\"\" data-attachment-id=\"22717\" data-orig-file=\"https:\/\/mincomercionacional.gob.ve\/wp-content\/uploads\/2025\/02\/photo_2025-02-11_15-13-19.jpg\" data-orig-size=\"1280,741\" data-comments-opened=\"\" data-image-meta=\"{&quot;aperture&quot;:&quot;0&quot;,&quot;credit&quot;:&quot;&quot;,&quot;camera&quot;:&quot;&quot;,&quot;caption&quot;:&quot;&quot;,&quot;created_timestamp&quot;:&quot;0&quot;,&quot;copyright&quot;:&quot;&quot;,&quot;focal_length&quot;:&quot;0&quot;,&quot;iso&quot;:&quot;0&quot;,&quot;shutter_speed&quot;:&quot;0&quot;,&quot;title&quot;:&quot;&quot;,&quot;orientation&quot;:&quot;0&quot;}\" data-image-title=\"photo_2025-02-11_15-13-19\" data-image-description=\"\" data-medium-file=\"https:\/\/i0.wp.com\/mincomercionacional.gob.ve\/wp-content\/uploads\/2025\/02\/photo_2025-02-11_15-13-19.jpg?fit=300%2C174&#038;ssl=1\" data-large-file=\"https:\/\/i0.wp.com\/mincomercionacional.gob.ve\/wp-content\/uploads\/2025\/02\/photo_2025-02-11_15-13-19.jpg?fit=1024%2C593&#038;ssl=1\" src=\"https:\/\/i0.wp.com\/mincomercionacional.gob.ve\/wp-content\/uploads\/2025\/02\/photo_2025-02-11_15-13-19.jpg?w=162&#038;h=162&#038;crop=1&#038;ssl=1\" width=\"162\" height=\"162\" loading=\"lazy\" data-original-width=\"162\" data-original-height=\"162\" itemprop=\"http:\/\/schema.org\/image\" title=\"photo_2025-02-11_15-13-19\" alt=\"photo_2025-02-11_15-13-19\" style=\"width: 162px; height: 162px;\" \/> <\/a> <\/div> <\/div> <div class=\"gallery-group\" style=\"width: 166px; height: 166px;\" data-original-width=\"166\" data-original-height=\"166\" > <div class=\"tiled-gallery-item \" itemprop=\"associatedMedia\" itemscope itemtype=\"http:\/\/schema.org\/ImageObject\"> <a href=\"https:\/\/i0.wp.com\/mincomercionacional.gob.ve\/wp-content\/uploads\/2025\/02\/photo_2025-02-11_15-13-22.jpg?ssl=1\" border=\"0\" itemprop=\"url\"> <meta itemprop=\"width\" content=\"162\"> <meta itemprop=\"height\" content=\"162\"> <img decoding=\"async\" class=\"\" data-attachment-id=\"22718\" data-orig-file=\"https:\/\/mincomercionacional.gob.ve\/wp-content\/uploads\/2025\/02\/photo_2025-02-11_15-13-22.jpg\" data-orig-size=\"1280,673\" data-comments-opened=\"\" data-image-meta=\"{&quot;aperture&quot;:&quot;0&quot;,&quot;credit&quot;:&quot;&quot;,&quot;camera&quot;:&quot;&quot;,&quot;caption&quot;:&quot;&quot;,&quot;created_timestamp&quot;:&quot;0&quot;,&quot;copyright&quot;:&quot;&quot;,&quot;focal_length&quot;:&quot;0&quot;,&quot;iso&quot;:&quot;0&quot;,&quot;shutter_speed&quot;:&quot;0&quot;,&quot;title&quot;:&quot;&quot;,&quot;orientation&quot;:&quot;0&quot;}\" data-image-title=\"photo_2025-02-11_15-13-22\" data-image-description=\"\" data-medium-file=\"https:\/\/i0.wp.com\/mincomercionacional.gob.ve\/wp-content\/uploads\/2025\/02\/photo_2025-02-11_15-13-22.jpg?fit=300%2C158&#038;ssl=1\" data-large-file=\"https:\/\/i0.wp.com\/mincomercionacional.gob.ve\/wp-content\/uploads\/2025\/02\/photo_2025-02-11_15-13-22.jpg?fit=1024%2C538&#038;ssl=1\" src=\"https:\/\/i0.wp.com\/mincomercionacional.gob.ve\/wp-content\/uploads\/2025\/02\/photo_2025-02-11_15-13-22.jpg?w=162&#038;h=162&#038;crop=1&#038;ssl=1\" width=\"162\" height=\"162\" loading=\"lazy\" data-original-width=\"162\" data-original-height=\"162\" itemprop=\"http:\/\/schema.org\/image\" title=\"photo_2025-02-11_15-13-22\" alt=\"photo_2025-02-11_15-13-22\" style=\"width: 162px; height: 162px;\" \/> <\/a> <\/div> <\/div> <div class=\"gallery-group\" style=\"width: 166px; height: 166px;\" data-original-width=\"166\" data-original-height=\"166\" > <div class=\"tiled-gallery-item \" itemprop=\"associatedMedia\" itemscope itemtype=\"http:\/\/schema.org\/ImageObject\"> <a href=\"https:\/\/i0.wp.com\/mincomercionacional.gob.ve\/wp-content\/uploads\/2025\/02\/photo_2025-02-11_15-13-26.jpg?ssl=1\" border=\"0\" itemprop=\"url\"> <meta itemprop=\"width\" content=\"162\"> <meta itemprop=\"height\" content=\"162\"> <img decoding=\"async\" class=\"\" data-attachment-id=\"22719\" data-orig-file=\"https:\/\/mincomercionacional.gob.ve\/wp-content\/uploads\/2025\/02\/photo_2025-02-11_15-13-26.jpg\" data-orig-size=\"1280,706\" data-comments-opened=\"\" data-image-meta=\"{&quot;aperture&quot;:&quot;0&quot;,&quot;credit&quot;:&quot;&quot;,&quot;camera&quot;:&quot;&quot;,&quot;caption&quot;:&quot;&quot;,&quot;created_timestamp&quot;:&quot;0&quot;,&quot;copyright&quot;:&quot;&quot;,&quot;focal_length&quot;:&quot;0&quot;,&quot;iso&quot;:&quot;0&quot;,&quot;shutter_speed&quot;:&quot;0&quot;,&quot;title&quot;:&quot;&quot;,&quot;orientation&quot;:&quot;0&quot;}\" data-image-title=\"photo_2025-02-11_15-13-26\" data-image-description=\"\" data-medium-file=\"https:\/\/i0.wp.com\/mincomercionacional.gob.ve\/wp-content\/uploads\/2025\/02\/photo_2025-02-11_15-13-26.jpg?fit=300%2C165&#038;ssl=1\" data-large-file=\"https:\/\/i0.wp.com\/mincomercionacional.gob.ve\/wp-content\/uploads\/2025\/02\/photo_2025-02-11_15-13-26.jpg?fit=1024%2C565&#038;ssl=1\" src=\"https:\/\/i0.wp.com\/mincomercionacional.gob.ve\/wp-content\/uploads\/2025\/02\/photo_2025-02-11_15-13-26.jpg?w=162&#038;h=162&#038;crop=1&#038;ssl=1\" width=\"162\" height=\"162\" loading=\"lazy\" data-original-width=\"162\" data-original-height=\"162\" itemprop=\"http:\/\/schema.org\/image\" title=\"photo_2025-02-11_15-13-26\" alt=\"photo_2025-02-11_15-13-26\" style=\"width: 162px; height: 162px;\" \/> <\/a> <\/div> <\/div> <\/div> <div class=\"gallery-row\" style=\"width: 500px; height: 166px;\" data-original-width=\"500\" data-original-height=\"166\" > <div class=\"gallery-group\" style=\"width: 166px; height: 166px;\" data-original-width=\"166\" data-original-height=\"166\" > <div class=\"tiled-gallery-item \" itemprop=\"associatedMedia\" itemscope itemtype=\"http:\/\/schema.org\/ImageObject\"> <a href=\"https:\/\/i0.wp.com\/mincomercionacional.gob.ve\/wp-content\/uploads\/2025\/02\/photo_2025-02-11_15-13-28.jpg?ssl=1\" border=\"0\" itemprop=\"url\"> <meta itemprop=\"width\" content=\"162\"> <meta itemprop=\"height\" content=\"162\"> <img decoding=\"async\" class=\"\" data-attachment-id=\"22720\" data-orig-file=\"https:\/\/mincomercionacional.gob.ve\/wp-content\/uploads\/2025\/02\/photo_2025-02-11_15-13-28.jpg\" data-orig-size=\"1280,625\" data-comments-opened=\"\" data-image-meta=\"{&quot;aperture&quot;:&quot;0&quot;,&quot;credit&quot;:&quot;&quot;,&quot;camera&quot;:&quot;&quot;,&quot;caption&quot;:&quot;&quot;,&quot;created_timestamp&quot;:&quot;0&quot;,&quot;copyright&quot;:&quot;&quot;,&quot;focal_length&quot;:&quot;0&quot;,&quot;iso&quot;:&quot;0&quot;,&quot;shutter_speed&quot;:&quot;0&quot;,&quot;title&quot;:&quot;&quot;,&quot;orientation&quot;:&quot;0&quot;}\" data-image-title=\"photo_2025-02-11_15-13-28\" data-image-description=\"\" data-medium-file=\"https:\/\/i0.wp.com\/mincomercionacional.gob.ve\/wp-content\/uploads\/2025\/02\/photo_2025-02-11_15-13-28.jpg?fit=300%2C146&#038;ssl=1\" data-large-file=\"https:\/\/i0.wp.com\/mincomercionacional.gob.ve\/wp-content\/uploads\/2025\/02\/photo_2025-02-11_15-13-28.jpg?fit=1024%2C500&#038;ssl=1\" src=\"https:\/\/i0.wp.com\/mincomercionacional.gob.ve\/wp-content\/uploads\/2025\/02\/photo_2025-02-11_15-13-28.jpg?w=162&#038;h=162&#038;crop=1&#038;ssl=1\" width=\"162\" height=\"162\" loading=\"lazy\" data-original-width=\"162\" data-original-height=\"162\" itemprop=\"http:\/\/schema.org\/image\" title=\"photo_2025-02-11_15-13-28\" alt=\"photo_2025-02-11_15-13-28\" style=\"width: 162px; height: 162px;\" \/> <\/a> <\/div> <\/div> <div class=\"gallery-group\" style=\"width: 166px; height: 166px;\" data-original-width=\"166\" data-original-height=\"166\" > <div class=\"tiled-gallery-item \" itemprop=\"associatedMedia\" itemscope itemtype=\"http:\/\/schema.org\/ImageObject\"> <a href=\"https:\/\/i0.wp.com\/mincomercionacional.gob.ve\/wp-content\/uploads\/2025\/02\/photo_2025-02-11_15-13-31.jpg?ssl=1\" border=\"0\" itemprop=\"url\"> <meta itemprop=\"width\" content=\"162\"> <meta itemprop=\"height\" content=\"162\"> <img decoding=\"async\" class=\"\" data-attachment-id=\"22721\" data-orig-file=\"https:\/\/mincomercionacional.gob.ve\/wp-content\/uploads\/2025\/02\/photo_2025-02-11_15-13-31.jpg\" data-orig-size=\"1280,645\" data-comments-opened=\"\" data-image-meta=\"{&quot;aperture&quot;:&quot;0&quot;,&quot;credit&quot;:&quot;&quot;,&quot;camera&quot;:&quot;&quot;,&quot;caption&quot;:&quot;&quot;,&quot;created_timestamp&quot;:&quot;0&quot;,&quot;copyright&quot;:&quot;&quot;,&quot;focal_length&quot;:&quot;0&quot;,&quot;iso&quot;:&quot;0&quot;,&quot;shutter_speed&quot;:&quot;0&quot;,&quot;title&quot;:&quot;&quot;,&quot;orientation&quot;:&quot;0&quot;}\" data-image-title=\"photo_2025-02-11_15-13-31\" data-image-description=\"\" data-medium-file=\"https:\/\/i0.wp.com\/mincomercionacional.gob.ve\/wp-content\/uploads\/2025\/02\/photo_2025-02-11_15-13-31.jpg?fit=300%2C151&#038;ssl=1\" data-large-file=\"https:\/\/i0.wp.com\/mincomercionacional.gob.ve\/wp-content\/uploads\/2025\/02\/photo_2025-02-11_15-13-31.jpg?fit=1024%2C516&#038;ssl=1\" src=\"https:\/\/i0.wp.com\/mincomercionacional.gob.ve\/wp-content\/uploads\/2025\/02\/photo_2025-02-11_15-13-31.jpg?w=162&#038;h=162&#038;crop=1&#038;ssl=1\" width=\"162\" height=\"162\" loading=\"lazy\" data-original-width=\"162\" data-original-height=\"162\" itemprop=\"http:\/\/schema.org\/image\" title=\"photo_2025-02-11_15-13-31\" alt=\"photo_2025-02-11_15-13-31\" style=\"width: 162px; height: 162px;\" \/> <\/a> <\/div> <\/div> <div class=\"gallery-group\" style=\"width: 166px; height: 166px;\" data-original-width=\"166\" data-original-height=\"166\" > <div class=\"tiled-gallery-item \" itemprop=\"associatedMedia\" itemscope itemtype=\"http:\/\/schema.org\/ImageObject\"> <a href=\"https:\/\/i0.wp.com\/mincomercionacional.gob.ve\/wp-content\/uploads\/2025\/02\/photo_2025-02-11_15-13-40.jpg?ssl=1\" border=\"0\" itemprop=\"url\"> <meta itemprop=\"width\" content=\"162\"> <meta itemprop=\"height\" content=\"162\"> <img decoding=\"async\" class=\"\" data-attachment-id=\"22722\" data-orig-file=\"https:\/\/mincomercionacional.gob.ve\/wp-content\/uploads\/2025\/02\/photo_2025-02-11_15-13-40.jpg\" data-orig-size=\"1280,743\" data-comments-opened=\"\" data-image-meta=\"{&quot;aperture&quot;:&quot;0&quot;,&quot;credit&quot;:&quot;&quot;,&quot;camera&quot;:&quot;&quot;,&quot;caption&quot;:&quot;&quot;,&quot;created_timestamp&quot;:&quot;0&quot;,&quot;copyright&quot;:&quot;&quot;,&quot;focal_length&quot;:&quot;0&quot;,&quot;iso&quot;:&quot;0&quot;,&quot;shutter_speed&quot;:&quot;0&quot;,&quot;title&quot;:&quot;&quot;,&quot;orientation&quot;:&quot;0&quot;}\" data-image-title=\"photo_2025-02-11_15-13-40\" data-image-description=\"\" data-medium-file=\"https:\/\/i0.wp.com\/mincomercionacional.gob.ve\/wp-content\/uploads\/2025\/02\/photo_2025-02-11_15-13-40.jpg?fit=300%2C174&#038;ssl=1\" data-large-file=\"https:\/\/i0.wp.com\/mincomercionacional.gob.ve\/wp-content\/uploads\/2025\/02\/photo_2025-02-11_15-13-40.jpg?fit=1024%2C594&#038;ssl=1\" src=\"https:\/\/i0.wp.com\/mincomercionacional.gob.ve\/wp-content\/uploads\/2025\/02\/photo_2025-02-11_15-13-40.jpg?w=162&#038;h=162&#038;crop=1&#038;ssl=1\" width=\"162\" height=\"162\" loading=\"lazy\" data-original-width=\"162\" data-original-height=\"162\" itemprop=\"http:\/\/schema.org\/image\" title=\"photo_2025-02-11_15-13-40\" alt=\"photo_2025-02-11_15-13-40\" style=\"width: 162px; height: 162px;\" \/> <\/a> <\/div> <\/div> <\/div> <div class=\"gallery-row\" style=\"width: 500px; height: 166px;\" data-original-width=\"500\" data-original-height=\"166\" > <div class=\"gallery-group\" style=\"width: 166px; height: 166px;\" data-original-width=\"166\" data-original-height=\"166\" > <div class=\"tiled-gallery-item \" itemprop=\"associatedMedia\" itemscope itemtype=\"http:\/\/schema.org\/ImageObject\"> <a href=\"https:\/\/i0.wp.com\/mincomercionacional.gob.ve\/wp-content\/uploads\/2025\/02\/photo_2025-02-11_15-13-43.jpg?ssl=1\" border=\"0\" itemprop=\"url\"> <meta itemprop=\"width\" content=\"162\"> <meta itemprop=\"height\" content=\"162\"> <img decoding=\"async\" class=\"\" data-attachment-id=\"22723\" data-orig-file=\"https:\/\/mincomercionacional.gob.ve\/wp-content\/uploads\/2025\/02\/photo_2025-02-11_15-13-43.jpg\" data-orig-size=\"1280,932\" data-comments-opened=\"\" data-image-meta=\"{&quot;aperture&quot;:&quot;0&quot;,&quot;credit&quot;:&quot;&quot;,&quot;camera&quot;:&quot;&quot;,&quot;caption&quot;:&quot;&quot;,&quot;created_timestamp&quot;:&quot;0&quot;,&quot;copyright&quot;:&quot;&quot;,&quot;focal_length&quot;:&quot;0&quot;,&quot;iso&quot;:&quot;0&quot;,&quot;shutter_speed&quot;:&quot;0&quot;,&quot;title&quot;:&quot;&quot;,&quot;orientation&quot;:&quot;0&quot;}\" data-image-title=\"photo_2025-02-11_15-13-43\" data-image-description=\"\" data-medium-file=\"https:\/\/i0.wp.com\/mincomercionacional.gob.ve\/wp-content\/uploads\/2025\/02\/photo_2025-02-11_15-13-43.jpg?fit=300%2C218&#038;ssl=1\" data-large-file=\"https:\/\/i0.wp.com\/mincomercionacional.gob.ve\/wp-content\/uploads\/2025\/02\/photo_2025-02-11_15-13-43.jpg?fit=1024%2C746&#038;ssl=1\" src=\"https:\/\/i0.wp.com\/mincomercionacional.gob.ve\/wp-content\/uploads\/2025\/02\/photo_2025-02-11_15-13-43.jpg?w=162&#038;h=162&#038;crop=1&#038;ssl=1\" width=\"162\" height=\"162\" loading=\"lazy\" data-original-width=\"162\" data-original-height=\"162\" itemprop=\"http:\/\/schema.org\/image\" title=\"photo_2025-02-11_15-13-43\" alt=\"photo_2025-02-11_15-13-43\" style=\"width: 162px; height: 162px;\" \/> <\/a> <\/div> <\/div> <div class=\"gallery-group\" style=\"width: 166px; height: 166px;\" data-original-width=\"166\" data-original-height=\"166\" > <div class=\"tiled-gallery-item \" itemprop=\"associatedMedia\" itemscope itemtype=\"http:\/\/schema.org\/ImageObject\"> <a href=\"https:\/\/i0.wp.com\/mincomercionacional.gob.ve\/wp-content\/uploads\/2025\/02\/photo_2025-02-11_15-13-46.jpg?ssl=1\" border=\"0\" itemprop=\"url\"> <meta itemprop=\"width\" content=\"162\"> <meta itemprop=\"height\" content=\"162\"> <img decoding=\"async\" class=\"\" data-attachment-id=\"22724\" data-orig-file=\"https:\/\/mincomercionacional.gob.ve\/wp-content\/uploads\/2025\/02\/photo_2025-02-11_15-13-46.jpg\" data-orig-size=\"1280,835\" data-comments-opened=\"\" data-image-meta=\"{&quot;aperture&quot;:&quot;0&quot;,&quot;credit&quot;:&quot;&quot;,&quot;camera&quot;:&quot;&quot;,&quot;caption&quot;:&quot;&quot;,&quot;created_timestamp&quot;:&quot;0&quot;,&quot;copyright&quot;:&quot;&quot;,&quot;focal_length&quot;:&quot;0&quot;,&quot;iso&quot;:&quot;0&quot;,&quot;shutter_speed&quot;:&quot;0&quot;,&quot;title&quot;:&quot;&quot;,&quot;orientation&quot;:&quot;0&quot;}\" data-image-title=\"photo_2025-02-11_15-13-46\" data-image-description=\"\" data-medium-file=\"https:\/\/i0.wp.com\/mincomercionacional.gob.ve\/wp-content\/uploads\/2025\/02\/photo_2025-02-11_15-13-46.jpg?fit=300%2C196&#038;ssl=1\" data-large-file=\"https:\/\/i0.wp.com\/mincomercionacional.gob.ve\/wp-content\/uploads\/2025\/02\/photo_2025-02-11_15-13-46.jpg?fit=1024%2C668&#038;ssl=1\" src=\"https:\/\/i0.wp.com\/mincomercionacional.gob.ve\/wp-content\/uploads\/2025\/02\/photo_2025-02-11_15-13-46.jpg?w=162&#038;h=162&#038;crop=1&#038;ssl=1\" width=\"162\" height=\"162\" loading=\"lazy\" data-original-width=\"162\" data-original-height=\"162\" itemprop=\"http:\/\/schema.org\/image\" title=\"photo_2025-02-11_15-13-46\" alt=\"photo_2025-02-11_15-13-46\" style=\"width: 162px; height: 162px;\" \/> <\/a> <\/div> <\/div> <div class=\"gallery-group\" style=\"width: 166px; height: 166px;\" data-original-width=\"166\" data-original-height=\"166\" > <div class=\"tiled-gallery-item \" itemprop=\"associatedMedia\" itemscope itemtype=\"http:\/\/schema.org\/ImageObject\"> <a href=\"https:\/\/i0.wp.com\/mincomercionacional.gob.ve\/wp-content\/uploads\/2025\/02\/photo_2025-02-11_15-13-49.jpg?ssl=1\" border=\"0\" itemprop=\"url\"> <meta itemprop=\"width\" content=\"162\"> <meta itemprop=\"height\" content=\"162\"> <img decoding=\"async\" class=\"\" data-attachment-id=\"22725\" data-orig-file=\"https:\/\/mincomercionacional.gob.ve\/wp-content\/uploads\/2025\/02\/photo_2025-02-11_15-13-49.jpg\" data-orig-size=\"1280,693\" data-comments-opened=\"\" data-image-meta=\"{&quot;aperture&quot;:&quot;0&quot;,&quot;credit&quot;:&quot;&quot;,&quot;camera&quot;:&quot;&quot;,&quot;caption&quot;:&quot;&quot;,&quot;created_timestamp&quot;:&quot;0&quot;,&quot;copyright&quot;:&quot;&quot;,&quot;focal_length&quot;:&quot;0&quot;,&quot;iso&quot;:&quot;0&quot;,&quot;shutter_speed&quot;:&quot;0&quot;,&quot;title&quot;:&quot;&quot;,&quot;orientation&quot;:&quot;0&quot;}\" data-image-title=\"photo_2025-02-11_15-13-49\" data-image-description=\"\" data-medium-file=\"https:\/\/i0.wp.com\/mincomercionacional.gob.ve\/wp-content\/uploads\/2025\/02\/photo_2025-02-11_15-13-49.jpg?fit=300%2C162&#038;ssl=1\" data-large-file=\"https:\/\/i0.wp.com\/mincomercionacional.gob.ve\/wp-content\/uploads\/2025\/02\/photo_2025-02-11_15-13-49.jpg?fit=1024%2C554&#038;ssl=1\" src=\"https:\/\/i0.wp.com\/mincomercionacional.gob.ve\/wp-content\/uploads\/2025\/02\/photo_2025-02-11_15-13-49.jpg?w=162&#038;h=162&#038;crop=1&#038;ssl=1\" width=\"162\" height=\"162\" loading=\"lazy\" data-original-width=\"162\" data-original-height=\"162\" itemprop=\"http:\/\/schema.org\/image\" title=\"photo_2025-02-11_15-13-49\" alt=\"photo_2025-02-11_15-13-49\" style=\"width: 162px; height: 162px;\" \/> <\/a> <\/div> <\/div> <\/div> <\/div>\n","protected":false},"excerpt":{"rendered":"<p>El Gobierno Bolivariano activ\u00f3 este lunes el Plan Antonio Jos\u00e9 de Sucre en Petare, estado Miranda, con el objetivo de atender los proyectos priorizados de 17 comunas y 2 circuitos comunales, agrupados en el eje norte del municipio mirandino. En una primera fase, los habitantes recibieron los materiales necesarios para llevar a cabo la rehabilitaci\u00f3n &hellip;<\/p>\n","protected":false},"author":19,"featured_media":22726,"comment_status":"closed","ping_status":"open","sticky":false,"template":"","format":"standard","meta":{"footnotes":""},"categories":[1256,1],"tags":[735,266,941,2240],"class_list":["post-22715","post","type-post","status-publish","format-standard","has-post-thumbnail","hentry","category-comercio-nacional","category-prensa","tag-atencion","tag-comunas","tag-petare","tag-plan-antonio-jose-de-sucre"],"jetpack_featured_media_url":"https:\/\/i0.wp.com\/mincomercionacional.gob.ve\/wp-content\/uploads\/2025\/02\/photo_2025-02-11_15-13-16.jpg?fit=1280%2C734&ssl=1","jetpack_shortlink":"https:\/\/wp.me\/pbvjg9-5Un","_links":{"self":[{"href":"https:\/\/mincomercionacional.gob.ve\/index.php?rest_route=\/wp\/v2\/posts\/22715","targetHints":{"allow":["GET"]}}],"collection":[{"href":"https:\/\/mincomercionacional.gob.ve\/index.php?rest_route=\/wp\/v2\/posts"}],"about":[{"href":"https:\/\/mincomercionacional.gob.ve\/index.php?rest_route=\/wp\/v2\/types\/post"}],"author":[{"embeddable":true,"href":"https:\/\/mincomercionacional.gob.ve\/index.php?rest_route=\/wp\/v2\/users\/19"}],"replies":[{"embeddable":true,"href":"https:\/\/mincomercionacional.gob.ve\/index.php?rest_route=%2Fwp%2Fv2%2Fcomments&post=22715"}],"version-history":[{"count":2,"href":"https:\/\/mincomercionacional.gob.ve\/index.php?rest_route=\/wp\/v2\/posts\/22715\/revisions"}],"predecessor-version":[{"id":22727,"href":"https:\/\/mincomercionacional.gob.ve\/index.php?rest_route=\/wp\/v2\/posts\/22715\/revisions\/22727"}],"wp:featuredmedia":[{"embeddable":true,"href":"https:\/\/mincomercionacional.gob.ve\/index.php?rest_route=\/wp\/v2\/media\/22726"}],"wp:attachment":[{"href":"https:\/\/mincomercionacional.gob.ve\/index.php?rest_route=%2Fwp%2Fv2%2Fmedia&parent=22715"}],"wp:term":[{"taxonomy":"category","embeddable":true,"href":"https:\/\/mincomercionacional.gob.ve\/index.php?rest_route=%2Fwp%2Fv2%2Fcategories&post=22715"},{"taxonomy":"post_tag","embeddable":true,"href":"https:\/\/mincomercionacional.gob.ve\/index.php?rest_route=%2Fwp%2Fv2%2Ftags&post=22715"}],"curies":[{"name":"wp","href":"https:\/\/api.w.org\/{rel}","templated":true}]}}