{"id":22486,"date":"2025-01-26T07:48:39","date_gmt":"2025-01-26T11:48:39","guid":{"rendered":"https:\/\/mincomercionacional.gob.ve\/?p=22486"},"modified":"2025-01-26T07:57:33","modified_gmt":"2025-01-26T11:57:33","slug":"plan-bodega-avanza-para-fortalecer-la-economia-local-desde-las-comunidades","status":"publish","type":"post","link":"https:\/\/mincomercionacional.gob.ve\/?p=22486","title":{"rendered":"Plan Bodega avanza para fortalecer la econom\u00eda local desde las comunidades"},"content":{"rendered":"<p style=\"text-align: justify;\">El Ministro del Poder Popular de Comercio Nacional, Luis Antonio Villegas, visit\u00f3 la comunidad de La Dolorita, en Mariche, estado Miranda para verificar los avances del Plan Bodega, una pol\u00edtica implementada por el presidente Nicol\u00e1s Maduro, a trav\u00e9s de la Gran Misi\u00f3n Igualdad y Justicia Social \u00abHugo Ch\u00e1vez\u00bb.<\/p>\n<p style=\"text-align: justify;\">Desde la Bodega La Apure\u00f1a XXI, el Ministro Villegas expres\u00f3 que en esta jornada de Gobierno de Calle \u00abestamos fortaleciendo y territorializando las pol\u00edticas p\u00fablicas en las comunidades. Aqu\u00ed estamos viendo las diferentes experiencias productivas gracias a la organizaci\u00f3n popular. La poblaci\u00f3n puede adquirir productos de la cesta b\u00e1sica, de calidad y a precios asequibles\u00bb.<\/p>\n<p style=\"text-align: justify;\">Han sido abastecidas 3.500 bodegas comunales, y en este 2025, desde el Ministerio de Comercio Nacional \u00abseguiremos sumando m\u00e1s bodegas para favorecer a m\u00e1s familias en todo el territorio nacional, transitando por el camino de la diversificaci\u00f3n econ\u00f3mica, desde el coraz\u00f3n de nuestras comunidades\u00bb, reiter\u00f3 el titular de ese despacho.<\/p>\n<p style=\"text-align: justify;\">Por su parte, la bodeguera Carmen Mart\u00ednez detall\u00f3 que la experiencia que ha tenido con el Plan Bodega en la comunidad ha sido \u00abgratificante y hemos tenido buena recepci\u00f3n, mi familia y yo estamos agradecidos porque estamos ayudando a la comunidad y a nosotros mismos. Gracias al apoyo del presidente Maduro mi bodega ha crecido\u00bb.<\/p>\n<p style=\"text-align: justify;\">El Plan Bodega es una pol\u00edtica p\u00fablica impulsada por el Gobierno Bolivariano que naci\u00f3 para empoderar a las comunidades, dignificar a la poblaci\u00f3n vulnerable brind\u00e1ndole acceso a alimentos de calidad y con alto valor nutricional.<\/p>\n<p>&nbsp;<\/p>\n<div class=\"tiled-gallery type-rectangular tiled-gallery-unresized\" data-original-width=\"500\" data-carousel-extra='{&quot;blog_id&quot;:1,&quot;permalink&quot;:&quot;https:\\\/\\\/mincomercionacional.gob.ve\\\/?p=22486&quot;,&quot;likes_blog_id&quot;:170001901}' itemscope itemtype=\"http:\/\/schema.org\/ImageGallery\" > <div class=\"gallery-row\" style=\"width: 500px; height: 225px;\" data-original-width=\"500\" data-original-height=\"225\" > <div class=\"gallery-group images-1\" style=\"width: 334px; height: 225px;\" data-original-width=\"334\" data-original-height=\"225\" > <div class=\"tiled-gallery-item tiled-gallery-item-large\" itemprop=\"associatedMedia\" itemscope itemtype=\"http:\/\/schema.org\/ImageObject\"> <a href=\"https:\/\/mincomercionacional.gob.ve\/?attachment_id=22502\" border=\"0\" itemprop=\"url\"> <meta itemprop=\"width\" content=\"330\"> <meta itemprop=\"height\" content=\"221\"> <img decoding=\"async\" class=\"\" data-attachment-id=\"22502\" data-orig-file=\"https:\/\/mincomercionacional.gob.ve\/wp-content\/uploads\/2025\/01\/IMG_20250125_210114_679.jpg\" data-orig-size=\"1280,856\" data-comments-opened=\"\" data-image-meta=\"{&quot;aperture&quot;:&quot;0&quot;,&quot;credit&quot;:&quot;&quot;,&quot;camera&quot;:&quot;&quot;,&quot;caption&quot;:&quot;&quot;,&quot;created_timestamp&quot;:&quot;0&quot;,&quot;copyright&quot;:&quot;&quot;,&quot;focal_length&quot;:&quot;0&quot;,&quot;iso&quot;:&quot;0&quot;,&quot;shutter_speed&quot;:&quot;0&quot;,&quot;title&quot;:&quot;&quot;,&quot;orientation&quot;:&quot;0&quot;}\" data-image-title=\"IMG_20250125_210114_679\" data-image-description=\"\" data-medium-file=\"https:\/\/i0.wp.com\/mincomercionacional.gob.ve\/wp-content\/uploads\/2025\/01\/IMG_20250125_210114_679.jpg?fit=300%2C201&#038;ssl=1\" data-large-file=\"https:\/\/i0.wp.com\/mincomercionacional.gob.ve\/wp-content\/uploads\/2025\/01\/IMG_20250125_210114_679.jpg?fit=1024%2C685&#038;ssl=1\" src=\"https:\/\/i0.wp.com\/mincomercionacional.gob.ve\/wp-content\/uploads\/2025\/01\/IMG_20250125_210114_679.jpg?w=330&#038;h=221&#038;ssl=1\" width=\"330\" height=\"221\" loading=\"lazy\" data-original-width=\"330\" data-original-height=\"221\" itemprop=\"http:\/\/schema.org\/image\" title=\"IMG_20250125_210114_679\" alt=\"IMG_20250125_210114_679\" style=\"width: 330px; height: 221px;\" \/> <\/a> <\/div> <\/div> <!-- close group --> <div class=\"gallery-group images-2\" style=\"width: 166px; height: 225px;\" data-original-width=\"166\" data-original-height=\"225\" > <div class=\"tiled-gallery-item tiled-gallery-item-small\" itemprop=\"associatedMedia\" itemscope itemtype=\"http:\/\/schema.org\/ImageObject\"> <a href=\"https:\/\/mincomercionacional.gob.ve\/?attachment_id=22503\" border=\"0\" itemprop=\"url\"> <meta itemprop=\"width\" content=\"162\"> <meta itemprop=\"height\" content=\"109\"> <img decoding=\"async\" class=\"\" data-attachment-id=\"22503\" data-orig-file=\"https:\/\/mincomercionacional.gob.ve\/wp-content\/uploads\/2025\/01\/IMG_20250125_210111_163.jpg\" data-orig-size=\"1280,856\" data-comments-opened=\"\" data-image-meta=\"{&quot;aperture&quot;:&quot;0&quot;,&quot;credit&quot;:&quot;&quot;,&quot;camera&quot;:&quot;&quot;,&quot;caption&quot;:&quot;&quot;,&quot;created_timestamp&quot;:&quot;0&quot;,&quot;copyright&quot;:&quot;&quot;,&quot;focal_length&quot;:&quot;0&quot;,&quot;iso&quot;:&quot;0&quot;,&quot;shutter_speed&quot;:&quot;0&quot;,&quot;title&quot;:&quot;&quot;,&quot;orientation&quot;:&quot;0&quot;}\" data-image-title=\"IMG_20250125_210111_163\" data-image-description=\"\" data-medium-file=\"https:\/\/i0.wp.com\/mincomercionacional.gob.ve\/wp-content\/uploads\/2025\/01\/IMG_20250125_210111_163.jpg?fit=300%2C201&#038;ssl=1\" data-large-file=\"https:\/\/i0.wp.com\/mincomercionacional.gob.ve\/wp-content\/uploads\/2025\/01\/IMG_20250125_210111_163.jpg?fit=1024%2C685&#038;ssl=1\" src=\"https:\/\/i0.wp.com\/mincomercionacional.gob.ve\/wp-content\/uploads\/2025\/01\/IMG_20250125_210111_163.jpg?w=162&#038;h=109&#038;ssl=1\" width=\"162\" height=\"109\" loading=\"lazy\" data-original-width=\"162\" data-original-height=\"109\" itemprop=\"http:\/\/schema.org\/image\" title=\"IMG_20250125_210111_163\" alt=\"IMG_20250125_210111_163\" style=\"width: 162px; height: 109px;\" \/> <\/a> <\/div> <div class=\"tiled-gallery-item tiled-gallery-item-small\" itemprop=\"associatedMedia\" itemscope itemtype=\"http:\/\/schema.org\/ImageObject\"> <a href=\"https:\/\/mincomercionacional.gob.ve\/?attachment_id=22504\" border=\"0\" itemprop=\"url\"> <meta itemprop=\"width\" content=\"162\"> <meta itemprop=\"height\" content=\"108\"> <img decoding=\"async\" class=\"\" data-attachment-id=\"22504\" data-orig-file=\"https:\/\/mincomercionacional.gob.ve\/wp-content\/uploads\/2025\/01\/IMG_20250125_210103_573.jpg\" data-orig-size=\"1280,856\" data-comments-opened=\"\" data-image-meta=\"{&quot;aperture&quot;:&quot;0&quot;,&quot;credit&quot;:&quot;&quot;,&quot;camera&quot;:&quot;&quot;,&quot;caption&quot;:&quot;&quot;,&quot;created_timestamp&quot;:&quot;0&quot;,&quot;copyright&quot;:&quot;&quot;,&quot;focal_length&quot;:&quot;0&quot;,&quot;iso&quot;:&quot;0&quot;,&quot;shutter_speed&quot;:&quot;0&quot;,&quot;title&quot;:&quot;&quot;,&quot;orientation&quot;:&quot;0&quot;}\" data-image-title=\"IMG_20250125_210103_573\" data-image-description=\"\" data-medium-file=\"https:\/\/i0.wp.com\/mincomercionacional.gob.ve\/wp-content\/uploads\/2025\/01\/IMG_20250125_210103_573.jpg?fit=300%2C201&#038;ssl=1\" data-large-file=\"https:\/\/i0.wp.com\/mincomercionacional.gob.ve\/wp-content\/uploads\/2025\/01\/IMG_20250125_210103_573.jpg?fit=1024%2C685&#038;ssl=1\" src=\"https:\/\/i0.wp.com\/mincomercionacional.gob.ve\/wp-content\/uploads\/2025\/01\/IMG_20250125_210103_573.jpg?w=162&#038;h=108&#038;ssl=1\" width=\"162\" height=\"108\" loading=\"lazy\" data-original-width=\"162\" data-original-height=\"108\" itemprop=\"http:\/\/schema.org\/image\" title=\"IMG_20250125_210103_573\" alt=\"IMG_20250125_210103_573\" style=\"width: 162px; height: 108px;\" \/> <\/a> <\/div> <\/div> <!-- close group --> <\/div> <!-- close row --> <div class=\"gallery-row\" style=\"width: 500px; height: 413px;\" data-original-width=\"500\" data-original-height=\"413\" > <div class=\"gallery-group images-2\" style=\"width: 307px; height: 413px;\" data-original-width=\"307\" data-original-height=\"413\" > <div class=\"tiled-gallery-item tiled-gallery-item-large\" itemprop=\"associatedMedia\" itemscope itemtype=\"http:\/\/schema.org\/ImageObject\"> <a href=\"https:\/\/mincomercionacional.gob.ve\/?attachment_id=22505\" border=\"0\" itemprop=\"url\"> <meta itemprop=\"width\" content=\"303\"> <meta itemprop=\"height\" content=\"203\"> <img decoding=\"async\" class=\"\" data-attachment-id=\"22505\" data-orig-file=\"https:\/\/mincomercionacional.gob.ve\/wp-content\/uploads\/2025\/01\/IMG_20250125_210054_441.jpg\" data-orig-size=\"1280,856\" data-comments-opened=\"\" data-image-meta=\"{&quot;aperture&quot;:&quot;0&quot;,&quot;credit&quot;:&quot;&quot;,&quot;camera&quot;:&quot;&quot;,&quot;caption&quot;:&quot;&quot;,&quot;created_timestamp&quot;:&quot;0&quot;,&quot;copyright&quot;:&quot;&quot;,&quot;focal_length&quot;:&quot;0&quot;,&quot;iso&quot;:&quot;0&quot;,&quot;shutter_speed&quot;:&quot;0&quot;,&quot;title&quot;:&quot;&quot;,&quot;orientation&quot;:&quot;0&quot;}\" data-image-title=\"IMG_20250125_210054_441\" data-image-description=\"\" data-medium-file=\"https:\/\/i0.wp.com\/mincomercionacional.gob.ve\/wp-content\/uploads\/2025\/01\/IMG_20250125_210054_441.jpg?fit=300%2C201&#038;ssl=1\" data-large-file=\"https:\/\/i0.wp.com\/mincomercionacional.gob.ve\/wp-content\/uploads\/2025\/01\/IMG_20250125_210054_441.jpg?fit=1024%2C685&#038;ssl=1\" src=\"https:\/\/i0.wp.com\/mincomercionacional.gob.ve\/wp-content\/uploads\/2025\/01\/IMG_20250125_210054_441.jpg?w=303&#038;h=203&#038;ssl=1\" width=\"303\" height=\"203\" loading=\"lazy\" data-original-width=\"303\" data-original-height=\"203\" itemprop=\"http:\/\/schema.org\/image\" title=\"IMG_20250125_210054_441\" alt=\"IMG_20250125_210054_441\" style=\"width: 303px; height: 203px;\" \/> <\/a> <\/div> <div class=\"tiled-gallery-item tiled-gallery-item-large\" itemprop=\"associatedMedia\" itemscope itemtype=\"http:\/\/schema.org\/ImageObject\"> <a href=\"https:\/\/mincomercionacional.gob.ve\/?attachment_id=22506\" border=\"0\" itemprop=\"url\"> <meta itemprop=\"width\" content=\"303\"> <meta itemprop=\"height\" content=\"202\"> <img decoding=\"async\" class=\"\" data-attachment-id=\"22506\" data-orig-file=\"https:\/\/mincomercionacional.gob.ve\/wp-content\/uploads\/2025\/01\/IMG_20250125_210049_456.jpg\" data-orig-size=\"1280,856\" data-comments-opened=\"\" data-image-meta=\"{&quot;aperture&quot;:&quot;0&quot;,&quot;credit&quot;:&quot;&quot;,&quot;camera&quot;:&quot;&quot;,&quot;caption&quot;:&quot;&quot;,&quot;created_timestamp&quot;:&quot;0&quot;,&quot;copyright&quot;:&quot;&quot;,&quot;focal_length&quot;:&quot;0&quot;,&quot;iso&quot;:&quot;0&quot;,&quot;shutter_speed&quot;:&quot;0&quot;,&quot;title&quot;:&quot;&quot;,&quot;orientation&quot;:&quot;0&quot;}\" data-image-title=\"IMG_20250125_210049_456\" data-image-description=\"\" data-medium-file=\"https:\/\/i0.wp.com\/mincomercionacional.gob.ve\/wp-content\/uploads\/2025\/01\/IMG_20250125_210049_456.jpg?fit=300%2C201&#038;ssl=1\" data-large-file=\"https:\/\/i0.wp.com\/mincomercionacional.gob.ve\/wp-content\/uploads\/2025\/01\/IMG_20250125_210049_456.jpg?fit=1024%2C685&#038;ssl=1\" src=\"https:\/\/i0.wp.com\/mincomercionacional.gob.ve\/wp-content\/uploads\/2025\/01\/IMG_20250125_210049_456.jpg?w=303&#038;h=202&#038;ssl=1\" width=\"303\" height=\"202\" loading=\"lazy\" data-original-width=\"303\" data-original-height=\"202\" itemprop=\"http:\/\/schema.org\/image\" title=\"IMG_20250125_210049_456\" alt=\"IMG_20250125_210049_456\" style=\"width: 303px; height: 202px;\" \/> <\/a> <\/div> <\/div> <!-- close group --> <div class=\"gallery-group images-1\" style=\"width: 193px; height: 413px;\" data-original-width=\"193\" data-original-height=\"413\" > <div class=\"tiled-gallery-item tiled-gallery-item-small\" itemprop=\"associatedMedia\" itemscope itemtype=\"http:\/\/schema.org\/ImageObject\"> <a href=\"https:\/\/mincomercionacional.gob.ve\/?attachment_id=22500\" border=\"0\" itemprop=\"url\"> <meta itemprop=\"width\" content=\"189\"> <meta itemprop=\"height\" content=\"409\"> <img decoding=\"async\" class=\"\" data-attachment-id=\"22500\" data-orig-file=\"https:\/\/mincomercionacional.gob.ve\/wp-content\/uploads\/2025\/01\/IMG_20250125_210041_089.jpg\" data-orig-size=\"591,1280\" data-comments-opened=\"\" data-image-meta=\"{&quot;aperture&quot;:&quot;0&quot;,&quot;credit&quot;:&quot;&quot;,&quot;camera&quot;:&quot;&quot;,&quot;caption&quot;:&quot;&quot;,&quot;created_timestamp&quot;:&quot;0&quot;,&quot;copyright&quot;:&quot;&quot;,&quot;focal_length&quot;:&quot;0&quot;,&quot;iso&quot;:&quot;0&quot;,&quot;shutter_speed&quot;:&quot;0&quot;,&quot;title&quot;:&quot;&quot;,&quot;orientation&quot;:&quot;0&quot;}\" data-image-title=\"IMG_20250125_210041_089\" data-image-description=\"\" data-medium-file=\"https:\/\/i0.wp.com\/mincomercionacional.gob.ve\/wp-content\/uploads\/2025\/01\/IMG_20250125_210041_089.jpg?fit=139%2C300&#038;ssl=1\" data-large-file=\"https:\/\/i0.wp.com\/mincomercionacional.gob.ve\/wp-content\/uploads\/2025\/01\/IMG_20250125_210041_089.jpg?fit=473%2C1024&#038;ssl=1\" src=\"https:\/\/i0.wp.com\/mincomercionacional.gob.ve\/wp-content\/uploads\/2025\/01\/IMG_20250125_210041_089.jpg?w=189&#038;h=409&#038;ssl=1\" width=\"189\" height=\"409\" loading=\"lazy\" data-original-width=\"189\" data-original-height=\"409\" itemprop=\"http:\/\/schema.org\/image\" title=\"IMG_20250125_210041_089\" alt=\"IMG_20250125_210041_089\" style=\"width: 189px; height: 409px;\" \/> <\/a> <\/div> <\/div> <!-- close group --> <\/div> <!-- close row --> <\/div>\n<p>&nbsp;<\/p>\n","protected":false},"excerpt":{"rendered":"<p>El Ministro del Poder Popular de Comercio Nacional, Luis Antonio Villegas, visit\u00f3 la comunidad de La Dolorita, en Mariche, estado Miranda para verificar los avances del Plan Bodega, una pol\u00edtica implementada por el presidente Nicol\u00e1s Maduro, a trav\u00e9s de la Gran Misi\u00f3n Igualdad y Justicia Social \u00abHugo Ch\u00e1vez\u00bb. Desde la Bodega La Apure\u00f1a XXI, el &hellip;<\/p>\n","protected":false},"author":22,"featured_media":22501,"comment_status":"closed","ping_status":"open","sticky":false,"template":"","format":"standard","meta":{"footnotes":""},"categories":[1256,1],"tags":[2219,2221,941,1688,36],"class_list":["post-22486","post","type-post","status-publish","format-standard","has-post-thumbnail","hentry","category-comercio-nacional","category-prensa","tag-economia-local","tag-la-dolorita","tag-petare","tag-plan-bodega","tag-produccion"],"jetpack_featured_media_url":"https:\/\/i0.wp.com\/mincomercionacional.gob.ve\/wp-content\/uploads\/2025\/01\/IMG_20250125_210057_067.jpg?fit=1280%2C856&ssl=1","jetpack_shortlink":"https:\/\/wp.me\/pbvjg9-5QG","_links":{"self":[{"href":"https:\/\/mincomercionacional.gob.ve\/index.php?rest_route=\/wp\/v2\/posts\/22486","targetHints":{"allow":["GET"]}}],"collection":[{"href":"https:\/\/mincomercionacional.gob.ve\/index.php?rest_route=\/wp\/v2\/posts"}],"about":[{"href":"https:\/\/mincomercionacional.gob.ve\/index.php?rest_route=\/wp\/v2\/types\/post"}],"author":[{"embeddable":true,"href":"https:\/\/mincomercionacional.gob.ve\/index.php?rest_route=\/wp\/v2\/users\/22"}],"replies":[{"embeddable":true,"href":"https:\/\/mincomercionacional.gob.ve\/index.php?rest_route=%2Fwp%2Fv2%2Fcomments&post=22486"}],"version-history":[{"count":5,"href":"https:\/\/mincomercionacional.gob.ve\/index.php?rest_route=\/wp\/v2\/posts\/22486\/revisions"}],"predecessor-version":[{"id":22512,"href":"https:\/\/mincomercionacional.gob.ve\/index.php?rest_route=\/wp\/v2\/posts\/22486\/revisions\/22512"}],"wp:featuredmedia":[{"embeddable":true,"href":"https:\/\/mincomercionacional.gob.ve\/index.php?rest_route=\/wp\/v2\/media\/22501"}],"wp:attachment":[{"href":"https:\/\/mincomercionacional.gob.ve\/index.php?rest_route=%2Fwp%2Fv2%2Fmedia&parent=22486"}],"wp:term":[{"taxonomy":"category","embeddable":true,"href":"https:\/\/mincomercionacional.gob.ve\/index.php?rest_route=%2Fwp%2Fv2%2Fcategories&post=22486"},{"taxonomy":"post_tag","embeddable":true,"href":"https:\/\/mincomercionacional.gob.ve\/index.php?rest_route=%2Fwp%2Fv2%2Ftags&post=22486"}],"curies":[{"name":"wp","href":"https:\/\/api.w.org\/{rel}","templated":true}]}}