{"id":22341,"date":"2025-01-18T08:29:19","date_gmt":"2025-01-18T12:29:19","guid":{"rendered":"https:\/\/mincomercionacional.gob.ve\/?p=22341"},"modified":"2025-01-20T10:36:57","modified_gmt":"2025-01-20T14:36:57","slug":"superintendencia-antimonopolio-arriba-a-su-aniversario-33","status":"publish","type":"post","link":"https:\/\/mincomercionacional.gob.ve\/?p=22341","title":{"rendered":"Superintendencia Antimonopolio arriba a su aniversario 33\u00b0"},"content":{"rendered":"<p style=\"text-align: justify;\">El \u00f3rgano dependiente del Ministerio del Poder Popular de Comercio Nacional celebr\u00f3 su aniversario 33.\u00b0 con un emotivo homenaje al Padre de la Patria, Sim\u00f3n Bol\u00edvar. A la actividad asistieron el Viceministro de Seguimiento y Control del Comercio y la Distribuci\u00f3n, Hendrick Perdomo, la Viceministra de Evaluaci\u00f3n y Control del Proceso de formaci\u00f3n de Precios, Mar\u00eda Fernanda Palencia y la Superintendenta Antimonopolio, Rossana S\u00e1nchez \u00c1lvarez.<\/p>\n<p><img data-recalc-dims=\"1\" loading=\"lazy\" decoding=\"async\" data-attachment-id=\"22343\" data-permalink=\"https:\/\/mincomercionacional.gob.ve\/?attachment_id=22343\" data-orig-file=\"https:\/\/i0.wp.com\/mincomercionacional.gob.ve\/wp-content\/uploads\/2025\/01\/superintendencia1.png?fit=800%2C600&amp;ssl=1\" data-orig-size=\"800,600\" data-comments-opened=\"0\" data-image-meta=\"{&quot;aperture&quot;:&quot;0&quot;,&quot;credit&quot;:&quot;&quot;,&quot;camera&quot;:&quot;&quot;,&quot;caption&quot;:&quot;&quot;,&quot;created_timestamp&quot;:&quot;0&quot;,&quot;copyright&quot;:&quot;&quot;,&quot;focal_length&quot;:&quot;0&quot;,&quot;iso&quot;:&quot;0&quot;,&quot;shutter_speed&quot;:&quot;0&quot;,&quot;title&quot;:&quot;&quot;,&quot;orientation&quot;:&quot;0&quot;}\" data-image-title=\"superintendencia1\" data-image-description=\"\" data-image-caption=\"\" data-medium-file=\"https:\/\/i0.wp.com\/mincomercionacional.gob.ve\/wp-content\/uploads\/2025\/01\/superintendencia1.png?fit=300%2C225&amp;ssl=1\" data-large-file=\"https:\/\/i0.wp.com\/mincomercionacional.gob.ve\/wp-content\/uploads\/2025\/01\/superintendencia1.png?fit=800%2C600&amp;ssl=1\" class=\"alignnone size-medium wp-image-22343\" src=\"https:\/\/i0.wp.com\/mincomercionacional.gob.ve\/wp-content\/uploads\/2025\/01\/superintendencia1.png?resize=300%2C225&#038;ssl=1\" alt=\"\" width=\"300\" height=\"225\" \/> <img data-recalc-dims=\"1\" loading=\"lazy\" decoding=\"async\" data-attachment-id=\"22344\" data-permalink=\"https:\/\/mincomercionacional.gob.ve\/?attachment_id=22344\" data-orig-file=\"https:\/\/i0.wp.com\/mincomercionacional.gob.ve\/wp-content\/uploads\/2025\/01\/SUPERINTENDENCIA2.png?fit=800%2C600&amp;ssl=1\" data-orig-size=\"800,600\" data-comments-opened=\"0\" data-image-meta=\"{&quot;aperture&quot;:&quot;0&quot;,&quot;credit&quot;:&quot;&quot;,&quot;camera&quot;:&quot;&quot;,&quot;caption&quot;:&quot;&quot;,&quot;created_timestamp&quot;:&quot;0&quot;,&quot;copyright&quot;:&quot;&quot;,&quot;focal_length&quot;:&quot;0&quot;,&quot;iso&quot;:&quot;0&quot;,&quot;shutter_speed&quot;:&quot;0&quot;,&quot;title&quot;:&quot;&quot;,&quot;orientation&quot;:&quot;0&quot;}\" data-image-title=\"SUPERINTENDENCIA2\" data-image-description=\"\" data-image-caption=\"\" data-medium-file=\"https:\/\/i0.wp.com\/mincomercionacional.gob.ve\/wp-content\/uploads\/2025\/01\/SUPERINTENDENCIA2.png?fit=300%2C225&amp;ssl=1\" data-large-file=\"https:\/\/i0.wp.com\/mincomercionacional.gob.ve\/wp-content\/uploads\/2025\/01\/SUPERINTENDENCIA2.png?fit=800%2C600&amp;ssl=1\" class=\"alignnone size-medium wp-image-22344\" src=\"https:\/\/i0.wp.com\/mincomercionacional.gob.ve\/wp-content\/uploads\/2025\/01\/SUPERINTENDENCIA2.png?resize=300%2C225&#038;ssl=1\" alt=\"\" width=\"300\" height=\"225\" \/><\/p>\n<p style=\"text-align: justify;\">Durante el acto, se realiz\u00f3 una ofrenda floral a El Libertador, simbolizando el compromiso de la instituci\u00f3n con los valores de justicia y equidad que Sim\u00f3n Bol\u00edvar defendi\u00f3.<\/p>\n<p style=\"text-align: justify;\">\u201cEl \u00e9xito de nuestra institucion no ser\u00eda posible sin el compromiso de nuestros\u00a0trabajadores\u201d, expres\u00f3 Superintendenta S\u00e1nchez.<\/p>\n<p style=\"text-align: justify;\">Asimismo, se enalteci\u00f3 la labor y dedicaci\u00f3n de las trabajadoras y trabajadores, con la entrega de reconocimientos y botones condecorativos por sus 3, 10, 15, 20, 25 y 30 a\u00f1os de servicio. Por otro lado, tambi\u00e9n se otorg\u00f3 reconocimientos a las autoridades del Ministerio del Poder Popular de Comercio Nacional.<\/p>\n<p style=\"text-align: justify;\">La Superintendencia Antimonopolio reafirma su compromiso de trabajar por un comercio justo y promoviendo la libre competencia, en concordancia con las pol\u00edticas del presidente de la Rep\u00fablica, Nicol\u00e1s Maduro en el marco de las 7 transformaciones.<\/p>\n<p style=\"text-align: justify;\">Durante la actividad tambi\u00e9n se realiz\u00f3 el lanzamiento de la revista trimestral <em>La Competencia Econ\u00f3mica: enfoque desde m\u00faltiples\u00a0sectores.<\/em><\/p>\n<p>Este evento no solo celebra los logros alcanzados, sino que tambi\u00e9n motiva a seguir construyendo un futuro mejor para todos los\u00a0venezolanos.<\/p>\n","protected":false},"excerpt":{"rendered":"<p>El \u00f3rgano dependiente del Ministerio del Poder Popular de Comercio Nacional celebr\u00f3 su aniversario 33.\u00b0 con un emotivo homenaje al Padre de la Patria, Sim\u00f3n Bol\u00edvar. A la actividad asistieron el Viceministro de Seguimiento y Control del Comercio y la Distribuci\u00f3n, Hendrick Perdomo, la Viceministra de Evaluaci\u00f3n y Control del Proceso de formaci\u00f3n de Precios, &hellip;<\/p>\n","protected":false},"author":20,"featured_media":22342,"comment_status":"closed","ping_status":"open","sticky":false,"template":"","format":"standard","meta":{"footnotes":""},"categories":[79,1],"tags":[2213,1305,34,1945],"class_list":["post-22341","post","type-post","status-publish","format-standard","has-post-thumbnail","hentry","category-noticias","category-prensa","tag-el-libertador-simon-bolivar","tag-encuentro","tag-ministerio-de-comercio-nacional","tag-superintendecia-antimonopolio"],"jetpack_featured_media_url":"https:\/\/i0.wp.com\/mincomercionacional.gob.ve\/wp-content\/uploads\/2025\/01\/superintencia3.png?fit=800%2C600&ssl=1","jetpack_shortlink":"https:\/\/wp.me\/pbvjg9-5Ol","_links":{"self":[{"href":"https:\/\/mincomercionacional.gob.ve\/index.php?rest_route=\/wp\/v2\/posts\/22341","targetHints":{"allow":["GET"]}}],"collection":[{"href":"https:\/\/mincomercionacional.gob.ve\/index.php?rest_route=\/wp\/v2\/posts"}],"about":[{"href":"https:\/\/mincomercionacional.gob.ve\/index.php?rest_route=\/wp\/v2\/types\/post"}],"author":[{"embeddable":true,"href":"https:\/\/mincomercionacional.gob.ve\/index.php?rest_route=\/wp\/v2\/users\/20"}],"replies":[{"embeddable":true,"href":"https:\/\/mincomercionacional.gob.ve\/index.php?rest_route=%2Fwp%2Fv2%2Fcomments&post=22341"}],"version-history":[{"count":2,"href":"https:\/\/mincomercionacional.gob.ve\/index.php?rest_route=\/wp\/v2\/posts\/22341\/revisions"}],"predecessor-version":[{"id":22346,"href":"https:\/\/mincomercionacional.gob.ve\/index.php?rest_route=\/wp\/v2\/posts\/22341\/revisions\/22346"}],"wp:featuredmedia":[{"embeddable":true,"href":"https:\/\/mincomercionacional.gob.ve\/index.php?rest_route=\/wp\/v2\/media\/22342"}],"wp:attachment":[{"href":"https:\/\/mincomercionacional.gob.ve\/index.php?rest_route=%2Fwp%2Fv2%2Fmedia&parent=22341"}],"wp:term":[{"taxonomy":"category","embeddable":true,"href":"https:\/\/mincomercionacional.gob.ve\/index.php?rest_route=%2Fwp%2Fv2%2Fcategories&post=22341"},{"taxonomy":"post_tag","embeddable":true,"href":"https:\/\/mincomercionacional.gob.ve\/index.php?rest_route=%2Fwp%2Fv2%2Ftags&post=22341"}],"curies":[{"name":"wp","href":"https:\/\/api.w.org\/{rel}","templated":true}]}}