{"id":22095,"date":"2024-12-27T10:54:09","date_gmt":"2024-12-27T14:54:09","guid":{"rendered":"https:\/\/mincomercionacional.gob.ve\/?p=22095"},"modified":"2024-12-27T10:54:09","modified_gmt":"2024-12-27T14:54:09","slug":"presidente-maduro-destaca-crecimiento-historico-del-comercio-electronico-y-la-economia-nacional","status":"publish","type":"post","link":"https:\/\/mincomercionacional.gob.ve\/?p=22095","title":{"rendered":"Presidente Maduro destaca crecimiento hist\u00f3rico del comercio electr\u00f3nico y la econom\u00eda nacional"},"content":{"rendered":"<p style=\"text-align: justify;\">El Presidente de la Rep\u00fablica Bolivariana de Venezuela, Nicol\u00e1s Maduro, durante la transmisi\u00f3n de su programa Con Maduro Live de Repente, destac\u00f3 el notable crecimiento del comercio electr\u00f3nico en Venezuela, que registra un incremento del 97% en comparaci\u00f3n con el mismo periodo del a\u00f1o anterior, resultados que demuestran el impacto positivo en la econom\u00eda de las nuevas tecnolog\u00edas en las compras en l\u00ednea.<\/p>\n<p style=\"text-align: justify;\">\u00abHay que fortalecer el mercado interno con producci\u00f3n nacional; est\u00e1 circulando mucha plata y la gente est\u00e1 satisfaciendo sus m\u00faltiples necesidades\u201d, enfatiz\u00f3 Maduro.<\/p>\n<p style=\"text-align: justify;\">En este sentido, la Vicepresidenta Ejecutiva Delcy Rodr\u00edguez inform\u00f3 que, durante las festividades navide\u00f1as, espec\u00edficamente entre el 20 y el 26 de diciembre, se registraron m\u00e1s de 232 millones de transacciones en el pa\u00eds, lo que representa una duplicaci\u00f3n en la actividad del comercio electr\u00f3nico.<\/p>\n<div class=\"tiled-gallery type-rectangular tiled-gallery-unresized\" data-original-width=\"500\" data-carousel-extra='{&quot;blog_id&quot;:1,&quot;permalink&quot;:&quot;https:\\\/\\\/mincomercionacional.gob.ve\\\/?p=22095&quot;,&quot;likes_blog_id&quot;:170001901}' itemscope itemtype=\"http:\/\/schema.org\/ImageGallery\" > <div class=\"gallery-row\" style=\"width: 500px; height: 323px;\" data-original-width=\"500\" data-original-height=\"323\" > <div class=\"gallery-group images-2\" style=\"width: 241px; height: 323px;\" data-original-width=\"241\" data-original-height=\"323\" > <div class=\"tiled-gallery-item tiled-gallery-item-small\" itemprop=\"associatedMedia\" itemscope itemtype=\"http:\/\/schema.org\/ImageObject\"> <a href=\"https:\/\/i0.wp.com\/mincomercionacional.gob.ve\/wp-content\/uploads\/2024\/12\/photo_2024-12-27_10-47-57.jpg?ssl=1\" border=\"0\" itemprop=\"url\"> <meta itemprop=\"width\" content=\"237\"> <meta itemprop=\"height\" content=\"158\"> <img decoding=\"async\" class=\"\" data-attachment-id=\"22096\" data-orig-file=\"https:\/\/mincomercionacional.gob.ve\/wp-content\/uploads\/2024\/12\/photo_2024-12-27_10-47-57.jpg\" data-orig-size=\"1280,853\" data-comments-opened=\"\" data-image-meta=\"{&quot;aperture&quot;:&quot;0&quot;,&quot;credit&quot;:&quot;&quot;,&quot;camera&quot;:&quot;&quot;,&quot;caption&quot;:&quot;&quot;,&quot;created_timestamp&quot;:&quot;0&quot;,&quot;copyright&quot;:&quot;&quot;,&quot;focal_length&quot;:&quot;0&quot;,&quot;iso&quot;:&quot;0&quot;,&quot;shutter_speed&quot;:&quot;0&quot;,&quot;title&quot;:&quot;&quot;,&quot;orientation&quot;:&quot;0&quot;}\" data-image-title=\"photo_2024-12-27_10-47-57\" data-image-description=\"\" data-medium-file=\"https:\/\/i0.wp.com\/mincomercionacional.gob.ve\/wp-content\/uploads\/2024\/12\/photo_2024-12-27_10-47-57.jpg?fit=300%2C200&#038;ssl=1\" data-large-file=\"https:\/\/i0.wp.com\/mincomercionacional.gob.ve\/wp-content\/uploads\/2024\/12\/photo_2024-12-27_10-47-57.jpg?fit=1024%2C682&#038;ssl=1\" src=\"https:\/\/i0.wp.com\/mincomercionacional.gob.ve\/wp-content\/uploads\/2024\/12\/photo_2024-12-27_10-47-57.jpg?w=237&#038;h=158&#038;ssl=1\" width=\"237\" height=\"158\" loading=\"lazy\" data-original-width=\"237\" data-original-height=\"158\" itemprop=\"http:\/\/schema.org\/image\" title=\"photo_2024-12-27_10-47-57\" alt=\"photo_2024-12-27_10-47-57\" style=\"width: 237px; height: 158px;\" \/> <\/a> <\/div> <div class=\"tiled-gallery-item tiled-gallery-item-small\" itemprop=\"associatedMedia\" itemscope itemtype=\"http:\/\/schema.org\/ImageObject\"> <a href=\"https:\/\/i0.wp.com\/mincomercionacional.gob.ve\/wp-content\/uploads\/2024\/12\/photo_2024-12-27_10-48-12.jpg?ssl=1\" border=\"0\" itemprop=\"url\"> <meta itemprop=\"width\" content=\"237\"> <meta itemprop=\"height\" content=\"157\"> <img decoding=\"async\" class=\"\" data-attachment-id=\"22097\" data-orig-file=\"https:\/\/mincomercionacional.gob.ve\/wp-content\/uploads\/2024\/12\/photo_2024-12-27_10-48-12.jpg\" data-orig-size=\"1280,853\" data-comments-opened=\"\" data-image-meta=\"{&quot;aperture&quot;:&quot;0&quot;,&quot;credit&quot;:&quot;&quot;,&quot;camera&quot;:&quot;&quot;,&quot;caption&quot;:&quot;&quot;,&quot;created_timestamp&quot;:&quot;0&quot;,&quot;copyright&quot;:&quot;&quot;,&quot;focal_length&quot;:&quot;0&quot;,&quot;iso&quot;:&quot;0&quot;,&quot;shutter_speed&quot;:&quot;0&quot;,&quot;title&quot;:&quot;&quot;,&quot;orientation&quot;:&quot;0&quot;}\" data-image-title=\"photo_2024-12-27_10-48-12\" data-image-description=\"\" data-medium-file=\"https:\/\/i0.wp.com\/mincomercionacional.gob.ve\/wp-content\/uploads\/2024\/12\/photo_2024-12-27_10-48-12.jpg?fit=300%2C200&#038;ssl=1\" data-large-file=\"https:\/\/i0.wp.com\/mincomercionacional.gob.ve\/wp-content\/uploads\/2024\/12\/photo_2024-12-27_10-48-12.jpg?fit=1024%2C682&#038;ssl=1\" src=\"https:\/\/i0.wp.com\/mincomercionacional.gob.ve\/wp-content\/uploads\/2024\/12\/photo_2024-12-27_10-48-12.jpg?w=237&#038;h=157&#038;ssl=1\" width=\"237\" height=\"157\" loading=\"lazy\" data-original-width=\"237\" data-original-height=\"157\" itemprop=\"http:\/\/schema.org\/image\" title=\"photo_2024-12-27_10-48-12\" alt=\"photo_2024-12-27_10-48-12\" style=\"width: 237px; height: 157px;\" \/> <\/a> <\/div> <\/div> <!-- close group --> <div class=\"gallery-group images-1\" style=\"width: 259px; height: 323px;\" data-original-width=\"259\" data-original-height=\"323\" > <div class=\"tiled-gallery-item tiled-gallery-item-large\" itemprop=\"associatedMedia\" itemscope itemtype=\"http:\/\/schema.org\/ImageObject\"> <a href=\"https:\/\/i0.wp.com\/mincomercionacional.gob.ve\/wp-content\/uploads\/2024\/12\/photo_2024-12-27_10-48-29.jpg?ssl=1\" border=\"0\" itemprop=\"url\"> <meta itemprop=\"width\" content=\"255\"> <meta itemprop=\"height\" content=\"319\"> <img decoding=\"async\" class=\"\" data-attachment-id=\"22098\" data-orig-file=\"https:\/\/mincomercionacional.gob.ve\/wp-content\/uploads\/2024\/12\/photo_2024-12-27_10-48-29.jpg\" data-orig-size=\"1024,1280\" data-comments-opened=\"\" data-image-meta=\"{&quot;aperture&quot;:&quot;0&quot;,&quot;credit&quot;:&quot;&quot;,&quot;camera&quot;:&quot;&quot;,&quot;caption&quot;:&quot;&quot;,&quot;created_timestamp&quot;:&quot;0&quot;,&quot;copyright&quot;:&quot;&quot;,&quot;focal_length&quot;:&quot;0&quot;,&quot;iso&quot;:&quot;0&quot;,&quot;shutter_speed&quot;:&quot;0&quot;,&quot;title&quot;:&quot;&quot;,&quot;orientation&quot;:&quot;0&quot;}\" data-image-title=\"photo_2024-12-27_10-48-29\" data-image-description=\"\" data-medium-file=\"https:\/\/i0.wp.com\/mincomercionacional.gob.ve\/wp-content\/uploads\/2024\/12\/photo_2024-12-27_10-48-29.jpg?fit=240%2C300&#038;ssl=1\" data-large-file=\"https:\/\/i0.wp.com\/mincomercionacional.gob.ve\/wp-content\/uploads\/2024\/12\/photo_2024-12-27_10-48-29.jpg?fit=819%2C1024&#038;ssl=1\" src=\"https:\/\/i0.wp.com\/mincomercionacional.gob.ve\/wp-content\/uploads\/2024\/12\/photo_2024-12-27_10-48-29.jpg?w=255&#038;h=319&#038;ssl=1\" width=\"255\" height=\"319\" loading=\"lazy\" data-original-width=\"255\" data-original-height=\"319\" itemprop=\"http:\/\/schema.org\/image\" title=\"photo_2024-12-27_10-48-29\" alt=\"photo_2024-12-27_10-48-29\" style=\"width: 255px; height: 319px;\" \/> <\/a> <\/div> <\/div> <!-- close group --> <\/div> <!-- close row --> <div class=\"gallery-row\" style=\"width: 500px; height: 207px;\" data-original-width=\"500\" data-original-height=\"207\" > <div class=\"gallery-group images-1\" style=\"width: 167px; height: 207px;\" data-original-width=\"167\" data-original-height=\"207\" > <div class=\"tiled-gallery-item tiled-gallery-item-small\" itemprop=\"associatedMedia\" itemscope itemtype=\"http:\/\/schema.org\/ImageObject\"> <a href=\"https:\/\/i0.wp.com\/mincomercionacional.gob.ve\/wp-content\/uploads\/2024\/12\/photo_2024-12-27_10-48-44.jpg?ssl=1\" border=\"0\" itemprop=\"url\"> <meta itemprop=\"width\" content=\"163\"> <meta itemprop=\"height\" content=\"203\"> <img decoding=\"async\" class=\"\" data-attachment-id=\"22099\" data-orig-file=\"https:\/\/mincomercionacional.gob.ve\/wp-content\/uploads\/2024\/12\/photo_2024-12-27_10-48-44.jpg\" data-orig-size=\"1024,1280\" data-comments-opened=\"\" data-image-meta=\"{&quot;aperture&quot;:&quot;0&quot;,&quot;credit&quot;:&quot;&quot;,&quot;camera&quot;:&quot;&quot;,&quot;caption&quot;:&quot;&quot;,&quot;created_timestamp&quot;:&quot;0&quot;,&quot;copyright&quot;:&quot;&quot;,&quot;focal_length&quot;:&quot;0&quot;,&quot;iso&quot;:&quot;0&quot;,&quot;shutter_speed&quot;:&quot;0&quot;,&quot;title&quot;:&quot;&quot;,&quot;orientation&quot;:&quot;0&quot;}\" data-image-title=\"photo_2024-12-27_10-48-44\" data-image-description=\"\" data-medium-file=\"https:\/\/i0.wp.com\/mincomercionacional.gob.ve\/wp-content\/uploads\/2024\/12\/photo_2024-12-27_10-48-44.jpg?fit=240%2C300&#038;ssl=1\" data-large-file=\"https:\/\/i0.wp.com\/mincomercionacional.gob.ve\/wp-content\/uploads\/2024\/12\/photo_2024-12-27_10-48-44.jpg?fit=819%2C1024&#038;ssl=1\" src=\"https:\/\/i0.wp.com\/mincomercionacional.gob.ve\/wp-content\/uploads\/2024\/12\/photo_2024-12-27_10-48-44.jpg?w=163&#038;h=203&#038;ssl=1\" width=\"163\" height=\"203\" loading=\"lazy\" data-original-width=\"163\" data-original-height=\"203\" itemprop=\"http:\/\/schema.org\/image\" title=\"photo_2024-12-27_10-48-44\" alt=\"photo_2024-12-27_10-48-44\" style=\"width: 163px; height: 203px;\" \/> <\/a> <\/div> <\/div> <!-- close group --> <div class=\"gallery-group images-1\" style=\"width: 167px; height: 207px;\" data-original-width=\"167\" data-original-height=\"207\" > <div class=\"tiled-gallery-item tiled-gallery-item-small\" itemprop=\"associatedMedia\" itemscope itemtype=\"http:\/\/schema.org\/ImageObject\"> <a href=\"https:\/\/i0.wp.com\/mincomercionacional.gob.ve\/wp-content\/uploads\/2024\/12\/photo_2024-12-27_10-48-51.jpg?ssl=1\" border=\"0\" itemprop=\"url\"> <meta itemprop=\"width\" content=\"163\"> <meta itemprop=\"height\" content=\"203\"> <img decoding=\"async\" class=\"\" data-attachment-id=\"22100\" data-orig-file=\"https:\/\/mincomercionacional.gob.ve\/wp-content\/uploads\/2024\/12\/photo_2024-12-27_10-48-51.jpg\" data-orig-size=\"1024,1280\" data-comments-opened=\"\" data-image-meta=\"{&quot;aperture&quot;:&quot;0&quot;,&quot;credit&quot;:&quot;&quot;,&quot;camera&quot;:&quot;&quot;,&quot;caption&quot;:&quot;&quot;,&quot;created_timestamp&quot;:&quot;0&quot;,&quot;copyright&quot;:&quot;&quot;,&quot;focal_length&quot;:&quot;0&quot;,&quot;iso&quot;:&quot;0&quot;,&quot;shutter_speed&quot;:&quot;0&quot;,&quot;title&quot;:&quot;&quot;,&quot;orientation&quot;:&quot;0&quot;}\" data-image-title=\"photo_2024-12-27_10-48-51\" data-image-description=\"\" data-medium-file=\"https:\/\/i0.wp.com\/mincomercionacional.gob.ve\/wp-content\/uploads\/2024\/12\/photo_2024-12-27_10-48-51.jpg?fit=240%2C300&#038;ssl=1\" data-large-file=\"https:\/\/i0.wp.com\/mincomercionacional.gob.ve\/wp-content\/uploads\/2024\/12\/photo_2024-12-27_10-48-51.jpg?fit=819%2C1024&#038;ssl=1\" src=\"https:\/\/i0.wp.com\/mincomercionacional.gob.ve\/wp-content\/uploads\/2024\/12\/photo_2024-12-27_10-48-51.jpg?w=163&#038;h=203&#038;ssl=1\" width=\"163\" height=\"203\" loading=\"lazy\" data-original-width=\"163\" data-original-height=\"203\" itemprop=\"http:\/\/schema.org\/image\" title=\"photo_2024-12-27_10-48-51\" alt=\"photo_2024-12-27_10-48-51\" style=\"width: 163px; height: 203px;\" \/> <\/a> <\/div> <\/div> <!-- close group --> <div class=\"gallery-group images-1\" style=\"width: 166px; height: 207px;\" data-original-width=\"166\" data-original-height=\"207\" > <div class=\"tiled-gallery-item tiled-gallery-item-small\" itemprop=\"associatedMedia\" itemscope itemtype=\"http:\/\/schema.org\/ImageObject\"> <a href=\"https:\/\/i0.wp.com\/mincomercionacional.gob.ve\/wp-content\/uploads\/2024\/12\/photo_2024-12-27_10-48-54.jpg?ssl=1\" border=\"0\" itemprop=\"url\"> <meta itemprop=\"width\" content=\"162\"> <meta itemprop=\"height\" content=\"203\"> <img decoding=\"async\" class=\"\" data-attachment-id=\"22101\" data-orig-file=\"https:\/\/mincomercionacional.gob.ve\/wp-content\/uploads\/2024\/12\/photo_2024-12-27_10-48-54.jpg\" data-orig-size=\"1024,1280\" data-comments-opened=\"\" data-image-meta=\"{&quot;aperture&quot;:&quot;0&quot;,&quot;credit&quot;:&quot;&quot;,&quot;camera&quot;:&quot;&quot;,&quot;caption&quot;:&quot;&quot;,&quot;created_timestamp&quot;:&quot;0&quot;,&quot;copyright&quot;:&quot;&quot;,&quot;focal_length&quot;:&quot;0&quot;,&quot;iso&quot;:&quot;0&quot;,&quot;shutter_speed&quot;:&quot;0&quot;,&quot;title&quot;:&quot;&quot;,&quot;orientation&quot;:&quot;0&quot;}\" data-image-title=\"photo_2024-12-27_10-48-54\" data-image-description=\"\" data-medium-file=\"https:\/\/i0.wp.com\/mincomercionacional.gob.ve\/wp-content\/uploads\/2024\/12\/photo_2024-12-27_10-48-54.jpg?fit=240%2C300&#038;ssl=1\" data-large-file=\"https:\/\/i0.wp.com\/mincomercionacional.gob.ve\/wp-content\/uploads\/2024\/12\/photo_2024-12-27_10-48-54.jpg?fit=819%2C1024&#038;ssl=1\" src=\"https:\/\/i0.wp.com\/mincomercionacional.gob.ve\/wp-content\/uploads\/2024\/12\/photo_2024-12-27_10-48-54.jpg?w=162&#038;h=203&#038;ssl=1\" width=\"162\" height=\"203\" loading=\"lazy\" data-original-width=\"162\" data-original-height=\"203\" itemprop=\"http:\/\/schema.org\/image\" title=\"photo_2024-12-27_10-48-54\" alt=\"photo_2024-12-27_10-48-54\" style=\"width: 162px; height: 203px;\" \/> <\/a> <\/div> <\/div> <!-- close group --> <\/div> <!-- close row --> <\/div>\n<p style=\"text-align: justify;\">Adem\u00e1s, Rodr\u00edguez al presentar el balance de la actividad econ\u00f3mica durante las fiestas decembrinas, precis\u00f3 que el movimiento de la actividad econ\u00f3mica tuvo un crecimiento de 81% dentro de los centros comerciales, mientras que, las ventas en supermercados experimentaron un aumento del 35%.<\/p>\n<p style=\"text-align: justify;\">La Vicepresidenta Ejecutiva tambi\u00e9n destac\u00f3 el crecimiento en la producci\u00f3n de caf\u00e9 en Venezuela, invitando a pa\u00edses como China, India y Rusia a adquirir el producto nacional e instando a los inversores europeos a considerar oportunidades en el pa\u00eds. \u201cEstos tres \u00faltimos meses del a\u00f1o han sido impresionantes\u00bb.<\/p>\n<p style=\"text-align: justify;\">Con estos anuncios, el Gobierno Bolivariano reafirma su compromiso con la modernizaci\u00f3n econ\u00f3mica y la promoci\u00f3n del comercio electr\u00f3nico como motor de desarrollo nacional.<\/p>\n","protected":false},"excerpt":{"rendered":"<p>El Presidente de la Rep\u00fablica Bolivariana de Venezuela, Nicol\u00e1s Maduro, durante la transmisi\u00f3n de su programa Con Maduro Live de Repente, destac\u00f3 el notable crecimiento del comercio electr\u00f3nico en Venezuela, que registra un incremento del 97% en comparaci\u00f3n con el mismo periodo del a\u00f1o anterior, resultados que demuestran el impacto positivo en la econom\u00eda de &hellip;<\/p>\n","protected":false},"author":21,"featured_media":22103,"comment_status":"closed","ping_status":"open","sticky":false,"template":"","format":"standard","meta":{"footnotes":""},"categories":[1256,1],"tags":[87,61,2186,1274,39],"class_list":["post-22095","post","type-post","status-publish","format-standard","has-post-thumbnail","hentry","category-comercio-nacional","category-prensa","tag-comercio","tag-economia","tag-live","tag-maduro","tag-venezuela"],"jetpack_featured_media_url":"https:\/\/i0.wp.com\/mincomercionacional.gob.ve\/wp-content\/uploads\/2024\/12\/photo_2024-12-27_10-47-59.jpg?fit=1280%2C853&ssl=1","jetpack_shortlink":"https:\/\/wp.me\/pbvjg9-5Kn","_links":{"self":[{"href":"https:\/\/mincomercionacional.gob.ve\/index.php?rest_route=\/wp\/v2\/posts\/22095","targetHints":{"allow":["GET"]}}],"collection":[{"href":"https:\/\/mincomercionacional.gob.ve\/index.php?rest_route=\/wp\/v2\/posts"}],"about":[{"href":"https:\/\/mincomercionacional.gob.ve\/index.php?rest_route=\/wp\/v2\/types\/post"}],"author":[{"embeddable":true,"href":"https:\/\/mincomercionacional.gob.ve\/index.php?rest_route=\/wp\/v2\/users\/21"}],"replies":[{"embeddable":true,"href":"https:\/\/mincomercionacional.gob.ve\/index.php?rest_route=%2Fwp%2Fv2%2Fcomments&post=22095"}],"version-history":[{"count":1,"href":"https:\/\/mincomercionacional.gob.ve\/index.php?rest_route=\/wp\/v2\/posts\/22095\/revisions"}],"predecessor-version":[{"id":22102,"href":"https:\/\/mincomercionacional.gob.ve\/index.php?rest_route=\/wp\/v2\/posts\/22095\/revisions\/22102"}],"wp:featuredmedia":[{"embeddable":true,"href":"https:\/\/mincomercionacional.gob.ve\/index.php?rest_route=\/wp\/v2\/media\/22103"}],"wp:attachment":[{"href":"https:\/\/mincomercionacional.gob.ve\/index.php?rest_route=%2Fwp%2Fv2%2Fmedia&parent=22095"}],"wp:term":[{"taxonomy":"category","embeddable":true,"href":"https:\/\/mincomercionacional.gob.ve\/index.php?rest_route=%2Fwp%2Fv2%2Fcategories&post=22095"},{"taxonomy":"post_tag","embeddable":true,"href":"https:\/\/mincomercionacional.gob.ve\/index.php?rest_route=%2Fwp%2Fv2%2Ftags&post=22095"}],"curies":[{"name":"wp","href":"https:\/\/api.w.org\/{rel}","templated":true}]}}