{"id":21926,"date":"2024-12-17T14:41:05","date_gmt":"2024-12-17T18:41:05","guid":{"rendered":"https:\/\/mincomercionacional.gob.ve\/?p=21926"},"modified":"2024-12-17T14:41:05","modified_gmt":"2024-12-17T18:41:05","slug":"cumbre-alba-tcp-destaca-importancia-de-la-alianza-para-la-cohesion-y-el-desarrollo-de-la-region","status":"publish","type":"post","link":"https:\/\/mincomercionacional.gob.ve\/?p=21926","title":{"rendered":"Cumbre ALBA-TCP destaca importancia de la alianza para la cohesi\u00f3n y el desarrollo de la regi\u00f3n"},"content":{"rendered":"<p style=\"text-align: justify;\">Los jefes de Estado y de Gobierno que integran la Alianza Bolivariana para los Pueblos de Nuestra Am\u00e9rica \u2013 Tratado de Comercio de los Pueblos (ALBA-TCP), reunidos en Caracas, Venezuela, emitieron la declaraci\u00f3n de la XXIV Cumbre efectuada como parte del XX aniversario de la instituci\u00f3n.<\/p>\n<p style=\"text-align: justify;\">En el evento se rememor\u00f3 adem\u00e1s el hist\u00f3rico encuentro entre Hugo Ch\u00e1vez y Fidel Castro; por lo que el jefe de Estado venezolano Nicol\u00e1s Maduro destac\u00f3 la importancia de la alianza para la cohesi\u00f3n y el desarrollo de la regi\u00f3n.<\/p>\n<p>Algunos de los puntos m\u00e1s importantes del documento final, son:<\/p>\n<ul>\n<li>Las autoridades ratificaron el \u00abcompromiso inquebrantable\u00bb con la defensa de los valores democr\u00e1ticos y el respeto a la voluntad popular emitida en las urnas electorales.<\/li>\n<li style=\"text-align: justify;\">Destacaron la importancia de reimpulsar y profundizar los principios y valores fundacionales del ALBA-TCP.<\/li>\n<li>Reafirmaron la convicci\u00f3n de construir pol\u00edticas exteriores que prioricen la despatriarcalizaci\u00f3n, la justicia clim\u00e1tica y la descolonizaci\u00f3n.<\/li>\n<li>Como bloque regional, rechazaron en\u00e9rgicamente \u00ablas medidas coercitivas unilaterales, arbitrarias, ilegales y criminales\u00bb impuestas por EE.UU. contra Cuba, Venezuela y Nicaragua.<\/li>\n<li style=\"text-align: justify;\">Emitieron un firme repudio y condena \u00ablas acciones terroristas perpetradas por el Estado de Israel\u00bb contra el pueblo palestino en la Franja de Gaza.<\/li>\n<li style=\"text-align: justify;\">Asimismo, renovaron las aspiraciones del surgimiento de un nuevo orden multipolar.<\/li>\n<li style=\"text-align: justify;\">Reconocen el rol fundamental de los BRICS y el ingreso de algunos pa\u00edses de la Alianza como un paso positivo en el camino hacia la prosperidad.<\/li>\n<\/ul>\n<p style=\"text-align: justify;\">El evento sirvi\u00f3 para resaltar que ning\u00fan otro organismo multilateral ha brindado tanto apoyo a los pueblos como el ALBA-TCP por lo que los jefes de Estado profundizaron su compromiso por mantener la integraci\u00f3n que iniciaron hace 20 a\u00f1os.<\/p>\n<p>&nbsp;<\/p>\n<p><iframe loading=\"lazy\" title=\"#Resumen | XXIV Cumbre del ALBA-TCP: 20 a\u00f1os de integraci\u00f3n latinoamericana y caribe\u00f1a\" width=\"500\" height=\"281\" src=\"https:\/\/www.youtube.com\/embed\/vv7KWkhKSS8?feature=oembed\" frameborder=\"0\" allow=\"accelerometer; autoplay; clipboard-write; encrypted-media; gyroscope; picture-in-picture; web-share\" referrerpolicy=\"strict-origin-when-cross-origin\" allowfullscreen><\/iframe><\/p>\n<p>&nbsp;<\/p>\n","protected":false},"excerpt":{"rendered":"<p>Los jefes de Estado y de Gobierno que integran la Alianza Bolivariana para los Pueblos de Nuestra Am\u00e9rica \u2013 Tratado de Comercio de los Pueblos (ALBA-TCP), reunidos en Caracas, Venezuela, emitieron la declaraci\u00f3n de la XXIV Cumbre efectuada como parte del XX aniversario de la instituci\u00f3n. En el evento se rememor\u00f3 adem\u00e1s el hist\u00f3rico encuentro &hellip;<\/p>\n","protected":false},"author":22,"featured_media":21927,"comment_status":"closed","ping_status":"open","sticky":false,"template":"","format":"standard","meta":{"footnotes":""},"categories":[1253],"tags":[1283,1570,1335,1682,1527,1340],"class_list":["post-21926","post","type-post","status-publish","format-standard","has-post-thumbnail","hentry","category-prensa-presidencial","tag-acuerdos","tag-alba-tcp","tag-cumbre","tag-estado","tag-integracion","tag-paises"],"jetpack_featured_media_url":"https:\/\/i0.wp.com\/mincomercionacional.gob.ve\/wp-content\/uploads\/2024\/12\/photo_2024-12-17_14-12-50.jpg?fit=1280%2C853&ssl=1","jetpack_shortlink":"https:\/\/wp.me\/pbvjg9-5HE","_links":{"self":[{"href":"https:\/\/mincomercionacional.gob.ve\/index.php?rest_route=\/wp\/v2\/posts\/21926","targetHints":{"allow":["GET"]}}],"collection":[{"href":"https:\/\/mincomercionacional.gob.ve\/index.php?rest_route=\/wp\/v2\/posts"}],"about":[{"href":"https:\/\/mincomercionacional.gob.ve\/index.php?rest_route=\/wp\/v2\/types\/post"}],"author":[{"embeddable":true,"href":"https:\/\/mincomercionacional.gob.ve\/index.php?rest_route=\/wp\/v2\/users\/22"}],"replies":[{"embeddable":true,"href":"https:\/\/mincomercionacional.gob.ve\/index.php?rest_route=%2Fwp%2Fv2%2Fcomments&post=21926"}],"version-history":[{"count":1,"href":"https:\/\/mincomercionacional.gob.ve\/index.php?rest_route=\/wp\/v2\/posts\/21926\/revisions"}],"predecessor-version":[{"id":21928,"href":"https:\/\/mincomercionacional.gob.ve\/index.php?rest_route=\/wp\/v2\/posts\/21926\/revisions\/21928"}],"wp:featuredmedia":[{"embeddable":true,"href":"https:\/\/mincomercionacional.gob.ve\/index.php?rest_route=\/wp\/v2\/media\/21927"}],"wp:attachment":[{"href":"https:\/\/mincomercionacional.gob.ve\/index.php?rest_route=%2Fwp%2Fv2%2Fmedia&parent=21926"}],"wp:term":[{"taxonomy":"category","embeddable":true,"href":"https:\/\/mincomercionacional.gob.ve\/index.php?rest_route=%2Fwp%2Fv2%2Fcategories&post=21926"},{"taxonomy":"post_tag","embeddable":true,"href":"https:\/\/mincomercionacional.gob.ve\/index.php?rest_route=%2Fwp%2Fv2%2Ftags&post=21926"}],"curies":[{"name":"wp","href":"https:\/\/api.w.org\/{rel}","templated":true}]}}