{"id":21400,"date":"2024-11-22T12:24:27","date_gmt":"2024-11-22T16:24:27","guid":{"rendered":"https:\/\/mincomercionacional.gob.ve\/?p=21400"},"modified":"2024-11-22T15:09:33","modified_gmt":"2024-11-22T19:09:33","slug":"gobierno-bolivariano-atiende-a-traves-del-plan-z-a-comunidad-de-la-pastora","status":"publish","type":"post","link":"https:\/\/mincomercionacional.gob.ve\/?p=21400","title":{"rendered":"Gobierno Bolivariano atiende a trav\u00e9s del Plan Z a comunidad de La Pastora"},"content":{"rendered":"<p style=\"text-align: justify;\">El Ministerio del Poder Popular de Comercio Nacional, en pro de garantizar el bienestar integral del pueblo venezolano, efectu\u00f3 un operativo de Plan Z en la parroquia de La Pastora, cumpliendo con las pol\u00edticas de protecci\u00f3n social, implementadas por el Presidente Nicol\u00e1s Maduro Moros. Los habitantes de La Pastora tras adquirir calzado venezolano de calidad, a precios accesibles, expresaron con gran satisfacci\u00f3n la ejecuci\u00f3n de este tipo de jornadas que benefician a las familias venezolanas.<\/p>\n<p style=\"text-align: justify;\">La beneficiaria Daniela P\u00e9rez, agradeci\u00f3 al Presidente Nicol\u00e1s Maduro Moros \u00abpor fortalecer a mi comunidad y a las familias vulnerables que aqu\u00ed habitamos, ya que este tipo de operativos apoyan a nuestros vecinos para adquirir calzados de calidad, a buen precio y al pie de tu vivienda\u201d.<\/p>\n<div class=\"tiled-gallery type-rectangular tiled-gallery-unresized\" data-original-width=\"500\" data-carousel-extra='{&quot;blog_id&quot;:1,&quot;permalink&quot;:&quot;https:\\\/\\\/mincomercionacional.gob.ve\\\/?p=21400&quot;,&quot;likes_blog_id&quot;:170001901}' itemscope itemtype=\"http:\/\/schema.org\/ImageGallery\" > <div class=\"gallery-row\" style=\"width: 500px; height: 302px;\" data-original-width=\"500\" data-original-height=\"302\" > <div class=\"gallery-group images-1\" style=\"width: 335px; height: 302px;\" data-original-width=\"335\" data-original-height=\"302\" > <div class=\"tiled-gallery-item tiled-gallery-item-large\" itemprop=\"associatedMedia\" itemscope itemtype=\"http:\/\/schema.org\/ImageObject\"> <a href=\"https:\/\/i0.wp.com\/mincomercionacional.gob.ve\/wp-content\/uploads\/2024\/11\/photo_5044191093901602307_y.jpg?ssl=1\" border=\"0\" itemprop=\"url\"> <meta itemprop=\"width\" content=\"331\"> <meta itemprop=\"height\" content=\"298\"> <img decoding=\"async\" class=\"\" data-attachment-id=\"21404\" data-orig-file=\"https:\/\/mincomercionacional.gob.ve\/wp-content\/uploads\/2024\/11\/photo_5044191093901602307_y.jpg\" data-orig-size=\"1280,1153\" data-comments-opened=\"\" data-image-meta=\"{&quot;aperture&quot;:&quot;0&quot;,&quot;credit&quot;:&quot;&quot;,&quot;camera&quot;:&quot;&quot;,&quot;caption&quot;:&quot;&quot;,&quot;created_timestamp&quot;:&quot;0&quot;,&quot;copyright&quot;:&quot;&quot;,&quot;focal_length&quot;:&quot;0&quot;,&quot;iso&quot;:&quot;0&quot;,&quot;shutter_speed&quot;:&quot;0&quot;,&quot;title&quot;:&quot;&quot;,&quot;orientation&quot;:&quot;0&quot;}\" data-image-title=\"photo_5044191093901602307_y\" data-image-description=\"\" data-medium-file=\"https:\/\/i0.wp.com\/mincomercionacional.gob.ve\/wp-content\/uploads\/2024\/11\/photo_5044191093901602307_y.jpg?fit=300%2C270&#038;ssl=1\" data-large-file=\"https:\/\/i0.wp.com\/mincomercionacional.gob.ve\/wp-content\/uploads\/2024\/11\/photo_5044191093901602307_y.jpg?fit=1024%2C922&#038;ssl=1\" src=\"https:\/\/i0.wp.com\/mincomercionacional.gob.ve\/wp-content\/uploads\/2024\/11\/photo_5044191093901602307_y.jpg?w=331&#038;h=298&#038;ssl=1\" width=\"331\" height=\"298\" loading=\"lazy\" data-original-width=\"331\" data-original-height=\"298\" itemprop=\"http:\/\/schema.org\/image\" title=\"photo_5044191093901602307_y\" alt=\"photo_5044191093901602307_y\" style=\"width: 331px; height: 298px;\" \/> <\/a> <\/div> <\/div> <!-- close group --> <div class=\"gallery-group images-2\" style=\"width: 165px; height: 302px;\" data-original-width=\"165\" data-original-height=\"302\" > <div class=\"tiled-gallery-item tiled-gallery-item-small\" itemprop=\"associatedMedia\" itemscope itemtype=\"http:\/\/schema.org\/ImageObject\"> <a href=\"https:\/\/i0.wp.com\/mincomercionacional.gob.ve\/wp-content\/uploads\/2024\/11\/photo_5044191093901602306_y.jpg?ssl=1\" border=\"0\" itemprop=\"url\"> <meta itemprop=\"width\" content=\"161\"> <meta itemprop=\"height\" content=\"155\"> <img decoding=\"async\" class=\"\" data-attachment-id=\"21405\" data-orig-file=\"https:\/\/mincomercionacional.gob.ve\/wp-content\/uploads\/2024\/11\/photo_5044191093901602306_y.jpg\" data-orig-size=\"1280,1227\" data-comments-opened=\"\" data-image-meta=\"{&quot;aperture&quot;:&quot;0&quot;,&quot;credit&quot;:&quot;&quot;,&quot;camera&quot;:&quot;&quot;,&quot;caption&quot;:&quot;&quot;,&quot;created_timestamp&quot;:&quot;0&quot;,&quot;copyright&quot;:&quot;&quot;,&quot;focal_length&quot;:&quot;0&quot;,&quot;iso&quot;:&quot;0&quot;,&quot;shutter_speed&quot;:&quot;0&quot;,&quot;title&quot;:&quot;&quot;,&quot;orientation&quot;:&quot;0&quot;}\" data-image-title=\"photo_5044191093901602306_y\" data-image-description=\"\" data-medium-file=\"https:\/\/i0.wp.com\/mincomercionacional.gob.ve\/wp-content\/uploads\/2024\/11\/photo_5044191093901602306_y.jpg?fit=300%2C288&#038;ssl=1\" data-large-file=\"https:\/\/i0.wp.com\/mincomercionacional.gob.ve\/wp-content\/uploads\/2024\/11\/photo_5044191093901602306_y.jpg?fit=1024%2C982&#038;ssl=1\" src=\"https:\/\/i0.wp.com\/mincomercionacional.gob.ve\/wp-content\/uploads\/2024\/11\/photo_5044191093901602306_y.jpg?w=161&#038;h=155&#038;ssl=1\" width=\"161\" height=\"155\" loading=\"lazy\" data-original-width=\"161\" data-original-height=\"155\" itemprop=\"http:\/\/schema.org\/image\" title=\"photo_5044191093901602306_y\" alt=\"photo_5044191093901602306_y\" style=\"width: 161px; height: 155px;\" \/> <\/a> <\/div> <div class=\"tiled-gallery-item tiled-gallery-item-small\" itemprop=\"associatedMedia\" itemscope itemtype=\"http:\/\/schema.org\/ImageObject\"> <a href=\"https:\/\/i0.wp.com\/mincomercionacional.gob.ve\/wp-content\/uploads\/2024\/11\/photo_5044191093901602312_y.jpg?ssl=1\" border=\"0\" itemprop=\"url\"> <meta itemprop=\"width\" content=\"161\"> <meta itemprop=\"height\" content=\"139\"> <img decoding=\"async\" class=\"\" data-attachment-id=\"21406\" data-orig-file=\"https:\/\/mincomercionacional.gob.ve\/wp-content\/uploads\/2024\/11\/photo_5044191093901602312_y.jpg\" data-orig-size=\"1280,1105\" data-comments-opened=\"\" data-image-meta=\"{&quot;aperture&quot;:&quot;0&quot;,&quot;credit&quot;:&quot;&quot;,&quot;camera&quot;:&quot;&quot;,&quot;caption&quot;:&quot;&quot;,&quot;created_timestamp&quot;:&quot;0&quot;,&quot;copyright&quot;:&quot;&quot;,&quot;focal_length&quot;:&quot;0&quot;,&quot;iso&quot;:&quot;0&quot;,&quot;shutter_speed&quot;:&quot;0&quot;,&quot;title&quot;:&quot;&quot;,&quot;orientation&quot;:&quot;0&quot;}\" data-image-title=\"photo_5044191093901602312_y\" data-image-description=\"\" data-medium-file=\"https:\/\/i0.wp.com\/mincomercionacional.gob.ve\/wp-content\/uploads\/2024\/11\/photo_5044191093901602312_y.jpg?fit=300%2C259&#038;ssl=1\" data-large-file=\"https:\/\/i0.wp.com\/mincomercionacional.gob.ve\/wp-content\/uploads\/2024\/11\/photo_5044191093901602312_y.jpg?fit=1024%2C884&#038;ssl=1\" src=\"https:\/\/i0.wp.com\/mincomercionacional.gob.ve\/wp-content\/uploads\/2024\/11\/photo_5044191093901602312_y.jpg?w=161&#038;h=139&#038;ssl=1\" width=\"161\" height=\"139\" loading=\"lazy\" data-original-width=\"161\" data-original-height=\"139\" itemprop=\"http:\/\/schema.org\/image\" title=\"photo_5044191093901602312_y\" alt=\"photo_5044191093901602312_y\" style=\"width: 161px; height: 139px;\" \/> <\/a> <\/div> <\/div> <!-- close group --> <\/div> <!-- close row --> <div class=\"gallery-row\" style=\"width: 500px; height: 276px;\" data-original-width=\"500\" data-original-height=\"276\" > <div class=\"gallery-group images-2\" style=\"width: 165px; height: 276px;\" data-original-width=\"165\" data-original-height=\"276\" > <div class=\"tiled-gallery-item tiled-gallery-item-small\" itemprop=\"associatedMedia\" itemscope itemtype=\"http:\/\/schema.org\/ImageObject\"> <a href=\"https:\/\/i0.wp.com\/mincomercionacional.gob.ve\/wp-content\/uploads\/2024\/11\/photo_5044191093901602311_y.jpg?ssl=1\" border=\"0\" itemprop=\"url\"> <meta itemprop=\"width\" content=\"161\"> <meta itemprop=\"height\" content=\"155\"> <img decoding=\"async\" class=\"\" data-attachment-id=\"21407\" data-orig-file=\"https:\/\/mincomercionacional.gob.ve\/wp-content\/uploads\/2024\/11\/photo_5044191093901602311_y.jpg\" data-orig-size=\"1280,1235\" data-comments-opened=\"\" data-image-meta=\"{&quot;aperture&quot;:&quot;0&quot;,&quot;credit&quot;:&quot;&quot;,&quot;camera&quot;:&quot;&quot;,&quot;caption&quot;:&quot;&quot;,&quot;created_timestamp&quot;:&quot;0&quot;,&quot;copyright&quot;:&quot;&quot;,&quot;focal_length&quot;:&quot;0&quot;,&quot;iso&quot;:&quot;0&quot;,&quot;shutter_speed&quot;:&quot;0&quot;,&quot;title&quot;:&quot;&quot;,&quot;orientation&quot;:&quot;0&quot;}\" data-image-title=\"photo_5044191093901602311_y\" data-image-description=\"\" data-medium-file=\"https:\/\/i0.wp.com\/mincomercionacional.gob.ve\/wp-content\/uploads\/2024\/11\/photo_5044191093901602311_y.jpg?fit=300%2C289&#038;ssl=1\" data-large-file=\"https:\/\/i0.wp.com\/mincomercionacional.gob.ve\/wp-content\/uploads\/2024\/11\/photo_5044191093901602311_y.jpg?fit=1024%2C988&#038;ssl=1\" src=\"https:\/\/i0.wp.com\/mincomercionacional.gob.ve\/wp-content\/uploads\/2024\/11\/photo_5044191093901602311_y.jpg?w=161&#038;h=155&#038;ssl=1\" width=\"161\" height=\"155\" loading=\"lazy\" data-original-width=\"161\" data-original-height=\"155\" itemprop=\"http:\/\/schema.org\/image\" title=\"photo_5044191093901602311_y\" alt=\"photo_5044191093901602311_y\" style=\"width: 161px; height: 155px;\" \/> <\/a> <\/div> <div class=\"tiled-gallery-item tiled-gallery-item-small\" itemprop=\"associatedMedia\" itemscope itemtype=\"http:\/\/schema.org\/ImageObject\"> <a href=\"https:\/\/i0.wp.com\/mincomercionacional.gob.ve\/wp-content\/uploads\/2024\/11\/photo_5044191093901602309_y.jpg?ssl=1\" border=\"0\" itemprop=\"url\"> <meta itemprop=\"width\" content=\"161\"> <meta itemprop=\"height\" content=\"113\"> <img decoding=\"async\" class=\"\" data-attachment-id=\"21408\" data-orig-file=\"https:\/\/mincomercionacional.gob.ve\/wp-content\/uploads\/2024\/11\/photo_5044191093901602309_y.jpg\" data-orig-size=\"1280,894\" data-comments-opened=\"\" data-image-meta=\"{&quot;aperture&quot;:&quot;0&quot;,&quot;credit&quot;:&quot;&quot;,&quot;camera&quot;:&quot;&quot;,&quot;caption&quot;:&quot;&quot;,&quot;created_timestamp&quot;:&quot;0&quot;,&quot;copyright&quot;:&quot;&quot;,&quot;focal_length&quot;:&quot;0&quot;,&quot;iso&quot;:&quot;0&quot;,&quot;shutter_speed&quot;:&quot;0&quot;,&quot;title&quot;:&quot;&quot;,&quot;orientation&quot;:&quot;0&quot;}\" data-image-title=\"photo_5044191093901602309_y\" data-image-description=\"\" data-medium-file=\"https:\/\/i0.wp.com\/mincomercionacional.gob.ve\/wp-content\/uploads\/2024\/11\/photo_5044191093901602309_y.jpg?fit=300%2C210&#038;ssl=1\" data-large-file=\"https:\/\/i0.wp.com\/mincomercionacional.gob.ve\/wp-content\/uploads\/2024\/11\/photo_5044191093901602309_y.jpg?fit=1024%2C715&#038;ssl=1\" src=\"https:\/\/i0.wp.com\/mincomercionacional.gob.ve\/wp-content\/uploads\/2024\/11\/photo_5044191093901602309_y.jpg?w=161&#038;h=113&#038;ssl=1\" width=\"161\" height=\"113\" loading=\"lazy\" data-original-width=\"161\" data-original-height=\"113\" itemprop=\"http:\/\/schema.org\/image\" title=\"photo_5044191093901602309_y\" alt=\"photo_5044191093901602309_y\" style=\"width: 161px; height: 113px;\" \/> <\/a> <\/div> <\/div> <!-- close group --> <div class=\"gallery-group images-1\" style=\"width: 335px; height: 276px;\" data-original-width=\"335\" data-original-height=\"276\" > <div class=\"tiled-gallery-item tiled-gallery-item-large\" itemprop=\"associatedMedia\" itemscope itemtype=\"http:\/\/schema.org\/ImageObject\"> <a href=\"https:\/\/i0.wp.com\/mincomercionacional.gob.ve\/wp-content\/uploads\/2024\/11\/photo_5044191093901602308_y.jpg?ssl=1\" border=\"0\" itemprop=\"url\"> <meta itemprop=\"width\" content=\"331\"> <meta itemprop=\"height\" content=\"272\"> <img decoding=\"async\" class=\"\" data-attachment-id=\"21409\" data-orig-file=\"https:\/\/mincomercionacional.gob.ve\/wp-content\/uploads\/2024\/11\/photo_5044191093901602308_y.jpg\" data-orig-size=\"1280,1052\" data-comments-opened=\"\" data-image-meta=\"{&quot;aperture&quot;:&quot;0&quot;,&quot;credit&quot;:&quot;&quot;,&quot;camera&quot;:&quot;&quot;,&quot;caption&quot;:&quot;&quot;,&quot;created_timestamp&quot;:&quot;0&quot;,&quot;copyright&quot;:&quot;&quot;,&quot;focal_length&quot;:&quot;0&quot;,&quot;iso&quot;:&quot;0&quot;,&quot;shutter_speed&quot;:&quot;0&quot;,&quot;title&quot;:&quot;&quot;,&quot;orientation&quot;:&quot;0&quot;}\" data-image-title=\"photo_5044191093901602308_y\" data-image-description=\"\" data-medium-file=\"https:\/\/i0.wp.com\/mincomercionacional.gob.ve\/wp-content\/uploads\/2024\/11\/photo_5044191093901602308_y.jpg?fit=300%2C247&#038;ssl=1\" data-large-file=\"https:\/\/i0.wp.com\/mincomercionacional.gob.ve\/wp-content\/uploads\/2024\/11\/photo_5044191093901602308_y.jpg?fit=1024%2C842&#038;ssl=1\" src=\"https:\/\/i0.wp.com\/mincomercionacional.gob.ve\/wp-content\/uploads\/2024\/11\/photo_5044191093901602308_y.jpg?w=331&#038;h=272&#038;ssl=1\" width=\"331\" height=\"272\" loading=\"lazy\" data-original-width=\"331\" data-original-height=\"272\" itemprop=\"http:\/\/schema.org\/image\" title=\"photo_5044191093901602308_y\" alt=\"photo_5044191093901602308_y\" style=\"width: 331px; height: 272px;\" \/> <\/a> <\/div> <\/div> <!-- close group --> <\/div> <!-- close row --> <\/div>\n<p style=\"text-align: justify;\">Asimismo, el residente de la comunidad, Jos\u00e9 Duran, indic\u00f3: \u201cme siento complacido y atendido con el Plan Z, puesto que la calidad del zapato y en comparaci\u00f3n con el precio del mercado especulativo son m\u00e1s asequibles en este operativo, le env\u00edo un cordial saludo y enorme agradecimiento a nuestro Presidente obrero por expandir estas jornadas al pueblo bolivariano, quienes somos los hijos de Ch\u00e1vez\u201d.<\/p>\n<p style=\"text-align: justify;\">El poder popular una vez m\u00e1s es beneficiado con el Plan Z, que tiene como objetivo producir y llevar calzados de calidad y a precios solidarios al pueblo venezolano, pese a las sanciones impuestas a nuestra naci\u00f3n, el Gobierno Bolivariano responde con mano dura en funci\u00f3n de justicia social.<\/p>\n","protected":false},"excerpt":{"rendered":"<p>El Ministerio del Poder Popular de Comercio Nacional, en pro de garantizar el bienestar integral del pueblo venezolano, efectu\u00f3 un operativo de Plan Z en la parroquia de La Pastora, cumpliendo con las pol\u00edticas de protecci\u00f3n social, implementadas por el Presidente Nicol\u00e1s Maduro Moros. Los habitantes de La Pastora tras adquirir calzado venezolano de calidad, &hellip;<\/p>\n","protected":false},"author":21,"featured_media":21403,"comment_status":"closed","ping_status":"open","sticky":false,"template":"","format":"standard","meta":{"footnotes":""},"categories":[1256,1],"tags":[47,126,94,772,807],"class_list":["post-21400","post","type-post","status-publish","format-standard","has-post-thumbnail","hentry","category-comercio-nacional","category-prensa","tag-gobierno-bolivariano","tag-ministerio-de-comercio","tag-plan-z","tag-poder-popular","tag-pueblo-venezolano"],"jetpack_featured_media_url":"https:\/\/i0.wp.com\/mincomercionacional.gob.ve\/wp-content\/uploads\/2024\/11\/photo_5044191093901602305_y.jpg?fit=1280%2C924&ssl=1","jetpack_shortlink":"https:\/\/wp.me\/pbvjg9-5za","_links":{"self":[{"href":"https:\/\/mincomercionacional.gob.ve\/index.php?rest_route=\/wp\/v2\/posts\/21400","targetHints":{"allow":["GET"]}}],"collection":[{"href":"https:\/\/mincomercionacional.gob.ve\/index.php?rest_route=\/wp\/v2\/posts"}],"about":[{"href":"https:\/\/mincomercionacional.gob.ve\/index.php?rest_route=\/wp\/v2\/types\/post"}],"author":[{"embeddable":true,"href":"https:\/\/mincomercionacional.gob.ve\/index.php?rest_route=\/wp\/v2\/users\/21"}],"replies":[{"embeddable":true,"href":"https:\/\/mincomercionacional.gob.ve\/index.php?rest_route=%2Fwp%2Fv2%2Fcomments&post=21400"}],"version-history":[{"count":3,"href":"https:\/\/mincomercionacional.gob.ve\/index.php?rest_route=\/wp\/v2\/posts\/21400\/revisions"}],"predecessor-version":[{"id":21402,"href":"https:\/\/mincomercionacional.gob.ve\/index.php?rest_route=\/wp\/v2\/posts\/21400\/revisions\/21402"}],"wp:featuredmedia":[{"embeddable":true,"href":"https:\/\/mincomercionacional.gob.ve\/index.php?rest_route=\/wp\/v2\/media\/21403"}],"wp:attachment":[{"href":"https:\/\/mincomercionacional.gob.ve\/index.php?rest_route=%2Fwp%2Fv2%2Fmedia&parent=21400"}],"wp:term":[{"taxonomy":"category","embeddable":true,"href":"https:\/\/mincomercionacional.gob.ve\/index.php?rest_route=%2Fwp%2Fv2%2Fcategories&post=21400"},{"taxonomy":"post_tag","embeddable":true,"href":"https:\/\/mincomercionacional.gob.ve\/index.php?rest_route=%2Fwp%2Fv2%2Ftags&post=21400"}],"curies":[{"name":"wp","href":"https:\/\/api.w.org\/{rel}","templated":true}]}}