{"id":2132,"date":"2020-06-08T10:26:52","date_gmt":"2020-06-08T14:26:52","guid":{"rendered":"http:\/\/mincomercionacional.gob.ve\/?p=2132"},"modified":"2020-06-08T10:26:52","modified_gmt":"2020-06-08T14:26:52","slug":"ministra-eneida-laya-sectores-economicos-priorizados-deben-respetar-modelo-7-x-7","status":"publish","type":"post","link":"https:\/\/mincomercionacional.gob.ve\/?p=2132","title":{"rendered":"Ministra Eneida Laya: Sectores econ\u00f3micos priorizados deben respetar modelo 7 x 7"},"content":{"rendered":"<p>La ministra del Poder Popular de Comercio Nacional, Eneida Laya, llam\u00f3 este lunes a respetar la nueva modalidad de flexibilizaci\u00f3n instruida por el Gobierno Bolivariano denominada 7 x 7, en la cual se deben trabajar siete d\u00edas de la semana y resguardarse otros siete.<\/p>\n<p>Indic\u00f3 que los nueve sectores priorizados que abrieron sus empresas la semana pasada deben ajustarse a este nuevo m\u00e9todo para prevenir la expansi\u00f3n del coronavirus.<\/p>\n<p>De este modo, las \u00e1reas de construcci\u00f3n, consultorios m\u00e9dicos y odontol\u00f3gicos, peluquer\u00edas, materia prima qu\u00edmica, servicios personalizados de plomer\u00eda y refrigeraci\u00f3n, agencias bancarias, ferreter\u00edas, textil y calzado, talleres mec\u00e1nicos y autopartes y transporte, deben adecuarse a la normativa 7 x 7 que comenz\u00f3 a ejecutarse este 8 de junio.<\/p>\n<p>\u201cTodos los sectores que participaron en la flexibilizaci\u00f3n deben respetar las normas y protocolos sanitarios instruidos por el presidente, de la Rep\u00fablica, Nicol\u00e1s Maduro, esa es la garant\u00eda de que sea un \u00e9xito el 7&#215;7&#8243;, inst\u00f3 Laya, durante su programa Al Aire con Min. Comercio, transmitido todos los lunes a las 7:00 de la ma\u00f1ana por Radio Miraflores 95.9 FM.<\/p>\n<p>Se\u00f1al\u00f3 que progresivamente, conforme avance este modelo, se ir\u00e1n incorporando nuevos sectores para en conjunto trabajar en la econom\u00eda post pandemia. En este punto, reiter\u00f3 que el impulso del sector productivo nacional est\u00e1 fundamentado en dos acciones principales: dar prioridad a lo hecho en Venezuela y di\u00e1logo en mesas de trabajo.<\/p>\n<p>\u00abEstamos construyendo la econom\u00eda post pandemia, destrabando los nudos cr\u00edticos que puedan afectar los procesos productivos, ante las agresiones imperiales, poniendo como dijo el presidente Maduro, al pueblo primero\u201d, destac\u00f3, en referencia a las mesas de trabajo que se han instalado con el sector econ\u00f3mico productivo en Anzo\u00e1tegui, Gu\u00e1rico, Miranda, Cojedes, Laya, Yaracuy y Portuguesa, con el objetivo de abarcar todo el pa\u00eds para concertar precios territoriales y al mismo tiempo conocer los requerimientos de todas las \u00e1reas para apoyarlas.<\/p>\n<p>\u00abEsas empresas que no est\u00e1n al 100% las vamos a ayudar \u00bfC\u00f3mo? Con las compras nacionales, a trav\u00e9s del Ministerio de Comercio Nacional, primero lo hecho en Venezuela\u00bb, afirm\u00f3.<\/p>\n<p>Sobre esto, el presidente de Fedeindustria, Orlando Camacho, quien asisti\u00f3 como invitado al programa de la ministra, inform\u00f3 que en la p\u00e1gina web de esta instituci\u00f3n www.fedeindustria.org, se public\u00f3 un cat\u00e1logo de productos locales disponibles para los planes de compra del Estado.<\/p>\n<p>En este sentido, resalt\u00f3 los resultados del plan de calzado impulsado por el Ministerio de Comercio al inicio del a\u00f1o, en el cual el Estado compra a industrias nacionales zapatos que se necesitan para poblaci\u00f3n en vulnerabilidad, principalmente. \u00abAgradecemos al Ministerio de Comercio Nacional por la incorporaci\u00f3n al plan zapato, eso elev\u00f3 la producci\u00f3n nacional, lo hecho en Venezuela\u00bb, resalt\u00f3.<\/p>\n<p>Distribuci\u00f3n de insumos<\/p>\n<p>El viceministro de Seguimiento y Control del Comercio y la Distribuci\u00f3n, Luis Villegas, fue otro de los invitados al programa conducido por la ministra Laya.<\/p>\n<p>Durante su participaci\u00f3n destac\u00f3 la labor de la Almacenadora Caracas, ente que dirige y que ha sido fundamental en la distribuci\u00f3n de insumos m\u00e9dicos para tratar y prevenir la Covid-19.<\/p>\n<p>Detall\u00f3 que desde el 16 de marzo, cuando se inici\u00f3 la cuarentena nacional, hasta la fecha, la Almacenadora ha recibido m\u00e1s de 16 millones de unidades de insumos y distribuido m\u00e1s de 13 millones hacia los puntos fronterizos y direcciones regionales.<\/p>\n<p>\u00abEstos insumos, que son m\u00e1s de 16 millones recibidos y distribuidos m\u00e1s de 13 millones, van hacia las Direcciones Regionales de Salud y a los Cordones Sanitarios ubicados en los ejes fronterizos para recibir a nuestros connacionales\u00bb, precis\u00f3.<\/p>\n<p>Envi\u00f3 un mensaje de apoyo a la fuera trabajadora de la Almacenadora por su compromiso y empe\u00f1o durante el combate al nuevo coronavirus. \u00abFelicitamos a los trabajadores de la Almacenadora Caracas<br \/>\npor su compromiso y entrega, son h\u00e9roes an\u00f3nimos en la lucha contra esta terrible pandemia\u00bb.<\/p>\n<p>Despliegue<\/p>\n<p>En cuanto a la labor de fiscalizaci\u00f3n que ejecuta el Ministerio de Comercio Nacional, Laya indic\u00f3 que se han realizado 11.185 inspecciones a los sectores alimentaci\u00f3n y farmac\u00e9uticos para verificar que se respeten los Precios M\u00e1ximos de Venta al P\u00fablico (PMVP).<\/p>\n<p>Igualmente se han atendido 36 de 61 solicitudes de intermediaci\u00f3n entre arrendadores y arrendatarios. En este punto pidi\u00f3 a su equipo de trabajo celeridad para atender cada una de las denuncias.<\/p>\n<p>\u201cEn nuestra sala de recepci\u00f3n de denuncias a trav\u00e9s del n\u00famero 0800 LOJUSTO 0800 (5658786) hemos atendido a 1.077 usuarios de los cuales se le ha dado respuesta a 662 \u201c, a\u00f1adi\u00f3.<\/p>\n<p>En el \u00e1rea de actividad aduanera, mencion\u00f3 que se se encuentran movilizados 1.470 contenedores para un total de 40.000 insumos distribuidos en diversas \u00e1reas.<\/p>\n","protected":false},"excerpt":{"rendered":"<p>La ministra del Poder Popular de Comercio Nacional, Eneida Laya, llam\u00f3 este lunes a respetar la nueva modalidad de flexibilizaci\u00f3n instruida por el Gobierno Bolivariano denominada 7 x 7, en la cual se deben trabajar siete d\u00edas de la semana y resguardarse otros siete. Indic\u00f3 que los nueve sectores priorizados que abrieron sus empresas la &hellip;<\/p>\n","protected":false},"author":5,"featured_media":2133,"comment_status":"closed","ping_status":"open","sticky":false,"template":"","format":"standard","meta":{"footnotes":""},"categories":[1],"tags":[],"class_list":["post-2132","post","type-post","status-publish","format-standard","has-post-thumbnail","hentry","category-prensa"],"jetpack_featured_media_url":"https:\/\/i0.wp.com\/mincomercionacional.gob.ve\/wp-content\/uploads\/2020\/06\/IMG-20200608-WA0045.jpg?fit=960%2C640&ssl=1","jetpack_shortlink":"https:\/\/wp.me\/pbvjg9-yo","_links":{"self":[{"href":"https:\/\/mincomercionacional.gob.ve\/index.php?rest_route=\/wp\/v2\/posts\/2132","targetHints":{"allow":["GET"]}}],"collection":[{"href":"https:\/\/mincomercionacional.gob.ve\/index.php?rest_route=\/wp\/v2\/posts"}],"about":[{"href":"https:\/\/mincomercionacional.gob.ve\/index.php?rest_route=\/wp\/v2\/types\/post"}],"author":[{"embeddable":true,"href":"https:\/\/mincomercionacional.gob.ve\/index.php?rest_route=\/wp\/v2\/users\/5"}],"replies":[{"embeddable":true,"href":"https:\/\/mincomercionacional.gob.ve\/index.php?rest_route=%2Fwp%2Fv2%2Fcomments&post=2132"}],"version-history":[{"count":1,"href":"https:\/\/mincomercionacional.gob.ve\/index.php?rest_route=\/wp\/v2\/posts\/2132\/revisions"}],"predecessor-version":[{"id":2134,"href":"https:\/\/mincomercionacional.gob.ve\/index.php?rest_route=\/wp\/v2\/posts\/2132\/revisions\/2134"}],"wp:featuredmedia":[{"embeddable":true,"href":"https:\/\/mincomercionacional.gob.ve\/index.php?rest_route=\/wp\/v2\/media\/2133"}],"wp:attachment":[{"href":"https:\/\/mincomercionacional.gob.ve\/index.php?rest_route=%2Fwp%2Fv2%2Fmedia&parent=2132"}],"wp:term":[{"taxonomy":"category","embeddable":true,"href":"https:\/\/mincomercionacional.gob.ve\/index.php?rest_route=%2Fwp%2Fv2%2Fcategories&post=2132"},{"taxonomy":"post_tag","embeddable":true,"href":"https:\/\/mincomercionacional.gob.ve\/index.php?rest_route=%2Fwp%2Fv2%2Ftags&post=2132"}],"curies":[{"name":"wp","href":"https:\/\/api.w.org\/{rel}","templated":true}]}}