{"id":21304,"date":"2024-11-19T13:35:46","date_gmt":"2024-11-19T17:35:46","guid":{"rendered":"https:\/\/mincomercionacional.gob.ve\/?p=21304"},"modified":"2024-11-19T13:35:46","modified_gmt":"2024-11-19T17:35:46","slug":"produccion-industrial-privada-crecio-76-en-el-tercer-trimestre-del-ano","status":"publish","type":"post","link":"https:\/\/mincomercionacional.gob.ve\/?p=21304","title":{"rendered":"Producci\u00f3n industrial privada creci\u00f3 7,6 % en el tercer trimestre del a\u00f1o"},"content":{"rendered":"<p id=\"sumario\" class=\"sum\" style=\"text-align: justify;\">\u00abEstamos en fase de construcci\u00f3n de un nuevo modelo econ\u00f3mico que genere bienes, hay que consolidarlo y construir la vocaci\u00f3n exportadora\u00bb, orient\u00f3 el presidente de la Rep\u00fablica Bolivariana de Venezuela, Nicol\u00e1s Maduro, durante la emisi\u00f3n 67 del programa <em><strong>Con Maduro+<\/strong>, <\/em>al celebrar el aumento sostenido de la producci\u00f3n industrial y el abastecimiento interno durante el tercer trimestre del 2024 que alcanz\u00f3 la cifra de 7,6 %.<\/p>\n<p style=\"text-align: justify;\">El Jefe de Estado expres\u00f3 que las distintas formas de trabajo y empleo que se han generado en los \u00faltimos a\u00f1os, producto del fortalecimiento y el desarrollo industrial, desencadenaron el \u00abcrecimiento comercial\u00bb, lo que produce \u00abmucho trabajo y fomenta el emprendimiento como nueva forma de producir riqueza familiar, del mantenimiento familiar\u00bb.<\/p>\n<p class=\"sum\" style=\"text-align: justify;\">Sostuvo que hay que generar mil formas de trabajo productivo, sin descuidar el empleo p\u00fablico, que mantiene un promedio alto, para lo cual se ha trazado la tarea de mejorar permanentemente y de forma sustancial el ingreso integral de los trabajadores y el ingreso social. \u00abGarantizar al trabajador su trabajo, el derecho a la vivienda, a la salud, a la educaci\u00f3n, recreaci\u00f3n y garantizar su ingreso monetario\u00bb.<\/p>\n<p style=\"text-align: justify;\">En ese sentido, el presidente Maduro asever\u00f3 que ante un mercado interno sobrecalentado se han tomado medidas para mantener un ritmo de crecimiento, fomentando tambi\u00e9n la \u00abconstrucci\u00f3n de la vocaci\u00f3n exportadora, con estrategias que empiezan a dar resultados, por una parte, con la riqueza que se genera y por otra, la que se capta por medio de la recaudaci\u00f3n de impuestos\u00bb.<\/p>\n<div class=\"tiled-gallery type-rectangular tiled-gallery-unresized\" data-original-width=\"500\" data-carousel-extra='{&quot;blog_id&quot;:1,&quot;permalink&quot;:&quot;https:\\\/\\\/mincomercionacional.gob.ve\\\/?p=21304&quot;,&quot;likes_blog_id&quot;:170001901}' itemscope itemtype=\"http:\/\/schema.org\/ImageGallery\" > <div class=\"gallery-row\" style=\"width: 500px; height: 141px;\" data-original-width=\"500\" data-original-height=\"141\" > <div class=\"gallery-group images-1\" style=\"width: 250px; height: 141px;\" data-original-width=\"250\" data-original-height=\"141\" > <div class=\"tiled-gallery-item tiled-gallery-item-small\" itemprop=\"associatedMedia\" itemscope itemtype=\"http:\/\/schema.org\/ImageObject\"> <a href=\"https:\/\/i0.wp.com\/mincomercionacional.gob.ve\/wp-content\/uploads\/2024\/11\/photo_5900891298263578623_x.jpg?ssl=1\" border=\"0\" itemprop=\"url\"> <meta itemprop=\"width\" content=\"246\"> <meta itemprop=\"height\" content=\"137\"> <img decoding=\"async\" class=\"\" data-attachment-id=\"21306\" data-orig-file=\"https:\/\/mincomercionacional.gob.ve\/wp-content\/uploads\/2024\/11\/photo_5900891298263578623_x.jpg\" data-orig-size=\"800,445\" data-comments-opened=\"\" data-image-meta=\"{&quot;aperture&quot;:&quot;0&quot;,&quot;credit&quot;:&quot;&quot;,&quot;camera&quot;:&quot;&quot;,&quot;caption&quot;:&quot;&quot;,&quot;created_timestamp&quot;:&quot;0&quot;,&quot;copyright&quot;:&quot;&quot;,&quot;focal_length&quot;:&quot;0&quot;,&quot;iso&quot;:&quot;0&quot;,&quot;shutter_speed&quot;:&quot;0&quot;,&quot;title&quot;:&quot;&quot;,&quot;orientation&quot;:&quot;0&quot;}\" data-image-title=\"photo_5900891298263578623_x\" data-image-description=\"\" data-medium-file=\"https:\/\/i0.wp.com\/mincomercionacional.gob.ve\/wp-content\/uploads\/2024\/11\/photo_5900891298263578623_x.jpg?fit=300%2C167&#038;ssl=1\" data-large-file=\"https:\/\/i0.wp.com\/mincomercionacional.gob.ve\/wp-content\/uploads\/2024\/11\/photo_5900891298263578623_x.jpg?fit=800%2C445&#038;ssl=1\" src=\"https:\/\/i0.wp.com\/mincomercionacional.gob.ve\/wp-content\/uploads\/2024\/11\/photo_5900891298263578623_x.jpg?w=246&#038;h=137&#038;ssl=1\" width=\"246\" height=\"137\" loading=\"lazy\" data-original-width=\"246\" data-original-height=\"137\" itemprop=\"http:\/\/schema.org\/image\" title=\"photo_5900891298263578623_x\" alt=\"photo_5900891298263578623_x\" style=\"width: 246px; height: 137px;\" \/> <\/a> <\/div> <\/div> <!-- close group --> <div class=\"gallery-group images-1\" style=\"width: 250px; height: 141px;\" data-original-width=\"250\" data-original-height=\"141\" > <div class=\"tiled-gallery-item tiled-gallery-item-small\" itemprop=\"associatedMedia\" itemscope itemtype=\"http:\/\/schema.org\/ImageObject\"> <a href=\"https:\/\/i0.wp.com\/mincomercionacional.gob.ve\/wp-content\/uploads\/2024\/11\/photo_5901371458427402048_x.jpg?ssl=1\" border=\"0\" itemprop=\"url\"> <meta itemprop=\"width\" content=\"246\"> <meta itemprop=\"height\" content=\"137\"> <img decoding=\"async\" class=\"\" data-attachment-id=\"21307\" data-orig-file=\"https:\/\/mincomercionacional.gob.ve\/wp-content\/uploads\/2024\/11\/photo_5901371458427402048_x.jpg\" data-orig-size=\"800,445\" data-comments-opened=\"\" data-image-meta=\"{&quot;aperture&quot;:&quot;0&quot;,&quot;credit&quot;:&quot;&quot;,&quot;camera&quot;:&quot;&quot;,&quot;caption&quot;:&quot;&quot;,&quot;created_timestamp&quot;:&quot;0&quot;,&quot;copyright&quot;:&quot;&quot;,&quot;focal_length&quot;:&quot;0&quot;,&quot;iso&quot;:&quot;0&quot;,&quot;shutter_speed&quot;:&quot;0&quot;,&quot;title&quot;:&quot;&quot;,&quot;orientation&quot;:&quot;0&quot;}\" data-image-title=\"photo_5901371458427402048_x\" data-image-description=\"\" data-medium-file=\"https:\/\/i0.wp.com\/mincomercionacional.gob.ve\/wp-content\/uploads\/2024\/11\/photo_5901371458427402048_x.jpg?fit=300%2C167&#038;ssl=1\" data-large-file=\"https:\/\/i0.wp.com\/mincomercionacional.gob.ve\/wp-content\/uploads\/2024\/11\/photo_5901371458427402048_x.jpg?fit=800%2C445&#038;ssl=1\" src=\"https:\/\/i0.wp.com\/mincomercionacional.gob.ve\/wp-content\/uploads\/2024\/11\/photo_5901371458427402048_x.jpg?w=246&#038;h=137&#038;ssl=1\" width=\"246\" height=\"137\" loading=\"lazy\" data-original-width=\"246\" data-original-height=\"137\" itemprop=\"http:\/\/schema.org\/image\" title=\"photo_5901371458427402048_x\" alt=\"photo_5901371458427402048_x\" style=\"width: 246px; height: 137px;\" \/> <\/a> <\/div> <\/div> <!-- close group --> <\/div> <!-- close row --> <div class=\"gallery-row\" style=\"width: 500px; height: 141px;\" data-original-width=\"500\" data-original-height=\"141\" > <div class=\"gallery-group images-1\" style=\"width: 250px; height: 141px;\" data-original-width=\"250\" data-original-height=\"141\" > <div class=\"tiled-gallery-item tiled-gallery-item-small\" itemprop=\"associatedMedia\" itemscope itemtype=\"http:\/\/schema.org\/ImageObject\"> <a href=\"https:\/\/i0.wp.com\/mincomercionacional.gob.ve\/wp-content\/uploads\/2024\/11\/photo_5901151075065509715_x.jpg?ssl=1\" border=\"0\" itemprop=\"url\"> <meta itemprop=\"width\" content=\"246\"> <meta itemprop=\"height\" content=\"137\"> <img decoding=\"async\" class=\"\" data-attachment-id=\"21308\" data-orig-file=\"https:\/\/mincomercionacional.gob.ve\/wp-content\/uploads\/2024\/11\/photo_5901151075065509715_x.jpg\" data-orig-size=\"800,445\" data-comments-opened=\"\" data-image-meta=\"{&quot;aperture&quot;:&quot;0&quot;,&quot;credit&quot;:&quot;&quot;,&quot;camera&quot;:&quot;&quot;,&quot;caption&quot;:&quot;&quot;,&quot;created_timestamp&quot;:&quot;0&quot;,&quot;copyright&quot;:&quot;&quot;,&quot;focal_length&quot;:&quot;0&quot;,&quot;iso&quot;:&quot;0&quot;,&quot;shutter_speed&quot;:&quot;0&quot;,&quot;title&quot;:&quot;&quot;,&quot;orientation&quot;:&quot;0&quot;}\" data-image-title=\"photo_5901151075065509715_x\" data-image-description=\"\" data-medium-file=\"https:\/\/i0.wp.com\/mincomercionacional.gob.ve\/wp-content\/uploads\/2024\/11\/photo_5901151075065509715_x.jpg?fit=300%2C167&#038;ssl=1\" data-large-file=\"https:\/\/i0.wp.com\/mincomercionacional.gob.ve\/wp-content\/uploads\/2024\/11\/photo_5901151075065509715_x.jpg?fit=800%2C445&#038;ssl=1\" src=\"https:\/\/i0.wp.com\/mincomercionacional.gob.ve\/wp-content\/uploads\/2024\/11\/photo_5901151075065509715_x.jpg?w=246&#038;h=137&#038;ssl=1\" width=\"246\" height=\"137\" loading=\"lazy\" data-original-width=\"246\" data-original-height=\"137\" itemprop=\"http:\/\/schema.org\/image\" title=\"photo_5901151075065509715_x\" alt=\"photo_5901151075065509715_x\" style=\"width: 246px; height: 137px;\" \/> <\/a> <\/div> <\/div> <!-- close group --> <div class=\"gallery-group images-1\" style=\"width: 250px; height: 141px;\" data-original-width=\"250\" data-original-height=\"141\" > <div class=\"tiled-gallery-item tiled-gallery-item-small\" itemprop=\"associatedMedia\" itemscope itemtype=\"http:\/\/schema.org\/ImageObject\"> <a href=\"https:\/\/i0.wp.com\/mincomercionacional.gob.ve\/wp-content\/uploads\/2024\/11\/photo_5901280933401704006_x.jpg?ssl=1\" border=\"0\" itemprop=\"url\"> <meta itemprop=\"width\" content=\"246\"> <meta itemprop=\"height\" content=\"137\"> <img decoding=\"async\" class=\"\" data-attachment-id=\"21309\" data-orig-file=\"https:\/\/mincomercionacional.gob.ve\/wp-content\/uploads\/2024\/11\/photo_5901280933401704006_x.jpg\" data-orig-size=\"800,445\" data-comments-opened=\"\" data-image-meta=\"{&quot;aperture&quot;:&quot;0&quot;,&quot;credit&quot;:&quot;&quot;,&quot;camera&quot;:&quot;&quot;,&quot;caption&quot;:&quot;&quot;,&quot;created_timestamp&quot;:&quot;0&quot;,&quot;copyright&quot;:&quot;&quot;,&quot;focal_length&quot;:&quot;0&quot;,&quot;iso&quot;:&quot;0&quot;,&quot;shutter_speed&quot;:&quot;0&quot;,&quot;title&quot;:&quot;&quot;,&quot;orientation&quot;:&quot;0&quot;}\" data-image-title=\"photo_5901280933401704006_x\" data-image-description=\"\" data-medium-file=\"https:\/\/i0.wp.com\/mincomercionacional.gob.ve\/wp-content\/uploads\/2024\/11\/photo_5901280933401704006_x.jpg?fit=300%2C167&#038;ssl=1\" data-large-file=\"https:\/\/i0.wp.com\/mincomercionacional.gob.ve\/wp-content\/uploads\/2024\/11\/photo_5901280933401704006_x.jpg?fit=800%2C445&#038;ssl=1\" src=\"https:\/\/i0.wp.com\/mincomercionacional.gob.ve\/wp-content\/uploads\/2024\/11\/photo_5901280933401704006_x.jpg?w=246&#038;h=137&#038;ssl=1\" width=\"246\" height=\"137\" loading=\"lazy\" data-original-width=\"246\" data-original-height=\"137\" itemprop=\"http:\/\/schema.org\/image\" title=\"photo_5901280933401704006_x\" alt=\"photo_5901280933401704006_x\" style=\"width: 246px; height: 137px;\" \/> <\/a> <\/div> <\/div> <!-- close group --> <\/div> <!-- close row --> <div class=\"gallery-row\" style=\"width: 500px; height: 141px;\" data-original-width=\"500\" data-original-height=\"141\" > <div class=\"gallery-group images-1\" style=\"width: 250px; height: 141px;\" data-original-width=\"250\" data-original-height=\"141\" > <div class=\"tiled-gallery-item tiled-gallery-item-small\" itemprop=\"associatedMedia\" itemscope itemtype=\"http:\/\/schema.org\/ImageObject\"> <a href=\"https:\/\/i0.wp.com\/mincomercionacional.gob.ve\/wp-content\/uploads\/2024\/11\/photo_5898908487956674524_x.jpg?ssl=1\" border=\"0\" itemprop=\"url\"> <meta itemprop=\"width\" content=\"246\"> <meta itemprop=\"height\" content=\"137\"> <img decoding=\"async\" class=\"\" data-attachment-id=\"21310\" data-orig-file=\"https:\/\/mincomercionacional.gob.ve\/wp-content\/uploads\/2024\/11\/photo_5898908487956674524_x.jpg\" data-orig-size=\"800,445\" data-comments-opened=\"\" data-image-meta=\"{&quot;aperture&quot;:&quot;0&quot;,&quot;credit&quot;:&quot;&quot;,&quot;camera&quot;:&quot;&quot;,&quot;caption&quot;:&quot;&quot;,&quot;created_timestamp&quot;:&quot;0&quot;,&quot;copyright&quot;:&quot;&quot;,&quot;focal_length&quot;:&quot;0&quot;,&quot;iso&quot;:&quot;0&quot;,&quot;shutter_speed&quot;:&quot;0&quot;,&quot;title&quot;:&quot;&quot;,&quot;orientation&quot;:&quot;0&quot;}\" data-image-title=\"photo_5898908487956674524_x\" data-image-description=\"\" data-medium-file=\"https:\/\/i0.wp.com\/mincomercionacional.gob.ve\/wp-content\/uploads\/2024\/11\/photo_5898908487956674524_x.jpg?fit=300%2C167&#038;ssl=1\" data-large-file=\"https:\/\/i0.wp.com\/mincomercionacional.gob.ve\/wp-content\/uploads\/2024\/11\/photo_5898908487956674524_x.jpg?fit=800%2C445&#038;ssl=1\" src=\"https:\/\/i0.wp.com\/mincomercionacional.gob.ve\/wp-content\/uploads\/2024\/11\/photo_5898908487956674524_x.jpg?w=246&#038;h=137&#038;ssl=1\" width=\"246\" height=\"137\" loading=\"lazy\" data-original-width=\"246\" data-original-height=\"137\" itemprop=\"http:\/\/schema.org\/image\" title=\"photo_5898908487956674524_x\" alt=\"photo_5898908487956674524_x\" style=\"width: 246px; height: 137px;\" \/> <\/a> <\/div> <\/div> <!-- close group --> <div class=\"gallery-group images-1\" style=\"width: 250px; height: 141px;\" data-original-width=\"250\" data-original-height=\"141\" > <div class=\"tiled-gallery-item tiled-gallery-item-small\" itemprop=\"associatedMedia\" itemscope itemtype=\"http:\/\/schema.org\/ImageObject\"> <a href=\"https:\/\/i0.wp.com\/mincomercionacional.gob.ve\/wp-content\/uploads\/2024\/11\/photo_5901058862117664700_x.jpg?ssl=1\" border=\"0\" itemprop=\"url\"> <meta itemprop=\"width\" content=\"246\"> <meta itemprop=\"height\" content=\"137\"> <img decoding=\"async\" class=\"\" data-attachment-id=\"21311\" data-orig-file=\"https:\/\/mincomercionacional.gob.ve\/wp-content\/uploads\/2024\/11\/photo_5901058862117664700_x.jpg\" data-orig-size=\"800,445\" data-comments-opened=\"\" data-image-meta=\"{&quot;aperture&quot;:&quot;0&quot;,&quot;credit&quot;:&quot;&quot;,&quot;camera&quot;:&quot;&quot;,&quot;caption&quot;:&quot;&quot;,&quot;created_timestamp&quot;:&quot;0&quot;,&quot;copyright&quot;:&quot;&quot;,&quot;focal_length&quot;:&quot;0&quot;,&quot;iso&quot;:&quot;0&quot;,&quot;shutter_speed&quot;:&quot;0&quot;,&quot;title&quot;:&quot;&quot;,&quot;orientation&quot;:&quot;0&quot;}\" data-image-title=\"photo_5901058862117664700_x\" data-image-description=\"\" data-medium-file=\"https:\/\/i0.wp.com\/mincomercionacional.gob.ve\/wp-content\/uploads\/2024\/11\/photo_5901058862117664700_x.jpg?fit=300%2C167&#038;ssl=1\" data-large-file=\"https:\/\/i0.wp.com\/mincomercionacional.gob.ve\/wp-content\/uploads\/2024\/11\/photo_5901058862117664700_x.jpg?fit=800%2C445&#038;ssl=1\" src=\"https:\/\/i0.wp.com\/mincomercionacional.gob.ve\/wp-content\/uploads\/2024\/11\/photo_5901058862117664700_x.jpg?w=246&#038;h=137&#038;ssl=1\" width=\"246\" height=\"137\" loading=\"lazy\" data-original-width=\"246\" data-original-height=\"137\" itemprop=\"http:\/\/schema.org\/image\" title=\"photo_5901058862117664700_x\" alt=\"photo_5901058862117664700_x\" style=\"width: 246px; height: 137px;\" \/> <\/a> <\/div> <\/div> <!-- close group --> <\/div> <!-- close row --> <div class=\"gallery-row\" style=\"width: 500px; height: 141px;\" data-original-width=\"500\" data-original-height=\"141\" > <div class=\"gallery-group images-1\" style=\"width: 250px; height: 141px;\" data-original-width=\"250\" data-original-height=\"141\" > <div class=\"tiled-gallery-item tiled-gallery-item-small\" itemprop=\"associatedMedia\" itemscope itemtype=\"http:\/\/schema.org\/ImageObject\"> <a href=\"https:\/\/i0.wp.com\/mincomercionacional.gob.ve\/wp-content\/uploads\/2024\/11\/photo_5901373880788956879_x.jpg?ssl=1\" border=\"0\" itemprop=\"url\"> <meta itemprop=\"width\" content=\"246\"> <meta itemprop=\"height\" content=\"137\"> <img decoding=\"async\" class=\"\" data-attachment-id=\"21312\" data-orig-file=\"https:\/\/mincomercionacional.gob.ve\/wp-content\/uploads\/2024\/11\/photo_5901373880788956879_x.jpg\" data-orig-size=\"800,445\" data-comments-opened=\"\" data-image-meta=\"{&quot;aperture&quot;:&quot;0&quot;,&quot;credit&quot;:&quot;&quot;,&quot;camera&quot;:&quot;&quot;,&quot;caption&quot;:&quot;&quot;,&quot;created_timestamp&quot;:&quot;0&quot;,&quot;copyright&quot;:&quot;&quot;,&quot;focal_length&quot;:&quot;0&quot;,&quot;iso&quot;:&quot;0&quot;,&quot;shutter_speed&quot;:&quot;0&quot;,&quot;title&quot;:&quot;&quot;,&quot;orientation&quot;:&quot;0&quot;}\" data-image-title=\"photo_5901373880788956879_x\" data-image-description=\"\" data-medium-file=\"https:\/\/i0.wp.com\/mincomercionacional.gob.ve\/wp-content\/uploads\/2024\/11\/photo_5901373880788956879_x.jpg?fit=300%2C167&#038;ssl=1\" data-large-file=\"https:\/\/i0.wp.com\/mincomercionacional.gob.ve\/wp-content\/uploads\/2024\/11\/photo_5901373880788956879_x.jpg?fit=800%2C445&#038;ssl=1\" src=\"https:\/\/i0.wp.com\/mincomercionacional.gob.ve\/wp-content\/uploads\/2024\/11\/photo_5901373880788956879_x.jpg?w=246&#038;h=137&#038;ssl=1\" width=\"246\" height=\"137\" loading=\"lazy\" data-original-width=\"246\" data-original-height=\"137\" itemprop=\"http:\/\/schema.org\/image\" title=\"photo_5901373880788956879_x\" alt=\"photo_5901373880788956879_x\" style=\"width: 246px; height: 137px;\" \/> <\/a> <\/div> <\/div> <!-- close group --> <div class=\"gallery-group images-1\" style=\"width: 250px; height: 141px;\" data-original-width=\"250\" data-original-height=\"141\" > <div class=\"tiled-gallery-item tiled-gallery-item-small\" itemprop=\"associatedMedia\" itemscope itemtype=\"http:\/\/schema.org\/ImageObject\"> <a href=\"https:\/\/i0.wp.com\/mincomercionacional.gob.ve\/wp-content\/uploads\/2024\/11\/photo_5900958686300452678_x.jpg?ssl=1\" border=\"0\" itemprop=\"url\"> <meta itemprop=\"width\" content=\"246\"> <meta itemprop=\"height\" content=\"137\"> <img decoding=\"async\" class=\"\" data-attachment-id=\"21313\" data-orig-file=\"https:\/\/mincomercionacional.gob.ve\/wp-content\/uploads\/2024\/11\/photo_5900958686300452678_x.jpg\" data-orig-size=\"800,445\" data-comments-opened=\"\" data-image-meta=\"{&quot;aperture&quot;:&quot;0&quot;,&quot;credit&quot;:&quot;&quot;,&quot;camera&quot;:&quot;&quot;,&quot;caption&quot;:&quot;&quot;,&quot;created_timestamp&quot;:&quot;0&quot;,&quot;copyright&quot;:&quot;&quot;,&quot;focal_length&quot;:&quot;0&quot;,&quot;iso&quot;:&quot;0&quot;,&quot;shutter_speed&quot;:&quot;0&quot;,&quot;title&quot;:&quot;&quot;,&quot;orientation&quot;:&quot;0&quot;}\" data-image-title=\"photo_5900958686300452678_x\" data-image-description=\"\" data-medium-file=\"https:\/\/i0.wp.com\/mincomercionacional.gob.ve\/wp-content\/uploads\/2024\/11\/photo_5900958686300452678_x.jpg?fit=300%2C167&#038;ssl=1\" data-large-file=\"https:\/\/i0.wp.com\/mincomercionacional.gob.ve\/wp-content\/uploads\/2024\/11\/photo_5900958686300452678_x.jpg?fit=800%2C445&#038;ssl=1\" src=\"https:\/\/i0.wp.com\/mincomercionacional.gob.ve\/wp-content\/uploads\/2024\/11\/photo_5900958686300452678_x.jpg?w=246&#038;h=137&#038;ssl=1\" width=\"246\" height=\"137\" loading=\"lazy\" data-original-width=\"246\" data-original-height=\"137\" itemprop=\"http:\/\/schema.org\/image\" title=\"photo_5900958686300452678_x\" alt=\"photo_5900958686300452678_x\" style=\"width: 246px; height: 137px;\" \/> <\/a> <\/div> <\/div> <!-- close group --> <\/div> <!-- close row --> <\/div>\n<p>Anuncios de impacto:<\/p>\n<p style=\"text-align: justify;\">\ud83d\udccc Destac\u00f3 las cualidades del Congreso del Bloque Hist\u00f3rico para llevar al pa\u00eds a su m\u00e1ximo desarrollo en todos los \u00e1mbitos.<\/p>\n<p style=\"text-align: justify;\">\ud83d\udccc Inform\u00f3 que el segundo cap\u00edtulo del Congreso del Bloque Hist\u00f3rico Bolivariano se efectuar\u00e1 el pr\u00f3ximo 17 de diciembre de 2024.<\/p>\n<p style=\"text-align: justify;\">\ud83d\udccc Exhort\u00f3 a debatir el Presupuesto Nacional con supervisi\u00f3n del Poder Popular y que sea un presupuesto cuyos recursos lleguen, directamente, al <strong>Poder Popular<\/strong> en todas las \u00e1reas.<\/p>\n<p style=\"text-align: justify;\">\ud83d\udccc Orden\u00f3 al presidente de Conatel, Jorge M\u00e1rquez, comunicarse con TikTok Latinoam\u00e9rica, en M\u00e9xico, para que retiren de forma expedita todos estos llamados desaf\u00edos. <strong>\u201cEn 72 horas deben responder sino la Rep\u00fablica Bolivariana de Venezuela tomar\u00e1 las medidas m\u00e1s severas sobre esta red\u201d.<\/strong><\/p>\n<p style=\"text-align: justify;\">\ud83d\udccc Inform\u00f3 que la liberaci\u00f3n de algunas personas detenidas por los hechos de violencia postelectoral fue una iniciativa entre el <strong>Poder Ejecutivo, el Poder Judicial y la Fiscal\u00eda de la Rep\u00fablica.<\/strong><\/p>\n","protected":false},"excerpt":{"rendered":"<p>\u00abEstamos en fase de construcci\u00f3n de un nuevo modelo econ\u00f3mico que genere bienes, hay que consolidarlo y construir la vocaci\u00f3n exportadora\u00bb, orient\u00f3 el presidente de la Rep\u00fablica Bolivariana de Venezuela, Nicol\u00e1s Maduro, durante la emisi\u00f3n 67 del programa Con Maduro+, al celebrar el aumento sostenido de la producci\u00f3n industrial y el abastecimiento interno durante el &hellip;<\/p>\n","protected":false},"author":22,"featured_media":21314,"comment_status":"closed","ping_status":"open","sticky":false,"template":"","format":"standard","meta":{"footnotes":""},"categories":[1253],"tags":[635,1291,61,2128,2021,49,1542,2127],"class_list":["post-21304","post","type-post","status-publish","format-standard","has-post-thumbnail","hentry","category-prensa-presidencial","tag-trabajadores","tag-con-maduro","tag-economia","tag-ingresos","tag-modelo-economico","tag-nicolas-maduro","tag-pais","tag-trabajo-productivo"],"jetpack_featured_media_url":"https:\/\/i0.wp.com\/mincomercionacional.gob.ve\/wp-content\/uploads\/2024\/11\/Presidente.png?fit=917%2C475&ssl=1","jetpack_shortlink":"https:\/\/wp.me\/pbvjg9-5xC","_links":{"self":[{"href":"https:\/\/mincomercionacional.gob.ve\/index.php?rest_route=\/wp\/v2\/posts\/21304","targetHints":{"allow":["GET"]}}],"collection":[{"href":"https:\/\/mincomercionacional.gob.ve\/index.php?rest_route=\/wp\/v2\/posts"}],"about":[{"href":"https:\/\/mincomercionacional.gob.ve\/index.php?rest_route=\/wp\/v2\/types\/post"}],"author":[{"embeddable":true,"href":"https:\/\/mincomercionacional.gob.ve\/index.php?rest_route=\/wp\/v2\/users\/22"}],"replies":[{"embeddable":true,"href":"https:\/\/mincomercionacional.gob.ve\/index.php?rest_route=%2Fwp%2Fv2%2Fcomments&post=21304"}],"version-history":[{"count":3,"href":"https:\/\/mincomercionacional.gob.ve\/index.php?rest_route=\/wp\/v2\/posts\/21304\/revisions"}],"predecessor-version":[{"id":21316,"href":"https:\/\/mincomercionacional.gob.ve\/index.php?rest_route=\/wp\/v2\/posts\/21304\/revisions\/21316"}],"wp:featuredmedia":[{"embeddable":true,"href":"https:\/\/mincomercionacional.gob.ve\/index.php?rest_route=\/wp\/v2\/media\/21314"}],"wp:attachment":[{"href":"https:\/\/mincomercionacional.gob.ve\/index.php?rest_route=%2Fwp%2Fv2%2Fmedia&parent=21304"}],"wp:term":[{"taxonomy":"category","embeddable":true,"href":"https:\/\/mincomercionacional.gob.ve\/index.php?rest_route=%2Fwp%2Fv2%2Fcategories&post=21304"},{"taxonomy":"post_tag","embeddable":true,"href":"https:\/\/mincomercionacional.gob.ve\/index.php?rest_route=%2Fwp%2Fv2%2Ftags&post=21304"}],"curies":[{"name":"wp","href":"https:\/\/api.w.org\/{rel}","templated":true}]}}