{"id":20809,"date":"2024-10-25T16:34:27","date_gmt":"2024-10-25T20:34:27","guid":{"rendered":"https:\/\/mincomercionacional.gob.ve\/?p=20809"},"modified":"2024-10-25T16:42:47","modified_gmt":"2024-10-25T20:42:47","slug":"vicepresidenta-rodriguez-revisa-proyectos-en-materia-energetica-con-india","status":"publish","type":"post","link":"https:\/\/mincomercionacional.gob.ve\/?p=20809","title":{"rendered":"Gobierno Bolivariano revisa proyectos en materia energ\u00e9tica con India"},"content":{"rendered":"<p style=\"text-align: justify;\">En la ciudad de Nueva Delhi, capital de la India, la Vicepresidenta Ejecutiva de la Rep\u00fablica Bolivariana de Venezuela, Delcy Rodr\u00edguez, sostuvo un encuentro con su hom\u00f3logo, Jagdeep Dhankhar, encuentro que sirvi\u00f3 para revisar la agenda de trabajo, acuerdos y proyectos estrat\u00e9gicos del futuro entre ambas naciones.<\/p>\n<p style=\"text-align: justify;\">Durante la visita oficial a la India, la Vicepresidenta Ejecutiva sostuvo reuniones con autoridades del \u00e1rea petrolera a fin de consolidar los tratos entre Nueva Delhi y Caracas. \u00abNuestro encuentro con los representantes de la empresa privada, Reliance Industries Limited, nos permite consolidar proyectos estrat\u00e9gicos para consolidar ese camino, viendo nuevos proyectos en ese futuro estrat\u00e9gico India-Venezuela\u201d.<\/p>\n<p style=\"text-align: justify;\">Asimismo, inform\u00f3 que sostuvo un encuentro con el ministro de Petr\u00f3leo, Hardeep Singh Puri, y con representantes de diferentes empresas petroleras y de gas de la India con el objetivo de analizar los proyectos que existen en Venezuela, y c\u00f3mo desarrollarlos; al igual, abordaron nuevos proyectos.<\/p>\n<p style=\"text-align: justify;\">\u201cSiempre en esa visi\u00f3n estrat\u00e9gica de lo que significa Venezuela, en lo que ser\u00e1 la India en 10 a\u00f1os, 20 a\u00f1os, el papel que va a jugar Venezuela en su ampliaci\u00f3n econ\u00f3mica, en su expansi\u00f3n de las grandes potencialidades econ\u00f3micas\u201d, expres\u00f3.<\/p>\n<p style=\"text-align: justify;\">La Vicepresidenta Ejecutiva de la Rep\u00fablica Bolivariana de Venezuela resalt\u00f3 que se viene avanzando \u00aben una diplomacia geopol\u00edtica de paz en un mundo convulso, en un mundo de grandes desaf\u00edos. Siempre el mensaje de amor del presidente Nicol\u00e1s Maduro por este pa\u00eds, por este pueblo, y ese es el mensaje, seguir construyendo relaciones de respeto, seguir construyendo relaciones de hermandad y amistad y sobre todo consolidar las relaciones de cooperaci\u00f3n econ\u00f3mica por el futuro de ambos pa\u00edses y por la felicidad de nuestros pueblos\u201d.<\/p>\n<div class=\"tiled-gallery type-rectangular tiled-gallery-unresized\" data-original-width=\"500\" data-carousel-extra='{&quot;blog_id&quot;:1,&quot;permalink&quot;:&quot;https:\\\/\\\/mincomercionacional.gob.ve\\\/?p=20809&quot;,&quot;likes_blog_id&quot;:170001901}' itemscope itemtype=\"http:\/\/schema.org\/ImageGallery\" > <div class=\"gallery-row\" style=\"width: 500px; height: 241px;\" data-original-width=\"500\" data-original-height=\"241\" > <div class=\"gallery-group images-1\" style=\"width: 336px; height: 241px;\" data-original-width=\"336\" data-original-height=\"241\" > <div class=\"tiled-gallery-item tiled-gallery-item-large\" itemprop=\"associatedMedia\" itemscope itemtype=\"http:\/\/schema.org\/ImageObject\"> <a href=\"https:\/\/mincomercionacional.gob.ve\/?attachment_id=20810\" border=\"0\" itemprop=\"url\"> <meta itemprop=\"width\" content=\"332\"> <meta itemprop=\"height\" content=\"237\"> <img decoding=\"async\" class=\"\" data-attachment-id=\"20810\" data-orig-file=\"https:\/\/mincomercionacional.gob.ve\/wp-content\/uploads\/2024\/10\/photo_4960728398892740053_y.jpg\" data-orig-size=\"1280,914\" data-comments-opened=\"\" data-image-meta=\"{&quot;aperture&quot;:&quot;0&quot;,&quot;credit&quot;:&quot;&quot;,&quot;camera&quot;:&quot;&quot;,&quot;caption&quot;:&quot;&quot;,&quot;created_timestamp&quot;:&quot;0&quot;,&quot;copyright&quot;:&quot;&quot;,&quot;focal_length&quot;:&quot;0&quot;,&quot;iso&quot;:&quot;0&quot;,&quot;shutter_speed&quot;:&quot;0&quot;,&quot;title&quot;:&quot;&quot;,&quot;orientation&quot;:&quot;0&quot;}\" data-image-title=\"photo_4960728398892740053_y\" data-image-description=\"\" data-medium-file=\"https:\/\/i0.wp.com\/mincomercionacional.gob.ve\/wp-content\/uploads\/2024\/10\/photo_4960728398892740053_y.jpg?fit=300%2C214&#038;ssl=1\" data-large-file=\"https:\/\/i0.wp.com\/mincomercionacional.gob.ve\/wp-content\/uploads\/2024\/10\/photo_4960728398892740053_y.jpg?fit=1024%2C731&#038;ssl=1\" src=\"https:\/\/i0.wp.com\/mincomercionacional.gob.ve\/wp-content\/uploads\/2024\/10\/photo_4960728398892740053_y.jpg?w=332&#038;h=237&#038;ssl=1\" width=\"332\" height=\"237\" loading=\"lazy\" data-original-width=\"332\" data-original-height=\"237\" itemprop=\"http:\/\/schema.org\/image\" title=\"photo_4960728398892740053_y\" alt=\"photo_4960728398892740053_y\" style=\"width: 332px; height: 237px;\" \/> <\/a> <\/div> <\/div> <!-- close group --> <div class=\"gallery-group images-2\" style=\"width: 164px; height: 241px;\" data-original-width=\"164\" data-original-height=\"241\" > <div class=\"tiled-gallery-item tiled-gallery-item-small\" itemprop=\"associatedMedia\" itemscope itemtype=\"http:\/\/schema.org\/ImageObject\"> <a href=\"https:\/\/mincomercionacional.gob.ve\/?attachment_id=20811\" border=\"0\" itemprop=\"url\"> <meta itemprop=\"width\" content=\"160\"> <meta itemprop=\"height\" content=\"110\"> <img decoding=\"async\" class=\"\" data-attachment-id=\"20811\" data-orig-file=\"https:\/\/mincomercionacional.gob.ve\/wp-content\/uploads\/2024\/10\/photo_4960728398892740062_y.jpg\" data-orig-size=\"1280,879\" data-comments-opened=\"\" data-image-meta=\"{&quot;aperture&quot;:&quot;0&quot;,&quot;credit&quot;:&quot;&quot;,&quot;camera&quot;:&quot;&quot;,&quot;caption&quot;:&quot;&quot;,&quot;created_timestamp&quot;:&quot;0&quot;,&quot;copyright&quot;:&quot;&quot;,&quot;focal_length&quot;:&quot;0&quot;,&quot;iso&quot;:&quot;0&quot;,&quot;shutter_speed&quot;:&quot;0&quot;,&quot;title&quot;:&quot;&quot;,&quot;orientation&quot;:&quot;0&quot;}\" data-image-title=\"photo_4960728398892740062_y\" data-image-description=\"\" data-medium-file=\"https:\/\/i0.wp.com\/mincomercionacional.gob.ve\/wp-content\/uploads\/2024\/10\/photo_4960728398892740062_y.jpg?fit=300%2C206&#038;ssl=1\" data-large-file=\"https:\/\/i0.wp.com\/mincomercionacional.gob.ve\/wp-content\/uploads\/2024\/10\/photo_4960728398892740062_y.jpg?fit=1024%2C703&#038;ssl=1\" src=\"https:\/\/i0.wp.com\/mincomercionacional.gob.ve\/wp-content\/uploads\/2024\/10\/photo_4960728398892740062_y.jpg?w=160&#038;h=110&#038;ssl=1\" width=\"160\" height=\"110\" loading=\"lazy\" data-original-width=\"160\" data-original-height=\"110\" itemprop=\"http:\/\/schema.org\/image\" title=\"photo_4960728398892740062_y\" alt=\"photo_4960728398892740062_y\" style=\"width: 160px; height: 110px;\" \/> <\/a> <\/div> <div class=\"tiled-gallery-item tiled-gallery-item-small\" itemprop=\"associatedMedia\" itemscope itemtype=\"http:\/\/schema.org\/ImageObject\"> <a href=\"https:\/\/mincomercionacional.gob.ve\/?attachment_id=20812\" border=\"0\" itemprop=\"url\"> <meta itemprop=\"width\" content=\"160\"> <meta itemprop=\"height\" content=\"123\"> <img decoding=\"async\" class=\"\" data-attachment-id=\"20812\" data-orig-file=\"https:\/\/mincomercionacional.gob.ve\/wp-content\/uploads\/2024\/10\/photo_4960728398892740060_y.jpg\" data-orig-size=\"1280,979\" data-comments-opened=\"\" data-image-meta=\"{&quot;aperture&quot;:&quot;0&quot;,&quot;credit&quot;:&quot;&quot;,&quot;camera&quot;:&quot;&quot;,&quot;caption&quot;:&quot;&quot;,&quot;created_timestamp&quot;:&quot;0&quot;,&quot;copyright&quot;:&quot;&quot;,&quot;focal_length&quot;:&quot;0&quot;,&quot;iso&quot;:&quot;0&quot;,&quot;shutter_speed&quot;:&quot;0&quot;,&quot;title&quot;:&quot;&quot;,&quot;orientation&quot;:&quot;0&quot;}\" data-image-title=\"photo_4960728398892740060_y\" data-image-description=\"\" data-medium-file=\"https:\/\/i0.wp.com\/mincomercionacional.gob.ve\/wp-content\/uploads\/2024\/10\/photo_4960728398892740060_y.jpg?fit=300%2C229&#038;ssl=1\" data-large-file=\"https:\/\/i0.wp.com\/mincomercionacional.gob.ve\/wp-content\/uploads\/2024\/10\/photo_4960728398892740060_y.jpg?fit=1024%2C783&#038;ssl=1\" src=\"https:\/\/i0.wp.com\/mincomercionacional.gob.ve\/wp-content\/uploads\/2024\/10\/photo_4960728398892740060_y.jpg?w=160&#038;h=123&#038;ssl=1\" width=\"160\" height=\"123\" loading=\"lazy\" data-original-width=\"160\" data-original-height=\"123\" itemprop=\"http:\/\/schema.org\/image\" title=\"photo_4960728398892740060_y\" alt=\"photo_4960728398892740060_y\" style=\"width: 160px; height: 123px;\" \/> <\/a> <\/div> <\/div> <!-- close group --> <\/div> <!-- close row --> <div class=\"gallery-row\" style=\"width: 500px; height: 389px;\" data-original-width=\"500\" data-original-height=\"389\" > <div class=\"gallery-group images-1\" style=\"width: 500px; height: 389px;\" data-original-width=\"500\" data-original-height=\"389\" > <div class=\"tiled-gallery-item tiled-gallery-item-large\" itemprop=\"associatedMedia\" itemscope itemtype=\"http:\/\/schema.org\/ImageObject\"> <a href=\"https:\/\/mincomercionacional.gob.ve\/?attachment_id=20813\" border=\"0\" itemprop=\"url\"> <meta itemprop=\"width\" content=\"496\"> <meta itemprop=\"height\" content=\"385\"> <img decoding=\"async\" class=\"\" data-attachment-id=\"20813\" data-orig-file=\"https:\/\/mincomercionacional.gob.ve\/wp-content\/uploads\/2024\/10\/photo_4960728398892740056_y.jpg\" data-orig-size=\"1280,993\" data-comments-opened=\"\" data-image-meta=\"{&quot;aperture&quot;:&quot;0&quot;,&quot;credit&quot;:&quot;&quot;,&quot;camera&quot;:&quot;&quot;,&quot;caption&quot;:&quot;&quot;,&quot;created_timestamp&quot;:&quot;0&quot;,&quot;copyright&quot;:&quot;&quot;,&quot;focal_length&quot;:&quot;0&quot;,&quot;iso&quot;:&quot;0&quot;,&quot;shutter_speed&quot;:&quot;0&quot;,&quot;title&quot;:&quot;&quot;,&quot;orientation&quot;:&quot;0&quot;}\" data-image-title=\"photo_4960728398892740056_y\" data-image-description=\"\" data-medium-file=\"https:\/\/i0.wp.com\/mincomercionacional.gob.ve\/wp-content\/uploads\/2024\/10\/photo_4960728398892740056_y.jpg?fit=300%2C233&#038;ssl=1\" data-large-file=\"https:\/\/i0.wp.com\/mincomercionacional.gob.ve\/wp-content\/uploads\/2024\/10\/photo_4960728398892740056_y.jpg?fit=1024%2C794&#038;ssl=1\" src=\"https:\/\/i0.wp.com\/mincomercionacional.gob.ve\/wp-content\/uploads\/2024\/10\/photo_4960728398892740056_y.jpg?w=496&#038;h=385&#038;ssl=1\" width=\"496\" height=\"385\" loading=\"lazy\" data-original-width=\"496\" data-original-height=\"385\" itemprop=\"http:\/\/schema.org\/image\" title=\"photo_4960728398892740056_y\" alt=\"photo_4960728398892740056_y\" style=\"width: 496px; height: 385px;\" \/> <\/a> <\/div> <\/div> <!-- close group --> <\/div> <!-- close row --> <\/div>\n<p>&nbsp;<\/p>\n","protected":false},"excerpt":{"rendered":"<p>En la ciudad de Nueva Delhi, capital de la India, la Vicepresidenta Ejecutiva de la Rep\u00fablica Bolivariana de Venezuela, Delcy Rodr\u00edguez, sostuvo un encuentro con su hom\u00f3logo, Jagdeep Dhankhar, encuentro que sirvi\u00f3 para revisar la agenda de trabajo, acuerdos y proyectos estrat\u00e9gicos del futuro entre ambas naciones. Durante la visita oficial a la India, la &hellip;<\/p>\n","protected":false},"author":22,"featured_media":20814,"comment_status":"closed","ping_status":"open","sticky":false,"template":"","format":"standard","meta":{"footnotes":""},"categories":[1257],"tags":[768,2089,1040,39],"class_list":["post-20809","post","type-post","status-publish","format-standard","has-post-thumbnail","hentry","category-vp","tag-delcy-rodriguez","tag-gira-oficial","tag-india","tag-venezuela"],"jetpack_featured_media_url":"https:\/\/i0.wp.com\/mincomercionacional.gob.ve\/wp-content\/uploads\/2024\/10\/photo_5829163166871959018_w.jpg?fit=1440%2C1546&ssl=1","jetpack_shortlink":"https:\/\/wp.me\/pbvjg9-5pD","_links":{"self":[{"href":"https:\/\/mincomercionacional.gob.ve\/index.php?rest_route=\/wp\/v2\/posts\/20809","targetHints":{"allow":["GET"]}}],"collection":[{"href":"https:\/\/mincomercionacional.gob.ve\/index.php?rest_route=\/wp\/v2\/posts"}],"about":[{"href":"https:\/\/mincomercionacional.gob.ve\/index.php?rest_route=\/wp\/v2\/types\/post"}],"author":[{"embeddable":true,"href":"https:\/\/mincomercionacional.gob.ve\/index.php?rest_route=\/wp\/v2\/users\/22"}],"replies":[{"embeddable":true,"href":"https:\/\/mincomercionacional.gob.ve\/index.php?rest_route=%2Fwp%2Fv2%2Fcomments&post=20809"}],"version-history":[{"count":4,"href":"https:\/\/mincomercionacional.gob.ve\/index.php?rest_route=\/wp\/v2\/posts\/20809\/revisions"}],"predecessor-version":[{"id":20822,"href":"https:\/\/mincomercionacional.gob.ve\/index.php?rest_route=\/wp\/v2\/posts\/20809\/revisions\/20822"}],"wp:featuredmedia":[{"embeddable":true,"href":"https:\/\/mincomercionacional.gob.ve\/index.php?rest_route=\/wp\/v2\/media\/20814"}],"wp:attachment":[{"href":"https:\/\/mincomercionacional.gob.ve\/index.php?rest_route=%2Fwp%2Fv2%2Fmedia&parent=20809"}],"wp:term":[{"taxonomy":"category","embeddable":true,"href":"https:\/\/mincomercionacional.gob.ve\/index.php?rest_route=%2Fwp%2Fv2%2Fcategories&post=20809"},{"taxonomy":"post_tag","embeddable":true,"href":"https:\/\/mincomercionacional.gob.ve\/index.php?rest_route=%2Fwp%2Fv2%2Ftags&post=20809"}],"curies":[{"name":"wp","href":"https:\/\/api.w.org\/{rel}","templated":true}]}}