{"id":20326,"date":"2024-09-26T20:44:56","date_gmt":"2024-09-27T00:44:56","guid":{"rendered":"https:\/\/mincomercionacional.gob.ve\/?p=20326"},"modified":"2024-09-26T20:44:56","modified_gmt":"2024-09-27T00:44:56","slug":"emprendedores-del-sector-calzado-y-textil-de-guarico-reciben-taller-formativo","status":"publish","type":"post","link":"https:\/\/mincomercionacional.gob.ve\/?p=20326","title":{"rendered":"Emprendedores del sector calzado y textil de Gu\u00e1rico reciben taller formativo"},"content":{"rendered":"<p style=\"text-align: justify;\">El Servicio Desconcentrado de Normalizaci\u00f3n, Calidad, Metrolog\u00eda y Reglamentos T\u00e9cnicos (Sencamer), ente adscrito al Ministerio del Poder Popular de Comercio Nacional, dict\u00f3 un taller formativo a emprendedores de los sectores textil y calzado, que hacen vida en el municipio Roscio del estado Gu\u00e1rico.<\/p>\n<p style=\"text-align: justify;\">El objeto del encuentro con estos emprendedores es continuar brindando el acompa\u00f1amiento que ha instruido el Presidente Nicol\u00e1s Maduro para el desarrollo econ\u00f3mico en esa entidad llanera.<\/p>\n<p style=\"text-align: justify;\">Durante la actividad, los asistentes recibieron formaci\u00f3n acerca de las normativas que deben seguir para etiquetar correctamente sus productos, as\u00ed como conocer los procesos que deben cumplir para alcanzar el reconocimiento de las Buenas Pr\u00e1cticas en sus productos y servicios.<\/p>\n<p style=\"text-align: justify;\">La jornada reuni\u00f3 a 32 emprendedores de la localidad, quienes pudieron obtener la informaci\u00f3n pertinente, adem\u00e1s de fortalecer sus conocimientos y habilidades.<\/p>\n<p style=\"text-align: justify;\">Los asistentes se\u00f1alaron que la capacitaci\u00f3n result\u00f3 de gran inter\u00e9s y expresaron su compromiso por mejorar la calidad de los productos que realizan y lograr un mayor posicionamiento de los mismos en el sector.<\/p>\n<p style=\"text-align: justify;\">La cartera de Comercio Nacional, a trav\u00e9s del Sencamer, aport\u00f3 herramientas y conocimientos necesarios para el crecimiento y el \u00e9xito en sus iniciativas.<\/p>\n<div class=\"tiled-gallery type-rectangular tiled-gallery-unresized\" data-original-width=\"500\" data-carousel-extra='{&quot;blog_id&quot;:1,&quot;permalink&quot;:&quot;https:\\\/\\\/mincomercionacional.gob.ve\\\/?p=20326&quot;,&quot;likes_blog_id&quot;:170001901}' itemscope itemtype=\"http:\/\/schema.org\/ImageGallery\" > <div class=\"gallery-row\" style=\"width: 500px; height: 233px;\" data-original-width=\"500\" data-original-height=\"233\" > <div class=\"gallery-group images-1\" style=\"width: 500px; height: 233px;\" data-original-width=\"500\" data-original-height=\"233\" > <div class=\"tiled-gallery-item tiled-gallery-item-large\" itemprop=\"associatedMedia\" itemscope itemtype=\"http:\/\/schema.org\/ImageObject\"> <a href=\"https:\/\/mincomercionacional.gob.ve\/?attachment_id=20330\" border=\"0\" itemprop=\"url\"> <meta itemprop=\"width\" content=\"496\"> <meta itemprop=\"height\" content=\"229\"> <img decoding=\"async\" class=\"\" data-attachment-id=\"20330\" data-orig-file=\"https:\/\/mincomercionacional.gob.ve\/wp-content\/uploads\/2024\/09\/photo_5163886163084291108_y-1.jpg\" data-orig-size=\"1280,591\" data-comments-opened=\"\" data-image-meta=\"{&quot;aperture&quot;:&quot;0&quot;,&quot;credit&quot;:&quot;&quot;,&quot;camera&quot;:&quot;&quot;,&quot;caption&quot;:&quot;&quot;,&quot;created_timestamp&quot;:&quot;0&quot;,&quot;copyright&quot;:&quot;&quot;,&quot;focal_length&quot;:&quot;0&quot;,&quot;iso&quot;:&quot;0&quot;,&quot;shutter_speed&quot;:&quot;0&quot;,&quot;title&quot;:&quot;&quot;,&quot;orientation&quot;:&quot;0&quot;}\" data-image-title=\"photo_5163886163084291108_y (1)\" data-image-description=\"\" data-medium-file=\"https:\/\/i0.wp.com\/mincomercionacional.gob.ve\/wp-content\/uploads\/2024\/09\/photo_5163886163084291108_y-1.jpg?fit=300%2C139&#038;ssl=1\" data-large-file=\"https:\/\/i0.wp.com\/mincomercionacional.gob.ve\/wp-content\/uploads\/2024\/09\/photo_5163886163084291108_y-1.jpg?fit=1024%2C473&#038;ssl=1\" src=\"https:\/\/i0.wp.com\/mincomercionacional.gob.ve\/wp-content\/uploads\/2024\/09\/photo_5163886163084291108_y-1.jpg?w=496&#038;h=229&#038;ssl=1\" width=\"496\" height=\"229\" loading=\"lazy\" data-original-width=\"496\" data-original-height=\"229\" itemprop=\"http:\/\/schema.org\/image\" title=\"photo_5163886163084291108_y (1)\" alt=\"photo_5163886163084291108_y (1)\" style=\"width: 496px; height: 229px;\" \/> <\/a> <\/div> <\/div> <!-- close group --> <\/div> <!-- close row --> <div class=\"gallery-row\" style=\"width: 500px; height: 233px;\" data-original-width=\"500\" data-original-height=\"233\" > <div class=\"gallery-group images-1\" style=\"width: 500px; height: 233px;\" data-original-width=\"500\" data-original-height=\"233\" > <div class=\"tiled-gallery-item tiled-gallery-item-large\" itemprop=\"associatedMedia\" itemscope itemtype=\"http:\/\/schema.org\/ImageObject\"> <a href=\"https:\/\/mincomercionacional.gob.ve\/?attachment_id=20329\" border=\"0\" itemprop=\"url\"> <meta itemprop=\"width\" content=\"496\"> <meta itemprop=\"height\" content=\"229\"> <img decoding=\"async\" class=\"\" data-attachment-id=\"20329\" data-orig-file=\"https:\/\/mincomercionacional.gob.ve\/wp-content\/uploads\/2024\/09\/photo_5163886163084291107_y-1.jpg\" data-orig-size=\"1280,591\" data-comments-opened=\"\" data-image-meta=\"{&quot;aperture&quot;:&quot;0&quot;,&quot;credit&quot;:&quot;&quot;,&quot;camera&quot;:&quot;&quot;,&quot;caption&quot;:&quot;&quot;,&quot;created_timestamp&quot;:&quot;0&quot;,&quot;copyright&quot;:&quot;&quot;,&quot;focal_length&quot;:&quot;0&quot;,&quot;iso&quot;:&quot;0&quot;,&quot;shutter_speed&quot;:&quot;0&quot;,&quot;title&quot;:&quot;&quot;,&quot;orientation&quot;:&quot;0&quot;}\" data-image-title=\"photo_5163886163084291107_y (1)\" data-image-description=\"\" data-medium-file=\"https:\/\/i0.wp.com\/mincomercionacional.gob.ve\/wp-content\/uploads\/2024\/09\/photo_5163886163084291107_y-1.jpg?fit=300%2C139&#038;ssl=1\" data-large-file=\"https:\/\/i0.wp.com\/mincomercionacional.gob.ve\/wp-content\/uploads\/2024\/09\/photo_5163886163084291107_y-1.jpg?fit=1024%2C473&#038;ssl=1\" src=\"https:\/\/i0.wp.com\/mincomercionacional.gob.ve\/wp-content\/uploads\/2024\/09\/photo_5163886163084291107_y-1.jpg?w=496&#038;h=229&#038;ssl=1\" width=\"496\" height=\"229\" loading=\"lazy\" data-original-width=\"496\" data-original-height=\"229\" itemprop=\"http:\/\/schema.org\/image\" title=\"photo_5163886163084291107_y (1)\" alt=\"photo_5163886163084291107_y (1)\" style=\"width: 496px; height: 229px;\" \/> <\/a> <\/div> <\/div> <!-- close group --> <\/div> <!-- close row --> <div class=\"gallery-row\" style=\"width: 500px; height: 118px;\" data-original-width=\"500\" data-original-height=\"118\" > <div class=\"gallery-group images-1\" style=\"width: 250px; height: 118px;\" data-original-width=\"250\" data-original-height=\"118\" > <div class=\"tiled-gallery-item tiled-gallery-item-small\" itemprop=\"associatedMedia\" itemscope itemtype=\"http:\/\/schema.org\/ImageObject\"> <a href=\"https:\/\/mincomercionacional.gob.ve\/?attachment_id=20328\" border=\"0\" itemprop=\"url\"> <meta itemprop=\"width\" content=\"246\"> <meta itemprop=\"height\" content=\"114\"> <img decoding=\"async\" class=\"\" data-attachment-id=\"20328\" data-orig-file=\"https:\/\/mincomercionacional.gob.ve\/wp-content\/uploads\/2024\/09\/photo_5163886163084291106_y.jpg\" data-orig-size=\"1280,591\" data-comments-opened=\"\" data-image-meta=\"{&quot;aperture&quot;:&quot;0&quot;,&quot;credit&quot;:&quot;&quot;,&quot;camera&quot;:&quot;&quot;,&quot;caption&quot;:&quot;&quot;,&quot;created_timestamp&quot;:&quot;0&quot;,&quot;copyright&quot;:&quot;&quot;,&quot;focal_length&quot;:&quot;0&quot;,&quot;iso&quot;:&quot;0&quot;,&quot;shutter_speed&quot;:&quot;0&quot;,&quot;title&quot;:&quot;&quot;,&quot;orientation&quot;:&quot;0&quot;}\" data-image-title=\"photo_5163886163084291106_y\" data-image-description=\"\" data-medium-file=\"https:\/\/i0.wp.com\/mincomercionacional.gob.ve\/wp-content\/uploads\/2024\/09\/photo_5163886163084291106_y.jpg?fit=300%2C139&#038;ssl=1\" data-large-file=\"https:\/\/i0.wp.com\/mincomercionacional.gob.ve\/wp-content\/uploads\/2024\/09\/photo_5163886163084291106_y.jpg?fit=1024%2C473&#038;ssl=1\" src=\"https:\/\/i0.wp.com\/mincomercionacional.gob.ve\/wp-content\/uploads\/2024\/09\/photo_5163886163084291106_y.jpg?w=246&#038;h=114&#038;ssl=1\" width=\"246\" height=\"114\" loading=\"lazy\" data-original-width=\"246\" data-original-height=\"114\" itemprop=\"http:\/\/schema.org\/image\" title=\"photo_5163886163084291106_y\" alt=\"photo_5163886163084291106_y\" style=\"width: 246px; height: 114px;\" \/> <\/a> <\/div> <\/div> <!-- close group --> <div class=\"gallery-group images-1\" style=\"width: 250px; height: 118px;\" data-original-width=\"250\" data-original-height=\"118\" > <div class=\"tiled-gallery-item tiled-gallery-item-small\" itemprop=\"associatedMedia\" itemscope itemtype=\"http:\/\/schema.org\/ImageObject\"> <a href=\"https:\/\/mincomercionacional.gob.ve\/?attachment_id=20327\" border=\"0\" itemprop=\"url\"> <meta itemprop=\"width\" content=\"246\"> <meta itemprop=\"height\" content=\"114\"> <img decoding=\"async\" class=\"\" data-attachment-id=\"20327\" data-orig-file=\"https:\/\/mincomercionacional.gob.ve\/wp-content\/uploads\/2024\/09\/photo_5163886163084291105_y.jpg\" data-orig-size=\"1280,591\" data-comments-opened=\"\" data-image-meta=\"{&quot;aperture&quot;:&quot;0&quot;,&quot;credit&quot;:&quot;&quot;,&quot;camera&quot;:&quot;&quot;,&quot;caption&quot;:&quot;&quot;,&quot;created_timestamp&quot;:&quot;0&quot;,&quot;copyright&quot;:&quot;&quot;,&quot;focal_length&quot;:&quot;0&quot;,&quot;iso&quot;:&quot;0&quot;,&quot;shutter_speed&quot;:&quot;0&quot;,&quot;title&quot;:&quot;&quot;,&quot;orientation&quot;:&quot;0&quot;}\" data-image-title=\"photo_5163886163084291105_y\" data-image-description=\"\" data-medium-file=\"https:\/\/i0.wp.com\/mincomercionacional.gob.ve\/wp-content\/uploads\/2024\/09\/photo_5163886163084291105_y.jpg?fit=300%2C139&#038;ssl=1\" data-large-file=\"https:\/\/i0.wp.com\/mincomercionacional.gob.ve\/wp-content\/uploads\/2024\/09\/photo_5163886163084291105_y.jpg?fit=1024%2C473&#038;ssl=1\" src=\"https:\/\/i0.wp.com\/mincomercionacional.gob.ve\/wp-content\/uploads\/2024\/09\/photo_5163886163084291105_y.jpg?w=246&#038;h=114&#038;ssl=1\" width=\"246\" height=\"114\" loading=\"lazy\" data-original-width=\"246\" data-original-height=\"114\" itemprop=\"http:\/\/schema.org\/image\" title=\"photo_5163886163084291105_y\" alt=\"photo_5163886163084291105_y\" style=\"width: 246px; height: 114px;\" \/> <\/a> <\/div> <\/div> <!-- close group --> <\/div> <!-- close row --> <\/div>\n<p>Fuente: Sencamer<\/p>\n","protected":false},"excerpt":{"rendered":"<p>El Servicio Desconcentrado de Normalizaci\u00f3n, Calidad, Metrolog\u00eda y Reglamentos T\u00e9cnicos (Sencamer), ente adscrito al Ministerio del Poder Popular de Comercio Nacional, dict\u00f3 un taller formativo a emprendedores de los sectores textil y calzado, que hacen vida en el municipio Roscio del estado Gu\u00e1rico. El objeto del encuentro con estos emprendedores es continuar brindando el acompa\u00f1amiento &hellip;<\/p>\n","protected":false},"author":22,"featured_media":20331,"comment_status":"closed","ping_status":"open","sticky":false,"template":"","format":"standard","meta":{"footnotes":""},"categories":[79],"tags":[634,2041,116,2040,1585,1351,60],"class_list":["post-20326","post","type-post","status-publish","format-standard","has-post-thumbnail","hentry","category-noticias","tag-taller","tag-conocimientos","tag-formacion","tag-herramientas","tag-productos","tag-sector","tag-sencamer"],"jetpack_featured_media_url":"https:\/\/i0.wp.com\/mincomercionacional.gob.ve\/wp-content\/uploads\/2024\/09\/photo_5163886163084291109_y.jpg?fit=1280%2C591&ssl=1","jetpack_shortlink":"https:\/\/wp.me\/pbvjg9-5hQ","_links":{"self":[{"href":"https:\/\/mincomercionacional.gob.ve\/index.php?rest_route=\/wp\/v2\/posts\/20326","targetHints":{"allow":["GET"]}}],"collection":[{"href":"https:\/\/mincomercionacional.gob.ve\/index.php?rest_route=\/wp\/v2\/posts"}],"about":[{"href":"https:\/\/mincomercionacional.gob.ve\/index.php?rest_route=\/wp\/v2\/types\/post"}],"author":[{"embeddable":true,"href":"https:\/\/mincomercionacional.gob.ve\/index.php?rest_route=\/wp\/v2\/users\/22"}],"replies":[{"embeddable":true,"href":"https:\/\/mincomercionacional.gob.ve\/index.php?rest_route=%2Fwp%2Fv2%2Fcomments&post=20326"}],"version-history":[{"count":2,"href":"https:\/\/mincomercionacional.gob.ve\/index.php?rest_route=\/wp\/v2\/posts\/20326\/revisions"}],"predecessor-version":[{"id":20333,"href":"https:\/\/mincomercionacional.gob.ve\/index.php?rest_route=\/wp\/v2\/posts\/20326\/revisions\/20333"}],"wp:featuredmedia":[{"embeddable":true,"href":"https:\/\/mincomercionacional.gob.ve\/index.php?rest_route=\/wp\/v2\/media\/20331"}],"wp:attachment":[{"href":"https:\/\/mincomercionacional.gob.ve\/index.php?rest_route=%2Fwp%2Fv2%2Fmedia&parent=20326"}],"wp:term":[{"taxonomy":"category","embeddable":true,"href":"https:\/\/mincomercionacional.gob.ve\/index.php?rest_route=%2Fwp%2Fv2%2Fcategories&post=20326"},{"taxonomy":"post_tag","embeddable":true,"href":"https:\/\/mincomercionacional.gob.ve\/index.php?rest_route=%2Fwp%2Fv2%2Ftags&post=20326"}],"curies":[{"name":"wp","href":"https:\/\/api.w.org\/{rel}","templated":true}]}}