{"id":20275,"date":"2024-09-25T10:40:42","date_gmt":"2024-09-25T14:40:42","guid":{"rendered":"https:\/\/mincomercionacional.gob.ve\/?p=20275"},"modified":"2024-09-25T10:40:42","modified_gmt":"2024-09-25T14:40:42","slug":"expertos-en-propiedad-intelectual-de-cuba-y-venezuela-intercambian-conocimientos-sobre-derecho-de-autor","status":"publish","type":"post","link":"https:\/\/mincomercionacional.gob.ve\/?p=20275","title":{"rendered":"Expertos en Propiedad Intelectual de Cuba y Venezuela intercambian conocimientos sobre Derecho de Autor"},"content":{"rendered":"<p style=\"text-align: justify;\">En colaboraci\u00f3n con el Centro Nacional de Derecho de Autor y del Int\u00e9rprete (Cendaai) de Cuba, y bajo las orientaciones del ministro del Poder Popular de Comercio Nacional, Luis Antonio Villegas, el Servicio Aut\u00f3nomo de la Propiedad Intelectual (SAPI) organiz\u00f3 un intercambio de conocimientos, procedimientos y experiencias binacionales sobre los derechos de creadores y cultores a trav\u00e9s de diferentes talleres de formaci\u00f3n para optimizar los procesos relacionados a las invenciones, las obras literarias y art\u00edsticas, los s\u00edmbolos, nombres e im\u00e1genes utilizados en el comercio.<\/p>\n<p>La iniciativa promovida por el director general del SAPI, Hendrick Perdomo, se llev\u00f3 a cabo en el Sal\u00f3n Venezuela de la Instituci\u00f3n, donde las servidoras y servidores p\u00fablicos de la Direcci\u00f3n Nacional de Derecho de Autor de Venezuela junto al director general del Cendaai, Ernesto Vila, analizaron el registro y protecci\u00f3n de las obras, el sistema virtual de conteo de registros, normativa sobre los derechos de las y los creadores, as\u00ed como la gesti\u00f3n de obras derivadas o modificaciones, entre otros temas.<\/p>\n<p>Este encuentro forma parte de las acciones de la Gran Misi\u00f3n Viva Venezuela, mi Patria Querida, dise\u00f1adas por el presidente de la Rep\u00fablica, Nicol\u00e1s Maduro Moros, en aras de impulsar el trabajo de las cultoras y cultores que representan un movimiento fundamental para el crecimiento econ\u00f3mico del pa\u00eds, inversi\u00f3n social que garantiza sus derechos en materia de Propiedad Intelectual.<\/p>\n<p><strong>Conversatorio \u201cManifestaciones culturales de Cuba y Venezuela\u201d<\/strong><\/p>\n<p>En el cierre de las actividades programadas durante la visita al pa\u00eds de los representantes de la Propiedad Intelectual de la isla antillana, se realiz\u00f3 el conversatorio \u201cManifestaciones culturales de Cuba y Venezuela\u201d, en los espacios de Pdvsa La Estancia, donde los ponentes, especialistas del SAPI, de instituciones p\u00fablicas y del Cendaai, escucharon la opini\u00f3n de las y los artistas, cultores y artesanos, quienes adem\u00e1s expresaron sus inquietudes sobre la protecci\u00f3n de sus obras.<\/p>\n<p>Los panelistas dieron respuestas inmediatas relacionadas a la importancia del Derecho de Autor en obras colectivas, patrimoniales e individuales, al igual que los aspectos que se toman en cuenta luego de que una obra pasa a dominio p\u00fablico.<\/p>\n<p>Este esfuerzo conjunto refleja el compromiso de Cuba y Venezuela para fortalecer la protecci\u00f3n intelectual y fomentar un ambiente propicio para la creaci\u00f3n y el desarrollo cultural en la regi\u00f3n.<\/p>\n<div class=\"tiled-gallery type-rectangular tiled-gallery-unresized\" data-original-width=\"500\" data-carousel-extra='{&quot;blog_id&quot;:1,&quot;permalink&quot;:&quot;https:\\\/\\\/mincomercionacional.gob.ve\\\/?p=20275&quot;,&quot;likes_blog_id&quot;:170001901}' itemscope itemtype=\"http:\/\/schema.org\/ImageGallery\" > <div class=\"gallery-row\" style=\"width: 500px; height: 242px;\" data-original-width=\"500\" data-original-height=\"242\" > <div class=\"gallery-group images-2\" style=\"width: 178px; height: 242px;\" data-original-width=\"178\" data-original-height=\"242\" > <div class=\"tiled-gallery-item tiled-gallery-item-small\" itemprop=\"associatedMedia\" itemscope itemtype=\"http:\/\/schema.org\/ImageObject\"> <a href=\"https:\/\/mincomercionacional.gob.ve\/?attachment_id=20277\" border=\"0\" itemprop=\"url\"> <meta itemprop=\"width\" content=\"174\"> <meta itemprop=\"height\" content=\"104\"> <img decoding=\"async\" class=\"\" data-attachment-id=\"20277\" data-orig-file=\"https:\/\/mincomercionacional.gob.ve\/wp-content\/uploads\/2024\/09\/5161332701947604116.jpg\" data-orig-size=\"1280,765\" data-comments-opened=\"\" data-image-meta=\"{&quot;aperture&quot;:&quot;0&quot;,&quot;credit&quot;:&quot;&quot;,&quot;camera&quot;:&quot;&quot;,&quot;caption&quot;:&quot;&quot;,&quot;created_timestamp&quot;:&quot;0&quot;,&quot;copyright&quot;:&quot;&quot;,&quot;focal_length&quot;:&quot;0&quot;,&quot;iso&quot;:&quot;0&quot;,&quot;shutter_speed&quot;:&quot;0&quot;,&quot;title&quot;:&quot;&quot;,&quot;orientation&quot;:&quot;0&quot;}\" data-image-title=\"5161332701947604116\" data-image-description=\"\" data-medium-file=\"https:\/\/i0.wp.com\/mincomercionacional.gob.ve\/wp-content\/uploads\/2024\/09\/5161332701947604116.jpg?fit=300%2C179&#038;ssl=1\" data-large-file=\"https:\/\/i0.wp.com\/mincomercionacional.gob.ve\/wp-content\/uploads\/2024\/09\/5161332701947604116.jpg?fit=1024%2C612&#038;ssl=1\" src=\"https:\/\/i0.wp.com\/mincomercionacional.gob.ve\/wp-content\/uploads\/2024\/09\/5161332701947604116.jpg?w=174&#038;h=104&#038;ssl=1\" width=\"174\" height=\"104\" loading=\"lazy\" data-original-width=\"174\" data-original-height=\"104\" itemprop=\"http:\/\/schema.org\/image\" title=\"5161332701947604116\" alt=\"5161332701947604116\" style=\"width: 174px; height: 104px;\" \/> <\/a> <\/div> <div class=\"tiled-gallery-item tiled-gallery-item-small\" itemprop=\"associatedMedia\" itemscope itemtype=\"http:\/\/schema.org\/ImageObject\"> <a href=\"https:\/\/mincomercionacional.gob.ve\/?attachment_id=20278\" border=\"0\" itemprop=\"url\"> <meta itemprop=\"width\" content=\"174\"> <meta itemprop=\"height\" content=\"130\"> <img decoding=\"async\" class=\"\" data-attachment-id=\"20278\" data-orig-file=\"https:\/\/mincomercionacional.gob.ve\/wp-content\/uploads\/2024\/09\/5161332701947604115.jpg\" data-orig-size=\"1280,960\" data-comments-opened=\"\" data-image-meta=\"{&quot;aperture&quot;:&quot;0&quot;,&quot;credit&quot;:&quot;&quot;,&quot;camera&quot;:&quot;&quot;,&quot;caption&quot;:&quot;&quot;,&quot;created_timestamp&quot;:&quot;0&quot;,&quot;copyright&quot;:&quot;&quot;,&quot;focal_length&quot;:&quot;0&quot;,&quot;iso&quot;:&quot;0&quot;,&quot;shutter_speed&quot;:&quot;0&quot;,&quot;title&quot;:&quot;&quot;,&quot;orientation&quot;:&quot;0&quot;}\" data-image-title=\"5161332701947604115\" data-image-description=\"\" data-medium-file=\"https:\/\/i0.wp.com\/mincomercionacional.gob.ve\/wp-content\/uploads\/2024\/09\/5161332701947604115.jpg?fit=300%2C225&#038;ssl=1\" data-large-file=\"https:\/\/i0.wp.com\/mincomercionacional.gob.ve\/wp-content\/uploads\/2024\/09\/5161332701947604115.jpg?fit=1024%2C768&#038;ssl=1\" src=\"https:\/\/i0.wp.com\/mincomercionacional.gob.ve\/wp-content\/uploads\/2024\/09\/5161332701947604115.jpg?w=174&#038;h=130&#038;ssl=1\" width=\"174\" height=\"130\" loading=\"lazy\" data-original-width=\"174\" data-original-height=\"130\" itemprop=\"http:\/\/schema.org\/image\" title=\"5161332701947604115\" alt=\"5161332701947604115\" style=\"width: 174px; height: 130px;\" \/> <\/a> <\/div> <\/div> <!-- close group --> <div class=\"gallery-group images-1\" style=\"width: 322px; height: 242px;\" data-original-width=\"322\" data-original-height=\"242\" > <div class=\"tiled-gallery-item tiled-gallery-item-large\" itemprop=\"associatedMedia\" itemscope itemtype=\"http:\/\/schema.org\/ImageObject\"> <a href=\"https:\/\/mincomercionacional.gob.ve\/?attachment_id=20279\" border=\"0\" itemprop=\"url\"> <meta itemprop=\"width\" content=\"318\"> <meta itemprop=\"height\" content=\"238\"> <img decoding=\"async\" class=\"\" data-attachment-id=\"20279\" data-orig-file=\"https:\/\/mincomercionacional.gob.ve\/wp-content\/uploads\/2024\/09\/5161332701947604114.jpg\" data-orig-size=\"800,600\" data-comments-opened=\"\" data-image-meta=\"{&quot;aperture&quot;:&quot;0&quot;,&quot;credit&quot;:&quot;&quot;,&quot;camera&quot;:&quot;&quot;,&quot;caption&quot;:&quot;&quot;,&quot;created_timestamp&quot;:&quot;0&quot;,&quot;copyright&quot;:&quot;&quot;,&quot;focal_length&quot;:&quot;0&quot;,&quot;iso&quot;:&quot;0&quot;,&quot;shutter_speed&quot;:&quot;0&quot;,&quot;title&quot;:&quot;&quot;,&quot;orientation&quot;:&quot;0&quot;}\" data-image-title=\"5161332701947604114\" data-image-description=\"\" data-medium-file=\"https:\/\/i0.wp.com\/mincomercionacional.gob.ve\/wp-content\/uploads\/2024\/09\/5161332701947604114.jpg?fit=300%2C225&#038;ssl=1\" data-large-file=\"https:\/\/i0.wp.com\/mincomercionacional.gob.ve\/wp-content\/uploads\/2024\/09\/5161332701947604114.jpg?fit=800%2C600&#038;ssl=1\" src=\"https:\/\/i0.wp.com\/mincomercionacional.gob.ve\/wp-content\/uploads\/2024\/09\/5161332701947604114.jpg?w=318&#038;h=238&#038;ssl=1\" width=\"318\" height=\"238\" loading=\"lazy\" data-original-width=\"318\" data-original-height=\"238\" itemprop=\"http:\/\/schema.org\/image\" title=\"5161332701947604114\" alt=\"5161332701947604114\" style=\"width: 318px; height: 238px;\" \/> <\/a> <\/div> <\/div> <!-- close group --> <\/div> <!-- close row --> <\/div>\n<p>Fuente: SAPI<\/p>\n","protected":false},"excerpt":{"rendered":"<p>En colaboraci\u00f3n con el Centro Nacional de Derecho de Autor y del Int\u00e9rprete (Cendaai) de Cuba, y bajo las orientaciones del ministro del Poder Popular de Comercio Nacional, Luis Antonio Villegas, el Servicio Aut\u00f3nomo de la Propiedad Intelectual (SAPI) organiz\u00f3 un intercambio de conocimientos, procedimientos y experiencias binacionales sobre los derechos de creadores y cultores &hellip;<\/p>\n","protected":false},"author":22,"featured_media":20281,"comment_status":"closed","ping_status":"open","sticky":false,"template":"","format":"standard","meta":{"footnotes":""},"categories":[79],"tags":[1237,242,547,1587,76,75,39],"class_list":["post-20275","post","type-post","status-publish","format-standard","has-post-thumbnail","hentry","category-noticias","tag-cuba","tag-cultores","tag-derechos-de-autor","tag-hendrick-perdomo","tag-propiedad-intelectual","tag-sapi","tag-venezuela"],"jetpack_featured_media_url":"https:\/\/i0.wp.com\/mincomercionacional.gob.ve\/wp-content\/uploads\/2024\/09\/5161332701947604112.jpg?fit=800%2C600&ssl=1","jetpack_shortlink":"https:\/\/wp.me\/pbvjg9-5h1","_links":{"self":[{"href":"https:\/\/mincomercionacional.gob.ve\/index.php?rest_route=\/wp\/v2\/posts\/20275","targetHints":{"allow":["GET"]}}],"collection":[{"href":"https:\/\/mincomercionacional.gob.ve\/index.php?rest_route=\/wp\/v2\/posts"}],"about":[{"href":"https:\/\/mincomercionacional.gob.ve\/index.php?rest_route=\/wp\/v2\/types\/post"}],"author":[{"embeddable":true,"href":"https:\/\/mincomercionacional.gob.ve\/index.php?rest_route=\/wp\/v2\/users\/22"}],"replies":[{"embeddable":true,"href":"https:\/\/mincomercionacional.gob.ve\/index.php?rest_route=%2Fwp%2Fv2%2Fcomments&post=20275"}],"version-history":[{"count":2,"href":"https:\/\/mincomercionacional.gob.ve\/index.php?rest_route=\/wp\/v2\/posts\/20275\/revisions"}],"predecessor-version":[{"id":20283,"href":"https:\/\/mincomercionacional.gob.ve\/index.php?rest_route=\/wp\/v2\/posts\/20275\/revisions\/20283"}],"wp:featuredmedia":[{"embeddable":true,"href":"https:\/\/mincomercionacional.gob.ve\/index.php?rest_route=\/wp\/v2\/media\/20281"}],"wp:attachment":[{"href":"https:\/\/mincomercionacional.gob.ve\/index.php?rest_route=%2Fwp%2Fv2%2Fmedia&parent=20275"}],"wp:term":[{"taxonomy":"category","embeddable":true,"href":"https:\/\/mincomercionacional.gob.ve\/index.php?rest_route=%2Fwp%2Fv2%2Fcategories&post=20275"},{"taxonomy":"post_tag","embeddable":true,"href":"https:\/\/mincomercionacional.gob.ve\/index.php?rest_route=%2Fwp%2Fv2%2Ftags&post=20275"}],"curies":[{"name":"wp","href":"https:\/\/api.w.org\/{rel}","templated":true}]}}