{"id":17635,"date":"2024-05-25T15:50:00","date_gmt":"2024-05-25T19:50:00","guid":{"rendered":"https:\/\/mincomercionacional.gob.ve\/?p=17635"},"modified":"2024-05-25T15:50:00","modified_gmt":"2024-05-25T19:50:00","slug":"gobierno-bolivariano-atiende-a-600-adultos-mayores-a-traves-de-la-jornada-mas-anos-amor","status":"publish","type":"post","link":"https:\/\/mincomercionacional.gob.ve\/?p=17635","title":{"rendered":"Gobierno bolivariano atiende a 600 adultos mayores a trav\u00e9s de la Jornada M\u00e1s A\u00f1os + Amor"},"content":{"rendered":"<p style=\"text-align: justify;\">Este s\u00e1bado, a prop\u00f3sito de efectuarse el Congreso de los Abuelos y Abuelas de la Patria, Cap\u00edtulo Caracas, en los espacios del Parque Al\u00ed Primera, fueron atendidos de manera integral 600 adultos mayores en la Jornada M\u00e1s A\u00f1os + Amor de la Gran Misi\u00f3n Abuelos y Abuelas de la Patria, actividad que fue liderada por la vicepresidenta Ejecutiva de la Rep\u00fablica, Delcy Rodr\u00edguez.<\/p>\n<p>Mediante un contacto telef\u00f3nico, el presidente de la Rep\u00fablica Bolivariana de Venezuela, Nicol\u00e1s Maduro, inst\u00f3 a fortalecer los c\u00edrculos de los adultos mayores y avanzar en cada uno de los v\u00e9rtices y acciones de la Gran Misi\u00f3n Abuelos y Abuelas de la Patria.<\/p>\n<p>\u201cTenemos que avanzar mucho m\u00e1s, en todo el pa\u00eds, porque tiene que ser el n\u00facleo central para proteger, de manera directa, colectiva y personalizada, a todos nuestros abuelos y abuelas. Para proteger su estado f\u00edsico, que se establezca un sistema de salud que vaya directamente a la persona y que le garantice todas las atenciones. Los C\u00edrculos de Abuelos son fundamentales\u201d.<\/p>\n<p>En este contexto, agradeci\u00f3 la participaci\u00f3n activa de los abuelos y abuelas que este fin de semana est\u00e1n reunidos en el congreso, \u201cconversando, trabajando, planificando, y quiero que me lleguen todas las propuestas, para asumirlas, afinarlas e incorporarlas\u201d.<\/p>\n<p>El jefe de Estado invit\u00f3 a los abuelos y abuelas de la Patria a una gran jornada de ejercicios y bailoterapia, que se realizar\u00e1 el pr\u00f3ximo mi\u00e9rcoles 29 de mayo como parte de las celebraciones por el D\u00eda del Adulto Mayor.<\/p>\n<p style=\"text-align: justify;\">Por su parte, la vicepresidenta Ejecutiva expres\u00f3 que \u00abcon la fuerza de los abuelos y abuelas, con su historia, con su memoria, que con su experiencia, nosotros le digamos a las sanciones de los extremistas y de los gringos \u00a1No podr\u00e1n con Venezuela! Venezuela seguir\u00e1 victoriosa con la senda m\u00e1s amorosa que puede haber, que es el amor de un abuelo y de una abuela\u00bb, asegur\u00f3.<\/p>\n<p>La vicemandataria estuvo acompa\u00f1ada de la ministra para la Salud, Magaly Guti\u00e9rrez; la alcaldesa de Caracas, Almiranta Carmen Mel\u00e9ndez, el jefe del Distrito Capital, Nahum Fern\u00e1ndez; y otras autoridades.<\/p>\n<p>En la jornada, los adultos mayores fueron favorecidos con la dotaci\u00f3n de medicamentos, jornada de vacunaci\u00f3n, la distribuci\u00f3n de calzado y textiles, comprendida en el Plan Z y Plan R, y diversas actividades recreativas para su disfrute.<\/p>\n<div class=\"tiled-gallery type-rectangular tiled-gallery-unresized\" data-original-width=\"500\" data-carousel-extra='{&quot;blog_id&quot;:1,&quot;permalink&quot;:&quot;https:\\\/\\\/mincomercionacional.gob.ve\\\/?p=17635&quot;,&quot;likes_blog_id&quot;:170001901}' itemscope itemtype=\"http:\/\/schema.org\/ImageGallery\" > <div class=\"gallery-row\" style=\"width: 500px; height: 436px;\" data-original-width=\"500\" data-original-height=\"436\" > <div class=\"gallery-group images-3\" style=\"width: 208px; height: 436px;\" data-original-width=\"208\" data-original-height=\"436\" > <div class=\"tiled-gallery-item tiled-gallery-item-small\" itemprop=\"associatedMedia\" itemscope itemtype=\"http:\/\/schema.org\/ImageObject\"> <a href=\"https:\/\/mincomercionacional.gob.ve\/?attachment_id=17638\" border=\"0\" itemprop=\"url\"> <meta itemprop=\"width\" content=\"204\"> <meta itemprop=\"height\" content=\"136\"> <img decoding=\"async\" class=\"\" data-attachment-id=\"17638\" data-orig-file=\"https:\/\/mincomercionacional.gob.ve\/wp-content\/uploads\/2024\/05\/IMG_20240525_153027_389.jpg\" data-orig-size=\"1280,853\" data-comments-opened=\"\" data-image-meta=\"{&quot;aperture&quot;:&quot;0&quot;,&quot;credit&quot;:&quot;&quot;,&quot;camera&quot;:&quot;&quot;,&quot;caption&quot;:&quot;&quot;,&quot;created_timestamp&quot;:&quot;0&quot;,&quot;copyright&quot;:&quot;&quot;,&quot;focal_length&quot;:&quot;0&quot;,&quot;iso&quot;:&quot;0&quot;,&quot;shutter_speed&quot;:&quot;0&quot;,&quot;title&quot;:&quot;&quot;,&quot;orientation&quot;:&quot;0&quot;}\" data-image-title=\"IMG_20240525_153027_389\" data-image-description=\"\" data-medium-file=\"https:\/\/i0.wp.com\/mincomercionacional.gob.ve\/wp-content\/uploads\/2024\/05\/IMG_20240525_153027_389.jpg?fit=300%2C200&#038;ssl=1\" data-large-file=\"https:\/\/i0.wp.com\/mincomercionacional.gob.ve\/wp-content\/uploads\/2024\/05\/IMG_20240525_153027_389.jpg?fit=1024%2C682&#038;ssl=1\" src=\"https:\/\/i0.wp.com\/mincomercionacional.gob.ve\/wp-content\/uploads\/2024\/05\/IMG_20240525_153027_389.jpg?w=204&#038;h=136&#038;ssl=1\" width=\"204\" height=\"136\" loading=\"lazy\" data-original-width=\"204\" data-original-height=\"136\" itemprop=\"http:\/\/schema.org\/image\" title=\"IMG_20240525_153027_389\" alt=\"IMG_20240525_153027_389\" style=\"width: 204px; height: 136px;\" \/> <\/a> <\/div> <div class=\"tiled-gallery-item tiled-gallery-item-small\" itemprop=\"associatedMedia\" itemscope itemtype=\"http:\/\/schema.org\/ImageObject\"> <a href=\"https:\/\/mincomercionacional.gob.ve\/?attachment_id=17642\" border=\"0\" itemprop=\"url\"> <meta itemprop=\"width\" content=\"204\"> <meta itemprop=\"height\" content=\"135\"> <img decoding=\"async\" class=\"\" data-attachment-id=\"17642\" data-orig-file=\"https:\/\/mincomercionacional.gob.ve\/wp-content\/uploads\/2024\/05\/IMG_20240525_153008_015.jpg\" data-orig-size=\"1280,853\" data-comments-opened=\"\" data-image-meta=\"{&quot;aperture&quot;:&quot;0&quot;,&quot;credit&quot;:&quot;&quot;,&quot;camera&quot;:&quot;&quot;,&quot;caption&quot;:&quot;&quot;,&quot;created_timestamp&quot;:&quot;0&quot;,&quot;copyright&quot;:&quot;&quot;,&quot;focal_length&quot;:&quot;0&quot;,&quot;iso&quot;:&quot;0&quot;,&quot;shutter_speed&quot;:&quot;0&quot;,&quot;title&quot;:&quot;&quot;,&quot;orientation&quot;:&quot;0&quot;}\" data-image-title=\"IMG_20240525_153008_015\" data-image-description=\"\" data-medium-file=\"https:\/\/i0.wp.com\/mincomercionacional.gob.ve\/wp-content\/uploads\/2024\/05\/IMG_20240525_153008_015.jpg?fit=300%2C200&#038;ssl=1\" data-large-file=\"https:\/\/i0.wp.com\/mincomercionacional.gob.ve\/wp-content\/uploads\/2024\/05\/IMG_20240525_153008_015.jpg?fit=1024%2C682&#038;ssl=1\" src=\"https:\/\/i0.wp.com\/mincomercionacional.gob.ve\/wp-content\/uploads\/2024\/05\/IMG_20240525_153008_015.jpg?w=204&#038;h=135&#038;ssl=1\" width=\"204\" height=\"135\" loading=\"lazy\" data-original-width=\"204\" data-original-height=\"135\" itemprop=\"http:\/\/schema.org\/image\" title=\"IMG_20240525_153008_015\" alt=\"IMG_20240525_153008_015\" style=\"width: 204px; height: 135px;\" \/> <\/a> <\/div> <div class=\"tiled-gallery-item tiled-gallery-item-small\" itemprop=\"associatedMedia\" itemscope itemtype=\"http:\/\/schema.org\/ImageObject\"> <a href=\"https:\/\/mincomercionacional.gob.ve\/?attachment_id=17639\" border=\"0\" itemprop=\"url\"> <meta itemprop=\"width\" content=\"204\"> <meta itemprop=\"height\" content=\"153\"> <img decoding=\"async\" class=\"\" data-attachment-id=\"17639\" data-orig-file=\"https:\/\/mincomercionacional.gob.ve\/wp-content\/uploads\/2024\/05\/IMG_20240525_152557_958.jpg\" data-orig-size=\"1280,960\" data-comments-opened=\"\" data-image-meta=\"{&quot;aperture&quot;:&quot;0&quot;,&quot;credit&quot;:&quot;&quot;,&quot;camera&quot;:&quot;&quot;,&quot;caption&quot;:&quot;&quot;,&quot;created_timestamp&quot;:&quot;0&quot;,&quot;copyright&quot;:&quot;&quot;,&quot;focal_length&quot;:&quot;0&quot;,&quot;iso&quot;:&quot;0&quot;,&quot;shutter_speed&quot;:&quot;0&quot;,&quot;title&quot;:&quot;&quot;,&quot;orientation&quot;:&quot;0&quot;}\" data-image-title=\"IMG_20240525_152557_958\" data-image-description=\"\" data-medium-file=\"https:\/\/i0.wp.com\/mincomercionacional.gob.ve\/wp-content\/uploads\/2024\/05\/IMG_20240525_152557_958.jpg?fit=300%2C225&#038;ssl=1\" data-large-file=\"https:\/\/i0.wp.com\/mincomercionacional.gob.ve\/wp-content\/uploads\/2024\/05\/IMG_20240525_152557_958.jpg?fit=1024%2C768&#038;ssl=1\" src=\"https:\/\/i0.wp.com\/mincomercionacional.gob.ve\/wp-content\/uploads\/2024\/05\/IMG_20240525_152557_958.jpg?w=204&#038;h=153&#038;ssl=1\" width=\"204\" height=\"153\" loading=\"lazy\" data-original-width=\"204\" data-original-height=\"153\" itemprop=\"http:\/\/schema.org\/image\" title=\"IMG_20240525_152557_958\" alt=\"IMG_20240525_152557_958\" style=\"width: 204px; height: 153px;\" \/> <\/a> <\/div> <\/div> <!-- close group --> <div class=\"gallery-group images-1\" style=\"width: 292px; height: 436px;\" data-original-width=\"292\" data-original-height=\"436\" > <div class=\"tiled-gallery-item tiled-gallery-item-large\" itemprop=\"associatedMedia\" itemscope itemtype=\"http:\/\/schema.org\/ImageObject\"> <a href=\"https:\/\/mincomercionacional.gob.ve\/?attachment_id=17640\" border=\"0\" itemprop=\"url\"> <meta itemprop=\"width\" content=\"288\"> <meta itemprop=\"height\" content=\"432\"> <img decoding=\"async\" class=\"\" data-attachment-id=\"17640\" data-orig-file=\"https:\/\/mincomercionacional.gob.ve\/wp-content\/uploads\/2024\/05\/IMG_20240525_152510_952.jpg\" data-orig-size=\"853,1280\" data-comments-opened=\"\" data-image-meta=\"{&quot;aperture&quot;:&quot;0&quot;,&quot;credit&quot;:&quot;&quot;,&quot;camera&quot;:&quot;&quot;,&quot;caption&quot;:&quot;&quot;,&quot;created_timestamp&quot;:&quot;0&quot;,&quot;copyright&quot;:&quot;&quot;,&quot;focal_length&quot;:&quot;0&quot;,&quot;iso&quot;:&quot;0&quot;,&quot;shutter_speed&quot;:&quot;0&quot;,&quot;title&quot;:&quot;&quot;,&quot;orientation&quot;:&quot;0&quot;}\" data-image-title=\"IMG_20240525_152510_952\" data-image-description=\"\" data-medium-file=\"https:\/\/i0.wp.com\/mincomercionacional.gob.ve\/wp-content\/uploads\/2024\/05\/IMG_20240525_152510_952.jpg?fit=200%2C300&#038;ssl=1\" data-large-file=\"https:\/\/i0.wp.com\/mincomercionacional.gob.ve\/wp-content\/uploads\/2024\/05\/IMG_20240525_152510_952.jpg?fit=682%2C1024&#038;ssl=1\" src=\"https:\/\/i0.wp.com\/mincomercionacional.gob.ve\/wp-content\/uploads\/2024\/05\/IMG_20240525_152510_952.jpg?w=288&#038;h=432&#038;ssl=1\" width=\"288\" height=\"432\" loading=\"lazy\" data-original-width=\"288\" data-original-height=\"432\" itemprop=\"http:\/\/schema.org\/image\" title=\"IMG_20240525_152510_952\" alt=\"IMG_20240525_152510_952\" style=\"width: 288px; height: 432px;\" \/> <\/a> <\/div> <\/div> <!-- close group --> <\/div> <!-- close row --> <div class=\"gallery-row\" style=\"width: 500px; height: 247px;\" data-original-width=\"500\" data-original-height=\"247\" > <div class=\"gallery-group images-1\" style=\"width: 328px; height: 247px;\" data-original-width=\"328\" data-original-height=\"247\" > <div class=\"tiled-gallery-item tiled-gallery-item-large\" itemprop=\"associatedMedia\" itemscope itemtype=\"http:\/\/schema.org\/ImageObject\"> <a href=\"https:\/\/mincomercionacional.gob.ve\/?attachment_id=17641\" border=\"0\" itemprop=\"url\"> <meta itemprop=\"width\" content=\"324\"> <meta itemprop=\"height\" content=\"243\"> <img decoding=\"async\" class=\"\" data-attachment-id=\"17641\" data-orig-file=\"https:\/\/mincomercionacional.gob.ve\/wp-content\/uploads\/2024\/05\/IMG_20240525_152449_629.jpg\" data-orig-size=\"1280,960\" data-comments-opened=\"\" data-image-meta=\"{&quot;aperture&quot;:&quot;0&quot;,&quot;credit&quot;:&quot;&quot;,&quot;camera&quot;:&quot;&quot;,&quot;caption&quot;:&quot;&quot;,&quot;created_timestamp&quot;:&quot;0&quot;,&quot;copyright&quot;:&quot;&quot;,&quot;focal_length&quot;:&quot;0&quot;,&quot;iso&quot;:&quot;0&quot;,&quot;shutter_speed&quot;:&quot;0&quot;,&quot;title&quot;:&quot;&quot;,&quot;orientation&quot;:&quot;0&quot;}\" data-image-title=\"IMG_20240525_152449_629\" data-image-description=\"\" data-medium-file=\"https:\/\/i0.wp.com\/mincomercionacional.gob.ve\/wp-content\/uploads\/2024\/05\/IMG_20240525_152449_629.jpg?fit=300%2C225&#038;ssl=1\" data-large-file=\"https:\/\/i0.wp.com\/mincomercionacional.gob.ve\/wp-content\/uploads\/2024\/05\/IMG_20240525_152449_629.jpg?fit=1024%2C768&#038;ssl=1\" src=\"https:\/\/i0.wp.com\/mincomercionacional.gob.ve\/wp-content\/uploads\/2024\/05\/IMG_20240525_152449_629.jpg?w=324&#038;h=243&#038;ssl=1\" width=\"324\" height=\"243\" loading=\"lazy\" data-original-width=\"324\" data-original-height=\"243\" itemprop=\"http:\/\/schema.org\/image\" title=\"IMG_20240525_152449_629\" alt=\"IMG_20240525_152449_629\" style=\"width: 324px; height: 243px;\" \/> <\/a> <\/div> <\/div> <!-- close group --> <div class=\"gallery-group images-2\" style=\"width: 172px; height: 247px;\" data-original-width=\"172\" data-original-height=\"247\" > <div class=\"tiled-gallery-item tiled-gallery-item-small\" itemprop=\"associatedMedia\" itemscope itemtype=\"http:\/\/schema.org\/ImageObject\"> <a href=\"https:\/\/mincomercionacional.gob.ve\/?attachment_id=17636\" border=\"0\" itemprop=\"url\"> <meta itemprop=\"width\" content=\"168\"> <meta itemprop=\"height\" content=\"127\"> <img decoding=\"async\" class=\"\" data-attachment-id=\"17636\" data-orig-file=\"https:\/\/mincomercionacional.gob.ve\/wp-content\/uploads\/2024\/05\/IMG_20240525_152547_421.jpg\" data-orig-size=\"1000,750\" data-comments-opened=\"\" data-image-meta=\"{&quot;aperture&quot;:&quot;0&quot;,&quot;credit&quot;:&quot;&quot;,&quot;camera&quot;:&quot;&quot;,&quot;caption&quot;:&quot;&quot;,&quot;created_timestamp&quot;:&quot;0&quot;,&quot;copyright&quot;:&quot;&quot;,&quot;focal_length&quot;:&quot;0&quot;,&quot;iso&quot;:&quot;0&quot;,&quot;shutter_speed&quot;:&quot;0&quot;,&quot;title&quot;:&quot;&quot;,&quot;orientation&quot;:&quot;0&quot;}\" data-image-title=\"IMG_20240525_152547_421\" data-image-description=\"\" data-medium-file=\"https:\/\/i0.wp.com\/mincomercionacional.gob.ve\/wp-content\/uploads\/2024\/05\/IMG_20240525_152547_421.jpg?fit=300%2C225&#038;ssl=1\" data-large-file=\"https:\/\/i0.wp.com\/mincomercionacional.gob.ve\/wp-content\/uploads\/2024\/05\/IMG_20240525_152547_421.jpg?fit=1000%2C750&#038;ssl=1\" src=\"https:\/\/i0.wp.com\/mincomercionacional.gob.ve\/wp-content\/uploads\/2024\/05\/IMG_20240525_152547_421.jpg?w=168&#038;h=127&#038;ssl=1\" width=\"168\" height=\"127\" loading=\"lazy\" data-original-width=\"168\" data-original-height=\"127\" itemprop=\"http:\/\/schema.org\/image\" title=\"IMG_20240525_152547_421\" alt=\"IMG_20240525_152547_421\" style=\"width: 168px; height: 127px;\" \/> <\/a> <\/div> <div class=\"tiled-gallery-item tiled-gallery-item-small\" itemprop=\"associatedMedia\" itemscope itemtype=\"http:\/\/schema.org\/ImageObject\"> <a href=\"https:\/\/mincomercionacional.gob.ve\/?attachment_id=17643\" border=\"0\" itemprop=\"url\"> <meta itemprop=\"width\" content=\"168\"> <meta itemprop=\"height\" content=\"112\"> <img decoding=\"async\" class=\"\" data-attachment-id=\"17643\" data-orig-file=\"https:\/\/mincomercionacional.gob.ve\/wp-content\/uploads\/2024\/05\/IMG_20240525_152502_716.jpg\" data-orig-size=\"1280,853\" data-comments-opened=\"\" data-image-meta=\"{&quot;aperture&quot;:&quot;0&quot;,&quot;credit&quot;:&quot;&quot;,&quot;camera&quot;:&quot;&quot;,&quot;caption&quot;:&quot;&quot;,&quot;created_timestamp&quot;:&quot;0&quot;,&quot;copyright&quot;:&quot;&quot;,&quot;focal_length&quot;:&quot;0&quot;,&quot;iso&quot;:&quot;0&quot;,&quot;shutter_speed&quot;:&quot;0&quot;,&quot;title&quot;:&quot;&quot;,&quot;orientation&quot;:&quot;0&quot;}\" data-image-title=\"IMG_20240525_152502_716\" data-image-description=\"\" data-medium-file=\"https:\/\/i0.wp.com\/mincomercionacional.gob.ve\/wp-content\/uploads\/2024\/05\/IMG_20240525_152502_716.jpg?fit=300%2C200&#038;ssl=1\" data-large-file=\"https:\/\/i0.wp.com\/mincomercionacional.gob.ve\/wp-content\/uploads\/2024\/05\/IMG_20240525_152502_716.jpg?fit=1024%2C682&#038;ssl=1\" src=\"https:\/\/i0.wp.com\/mincomercionacional.gob.ve\/wp-content\/uploads\/2024\/05\/IMG_20240525_152502_716.jpg?w=168&#038;h=112&#038;ssl=1\" width=\"168\" height=\"112\" loading=\"lazy\" data-original-width=\"168\" data-original-height=\"112\" itemprop=\"http:\/\/schema.org\/image\" title=\"IMG_20240525_152502_716\" alt=\"IMG_20240525_152502_716\" style=\"width: 168px; height: 112px;\" \/> <\/a> <\/div> <\/div> <!-- close group --> <\/div> <!-- close row --> <div class=\"gallery-row\" style=\"width: 500px; height: 335px;\" data-original-width=\"500\" data-original-height=\"335\" > <div class=\"gallery-group images-1\" style=\"width: 500px; height: 335px;\" data-original-width=\"500\" data-original-height=\"335\" > <div class=\"tiled-gallery-item tiled-gallery-item-large\" itemprop=\"associatedMedia\" itemscope itemtype=\"http:\/\/schema.org\/ImageObject\"> <a href=\"https:\/\/mincomercionacional.gob.ve\/?attachment_id=17645\" border=\"0\" itemprop=\"url\"> <meta itemprop=\"width\" content=\"496\"> <meta itemprop=\"height\" content=\"331\"> <img decoding=\"async\" class=\"\" data-attachment-id=\"17645\" data-orig-file=\"https:\/\/mincomercionacional.gob.ve\/wp-content\/uploads\/2024\/05\/IMG_20240525_154906_636.jpg\" data-orig-size=\"1280,853\" data-comments-opened=\"\" data-image-meta=\"{&quot;aperture&quot;:&quot;0&quot;,&quot;credit&quot;:&quot;&quot;,&quot;camera&quot;:&quot;&quot;,&quot;caption&quot;:&quot;&quot;,&quot;created_timestamp&quot;:&quot;0&quot;,&quot;copyright&quot;:&quot;&quot;,&quot;focal_length&quot;:&quot;0&quot;,&quot;iso&quot;:&quot;0&quot;,&quot;shutter_speed&quot;:&quot;0&quot;,&quot;title&quot;:&quot;&quot;,&quot;orientation&quot;:&quot;0&quot;}\" data-image-title=\"IMG_20240525_154906_636\" data-image-description=\"\" data-medium-file=\"https:\/\/i0.wp.com\/mincomercionacional.gob.ve\/wp-content\/uploads\/2024\/05\/IMG_20240525_154906_636.jpg?fit=300%2C200&#038;ssl=1\" data-large-file=\"https:\/\/i0.wp.com\/mincomercionacional.gob.ve\/wp-content\/uploads\/2024\/05\/IMG_20240525_154906_636.jpg?fit=1024%2C682&#038;ssl=1\" src=\"https:\/\/i0.wp.com\/mincomercionacional.gob.ve\/wp-content\/uploads\/2024\/05\/IMG_20240525_154906_636.jpg?w=496&#038;h=331&#038;ssl=1\" width=\"496\" height=\"331\" loading=\"lazy\" data-original-width=\"496\" data-original-height=\"331\" itemprop=\"http:\/\/schema.org\/image\" title=\"IMG_20240525_154906_636\" alt=\"IMG_20240525_154906_636\" style=\"width: 496px; height: 331px;\" \/> <\/a> <\/div> <\/div> <!-- close group --> <\/div> <!-- close row --> <\/div>\n","protected":false},"excerpt":{"rendered":"<p>Este s\u00e1bado, a prop\u00f3sito de efectuarse el Congreso de los Abuelos y Abuelas de la Patria, Cap\u00edtulo Caracas, en los espacios del Parque Al\u00ed Primera, fueron atendidos de manera integral 600 adultos mayores en la Jornada M\u00e1s A\u00f1os + Amor de la Gran Misi\u00f3n Abuelos y Abuelas de la Patria, actividad que fue liderada por &hellip;<\/p>\n","protected":false},"author":21,"featured_media":17637,"comment_status":"closed","ping_status":"open","sticky":false,"template":"","format":"standard","meta":{"footnotes":""},"categories":[1257],"tags":[1664,47,1665,1366,94],"class_list":["post-17635","post","type-post","status-publish","format-standard","has-post-thumbnail","hentry","category-vp","tag-adultos-mayores","tag-gobierno-bolivariano","tag-misiones-socialistas","tag-plan-r","tag-plan-z"],"jetpack_featured_media_url":"https:\/\/i0.wp.com\/mincomercionacional.gob.ve\/wp-content\/uploads\/2024\/05\/IMG_20240525_153044_191.jpg?fit=1280%2C764&ssl=1","jetpack_shortlink":"https:\/\/wp.me\/pbvjg9-4Ar","_links":{"self":[{"href":"https:\/\/mincomercionacional.gob.ve\/index.php?rest_route=\/wp\/v2\/posts\/17635","targetHints":{"allow":["GET"]}}],"collection":[{"href":"https:\/\/mincomercionacional.gob.ve\/index.php?rest_route=\/wp\/v2\/posts"}],"about":[{"href":"https:\/\/mincomercionacional.gob.ve\/index.php?rest_route=\/wp\/v2\/types\/post"}],"author":[{"embeddable":true,"href":"https:\/\/mincomercionacional.gob.ve\/index.php?rest_route=\/wp\/v2\/users\/21"}],"replies":[{"embeddable":true,"href":"https:\/\/mincomercionacional.gob.ve\/index.php?rest_route=%2Fwp%2Fv2%2Fcomments&post=17635"}],"version-history":[{"count":1,"href":"https:\/\/mincomercionacional.gob.ve\/index.php?rest_route=\/wp\/v2\/posts\/17635\/revisions"}],"predecessor-version":[{"id":17646,"href":"https:\/\/mincomercionacional.gob.ve\/index.php?rest_route=\/wp\/v2\/posts\/17635\/revisions\/17646"}],"wp:featuredmedia":[{"embeddable":true,"href":"https:\/\/mincomercionacional.gob.ve\/index.php?rest_route=\/wp\/v2\/media\/17637"}],"wp:attachment":[{"href":"https:\/\/mincomercionacional.gob.ve\/index.php?rest_route=%2Fwp%2Fv2%2Fmedia&parent=17635"}],"wp:term":[{"taxonomy":"category","embeddable":true,"href":"https:\/\/mincomercionacional.gob.ve\/index.php?rest_route=%2Fwp%2Fv2%2Fcategories&post=17635"},{"taxonomy":"post_tag","embeddable":true,"href":"https:\/\/mincomercionacional.gob.ve\/index.php?rest_route=%2Fwp%2Fv2%2Ftags&post=17635"}],"curies":[{"name":"wp","href":"https:\/\/api.w.org\/{rel}","templated":true}]}}