{"id":17247,"date":"2024-05-02T17:03:49","date_gmt":"2024-05-02T21:03:49","guid":{"rendered":"https:\/\/mincomercionacional.gob.ve\/?p=17247"},"modified":"2024-05-02T17:03:49","modified_gmt":"2024-05-02T21:03:49","slug":"vicepresidenta-delcy-rodriguez-lidero-reunion-de-trabajo-con-equipos-economicos-del-pais","status":"publish","type":"post","link":"https:\/\/mincomercionacional.gob.ve\/?p=17247","title":{"rendered":"Vicepresidenta Delcy Rodr\u00edguez lider\u00f3 reuni\u00f3n de trabajo con equipos econ\u00f3micos del pa\u00eds"},"content":{"rendered":"<p style=\"text-align: justify;\">La vicepresidenta Ejecutiva de la Rep\u00fablica Bolivariana de Venezuela, Delcy Rodr\u00edguez, lider\u00f3 este jueves una reuni\u00f3n de trabajo con representantes del sector econ\u00f3mico del pa\u00eds, tanto p\u00fablicos como privados, para evaluar pol\u00edticas conjuntas que tributen al fortalecimiento de la protecci\u00f3n social\u00a0 de las y los trabajadores en el pa\u00eds.<\/p>\n<p style=\"text-align: justify;\">Durante el encuentro acompa\u00f1aron a la vicepresidenta Ejecutiva el ministro del Poder Popular de Industrias y Producci\u00f3n Nacional, Jos\u00e9 F\u00e9lix Ribas Alvarado; el viceministro para el Comercio Exterior, H\u00e9ctor Silva; el presidente de Fedeindustria, Orlando Camacho y el presidente de la Federaci\u00f3n de C\u00e1maras y Asociaciones de Comercio y Producci\u00f3n de Venezuela (Fedec\u00e1maras), Ad\u00e1n Celis.<\/p>\n<p style=\"text-align: justify;\">Venezuela ha experimentado una notable recuperaci\u00f3n econ\u00f3mica pese a las medidas coercitivas impuestas por el Gobierno de los Estados Unidos. La participaci\u00f3n del sector privado, junto con la acci\u00f3n de gobierno y el poder popular, han sido la f\u00f3rmula para el avance de la producci\u00f3n y el abastecimiento.<\/p>\n<p style=\"text-align: justify;\">M\u00e1s temprano, el jefe de Estado, Nicol\u00e1s Maduro, pidi\u00f3 a la clase obrera que acompa\u00f1e a la vicepresidenta Ejecutiva, Delcy Rodr\u00edguez, este jueves ante la Asamblea Nacional para llevar el Proyecto de Ley Especial de Aporte de los Empleadores para la Protecci\u00f3n de las Pensiones, frente al bloqueo imperialista, en el contexto de la justicia tributaria.<\/p>\n<p style=\"text-align: justify;\">En ese sentido, Rodr\u00edguez reiter\u00f3 que este proyecto de Ley, es la justicia de los pensionados para que esa contribuci\u00f3n social signifique un paso m\u00e1s hacia la igualdad \u00abel esp\u00edritu de este proyecto de Ley se inspira en los abuelos y abuelas para hacer justicia y tambi\u00e9n para tener esto como un instrumento de la igualdad social, ya hemos avanzado, y estamos listos\u00bb.<\/p>\n<div style=\"position: relative; padding-bottom: 56.25%; height: 0; overflow: hidden;\"><iframe loading=\"lazy\" style=\"width: 100%; height: 100%; position: absolute; left: 0px; top: 0px; overflow: hidden;\" title=\"Dailymotion Video Player\" src=\"https:\/\/www.dailymotion.com\/embed\/video\/x8xukh6?autoplay=1\" width=\"100%\" height=\"100%\" frameborder=\"0\" allowfullscreen=\"allowfullscreen\"> <\/iframe><\/div>\n","protected":false},"excerpt":{"rendered":"<p>La vicepresidenta Ejecutiva de la Rep\u00fablica Bolivariana de Venezuela, Delcy Rodr\u00edguez, lider\u00f3 este jueves una reuni\u00f3n de trabajo con representantes del sector econ\u00f3mico del pa\u00eds, tanto p\u00fablicos como privados, para evaluar pol\u00edticas conjuntas que tributen al fortalecimiento de la protecci\u00f3n social\u00a0 de las y los trabajadores en el pa\u00eds. Durante el encuentro acompa\u00f1aron a la &hellip;<\/p>\n","protected":false},"author":22,"featured_media":17248,"comment_status":"closed","ping_status":"open","sticky":false,"template":"","format":"standard","meta":{"footnotes":""},"categories":[1257],"tags":[768,1305,1304,1594,1593,1551],"class_list":["post-17247","post","type-post","status-publish","format-standard","has-post-thumbnail","hentry","category-vp","tag-delcy-rodriguez","tag-encuentro","tag-fedecamaras","tag-fortalecimeinto","tag-sector-publico-y-privado","tag-vicepresidenta-ejecutiva"],"jetpack_featured_media_url":"https:\/\/i0.wp.com\/mincomercionacional.gob.ve\/wp-content\/uploads\/2024\/05\/Sin-titulo.png?fit=537%2C367&ssl=1","jetpack_shortlink":"https:\/\/wp.me\/pbvjg9-4ub","_links":{"self":[{"href":"https:\/\/mincomercionacional.gob.ve\/index.php?rest_route=\/wp\/v2\/posts\/17247","targetHints":{"allow":["GET"]}}],"collection":[{"href":"https:\/\/mincomercionacional.gob.ve\/index.php?rest_route=\/wp\/v2\/posts"}],"about":[{"href":"https:\/\/mincomercionacional.gob.ve\/index.php?rest_route=\/wp\/v2\/types\/post"}],"author":[{"embeddable":true,"href":"https:\/\/mincomercionacional.gob.ve\/index.php?rest_route=\/wp\/v2\/users\/22"}],"replies":[{"embeddable":true,"href":"https:\/\/mincomercionacional.gob.ve\/index.php?rest_route=%2Fwp%2Fv2%2Fcomments&post=17247"}],"version-history":[{"count":2,"href":"https:\/\/mincomercionacional.gob.ve\/index.php?rest_route=\/wp\/v2\/posts\/17247\/revisions"}],"predecessor-version":[{"id":17252,"href":"https:\/\/mincomercionacional.gob.ve\/index.php?rest_route=\/wp\/v2\/posts\/17247\/revisions\/17252"}],"wp:featuredmedia":[{"embeddable":true,"href":"https:\/\/mincomercionacional.gob.ve\/index.php?rest_route=\/wp\/v2\/media\/17248"}],"wp:attachment":[{"href":"https:\/\/mincomercionacional.gob.ve\/index.php?rest_route=%2Fwp%2Fv2%2Fmedia&parent=17247"}],"wp:term":[{"taxonomy":"category","embeddable":true,"href":"https:\/\/mincomercionacional.gob.ve\/index.php?rest_route=%2Fwp%2Fv2%2Fcategories&post=17247"},{"taxonomy":"post_tag","embeddable":true,"href":"https:\/\/mincomercionacional.gob.ve\/index.php?rest_route=%2Fwp%2Fv2%2Ftags&post=17247"}],"curies":[{"name":"wp","href":"https:\/\/api.w.org\/{rel}","templated":true}]}}