{"id":17010,"date":"2024-04-16T16:17:51","date_gmt":"2024-04-16T20:17:51","guid":{"rendered":"https:\/\/mincomercionacional.gob.ve\/?p=17010"},"modified":"2024-04-16T19:13:34","modified_gmt":"2024-04-16T23:13:34","slug":"vicepresidenta-ejecutiva-convoca-a-sectores-productivos-y-empresariales-a-unir-fuerzas-contra-el-bloqueo","status":"publish","type":"post","link":"https:\/\/mincomercionacional.gob.ve\/?p=17010","title":{"rendered":"Vicepresidenta Ejecutiva convoca a sectores productivos y empresariales a unir fuerzas contra el bloqueo"},"content":{"rendered":"<p style=\"text-align: justify;\">Con la consigna \u201cBiden levanta el bloqueo ya\u201d, la vicepresidenta Ejecutiva de la Rep\u00fablica Bolivariana de Venezuela, Delcy Rodr\u00edguez, inici\u00f3 su participaci\u00f3n en el Consejo Nacional de Econom\u00eda Productiva, Cap\u00edtulo Regi\u00f3n Central, efectuada en el estado Carabobo; actividad en la que se recogieron las propuestas de los sectores productivos y empresariales de las jurisdicciones Aragua, Carabobo, Cojedes y Gu\u00e1rico, en aras de avanzar en los cinco consensos econ\u00f3micos impulsados por el jefe de Estado Nicol\u00e1s Maduro.<\/p>\n<p style=\"text-align: justify;\">\u201cHoy debe ser un clamor nacional. El bloqueo debe levantarse definitivamente contra Venezuela, es un derecho del pueblo venezolano; no estamos pidiendo limosnas. Esas medidas de chantajes y de extorsi\u00f3n contra nuestro pueblo deben cesar su da\u00f1o contra nuestro pueblo y nuestra econom\u00eda\u201d, dijo la vicemandataria, mientras explicaba que el lanzamiento de la campa\u00f1a \u201cBiden levanta el bloqueo ya\u201d comenz\u00f3 en el \u00e1mbito econ\u00f3mico debido a que \u201cel objetivo \u2014de las Medidas Coercitivas Unilaterales\u2014 es la econom\u00eda venezolana\u201d.<\/p>\n<p style=\"text-align: justify;\">En este contexto, inst\u00f3 a todos los agremiados y actores productivos de la naci\u00f3n unirse \u201cpara que, definitivamente, se pida el levantamiento del bloqueo nacional, sobre todo hoy, cuando sabemos que hay voces extremistas que piden m\u00e1s bloqueos contra Venezuela\u201d.<\/p>\n<blockquote class=\"twitter-tweet\" data-media-max-width=\"560\">\n<p dir=\"ltr\" lang=\"es\">Los venezolanos y venezolanas en uni\u00f3n nacional siguen alzando su voz para exigir el levantamiento del bloqueo criminal contra nuestro pa\u00eds, el cual le ha causado tanto da\u00f1o al pueblo y a la econom\u00eda nacional. <a href=\"https:\/\/twitter.com\/hashtag\/BidenLevantaElBloqueoYa?src=hash&amp;ref_src=twsrc%5Etfw\">#BidenLevantaElBloqueoYa<\/a> <a href=\"https:\/\/t.co\/xunE03Pu1T\">pic.twitter.com\/xunE03Pu1T<\/a><\/p>\n<p>\u2014 Vicepresidencia Vzla (@ViceVenezuela) <a href=\"https:\/\/twitter.com\/ViceVenezuela\/status\/1780321342438445223?ref_src=twsrc%5Etfw\">April 16, 2024<\/a><\/p><\/blockquote>\n<p><script async src=\"https:\/\/platform.twitter.com\/widgets.js\" charset=\"utf-8\"><\/script><\/p>\n<p style=\"text-align: justify;\">Asimismo, indic\u00f3 que la campa\u00f1a debe recorrer todo el territorio venezolano y convertirse en \u201cuna voz \u00fanica de los sectores productivos; de los trabajadores y trabajadoras, de las mujeres, hombres y adultos mayores para parar estas sanciones que tanto da\u00f1o le han causado a nuestra econom\u00eda\u201d.<\/p>\n<p style=\"text-align: justify;\">\u201cEstoy muy contenta de compartir con los sectores productivos y empresariales de la Regi\u00f3n Central del pa\u00eds y llevar el Consejo Nacional de Econom\u00eda Productiva en todo el territorio, para atender los requerimientos m\u00e1s espec\u00edficos, territorialmente hablando\u201d, destac\u00f3 durante su participaci\u00f3n.<\/p>\n<p>Rodr\u00edguez agreg\u00f3 que se dio un gran debate de las 7T, que tiene como principal objetivo lograr y alcanzar un modelo de desarrollo econ\u00f3mico diversificado no dependiente de la renta petrolera exclusivamente, sino un modelo econ\u00f3mico que d\u00e9 espacio a las grandes oportunidades y potencialidades productivas de la naci\u00f3n.<\/p>\n<p>\u00abVenezuela tiene grandes riquezas materiales que pueden ser ampliamente desarrolladas y que lo ha convertido realmente en el objeto m\u00e1s apetecible de los grandes centros de poder internacional, las hegemon\u00edas que quieren los recursos de Venezuela sin pagar por ello, como lo dijo un expresidente estadounidense (Trump) \u00bfPor qu\u00e9 pagar por el petr\u00f3leo de Venezuela? si lo podemos llevar gratis\u00bb, concluy\u00f3.<\/p>\n<p style=\"text-align: justify;\">La vicepresidenta Ejecutiva estuvo acompa\u00f1ada del gobernador de la entidad territorial, Rafael Lacava; el vicepresidente sectorial de Econom\u00eda, Jos\u00e9 F\u00e9lix Rivas Alvarado; los ministros de Comercio Nacional, Luis Antonio Villegas; y Agricultura y Tierra, Wilmar Castro Soteldo; los presidentes de Fedec\u00e1maras, Ad\u00e1n Celis; Fedeindustria, Orlando Camacho, y de Conindustria, Luigi Pisella.<\/p>\n<p style=\"text-align: justify;\">El Consejo Nacional de Econom\u00eda Productiva es un espacio de di\u00e1logo que permite atender y otorgar m\u00e1xima prioridad a los sectores empresariales del pa\u00eds en aras de debatir, revisar, evaluar y avanzar en la recuperaci\u00f3n integral de la econom\u00eda, promoviendo la integraci\u00f3n y participaci\u00f3n de todos los sectores econ\u00f3micos.<\/p>\n<div class=\"tiled-gallery type-rectangular tiled-gallery-unresized\" data-original-width=\"500\" data-carousel-extra='{&quot;blog_id&quot;:1,&quot;permalink&quot;:&quot;https:\\\/\\\/mincomercionacional.gob.ve\\\/?p=17010&quot;,&quot;likes_blog_id&quot;:170001901}' itemscope itemtype=\"http:\/\/schema.org\/ImageGallery\" > <div class=\"gallery-row\" style=\"width: 500px; height: 258px;\" data-original-width=\"500\" data-original-height=\"258\" > <div class=\"gallery-group images-1\" style=\"width: 309px; height: 258px;\" data-original-width=\"309\" data-original-height=\"258\" > <div class=\"tiled-gallery-item tiled-gallery-item-large\" itemprop=\"associatedMedia\" itemscope itemtype=\"http:\/\/schema.org\/ImageObject\"> <a href=\"https:\/\/mincomercionacional.gob.ve\/?attachment_id=17015\" border=\"0\" itemprop=\"url\"> <meta itemprop=\"width\" content=\"305\"> <meta itemprop=\"height\" content=\"254\"> <img decoding=\"async\" class=\"\" data-attachment-id=\"17015\" data-orig-file=\"https:\/\/mincomercionacional.gob.ve\/wp-content\/uploads\/2024\/04\/msg-1001246484941-41369.jpg\" data-orig-size=\"1280,1065\" data-comments-opened=\"\" data-image-meta=\"{&quot;aperture&quot;:&quot;0&quot;,&quot;credit&quot;:&quot;&quot;,&quot;camera&quot;:&quot;&quot;,&quot;caption&quot;:&quot;&quot;,&quot;created_timestamp&quot;:&quot;0&quot;,&quot;copyright&quot;:&quot;&quot;,&quot;focal_length&quot;:&quot;0&quot;,&quot;iso&quot;:&quot;0&quot;,&quot;shutter_speed&quot;:&quot;0&quot;,&quot;title&quot;:&quot;&quot;,&quot;orientation&quot;:&quot;0&quot;}\" data-image-title=\"msg-1001246484941-41369\" data-image-description=\"\" data-medium-file=\"https:\/\/i0.wp.com\/mincomercionacional.gob.ve\/wp-content\/uploads\/2024\/04\/msg-1001246484941-41369.jpg?fit=300%2C250&#038;ssl=1\" data-large-file=\"https:\/\/i0.wp.com\/mincomercionacional.gob.ve\/wp-content\/uploads\/2024\/04\/msg-1001246484941-41369.jpg?fit=1024%2C852&#038;ssl=1\" src=\"https:\/\/i0.wp.com\/mincomercionacional.gob.ve\/wp-content\/uploads\/2024\/04\/msg-1001246484941-41369.jpg?w=305&#038;h=254&#038;ssl=1\" width=\"305\" height=\"254\" loading=\"lazy\" data-original-width=\"305\" data-original-height=\"254\" itemprop=\"http:\/\/schema.org\/image\" title=\"msg-1001246484941-41369\" alt=\"msg-1001246484941-41369\" style=\"width: 305px; height: 254px;\" \/> <\/a> <\/div> <\/div> <!-- close group --> <div class=\"gallery-group images-2\" style=\"width: 191px; height: 258px;\" data-original-width=\"191\" data-original-height=\"258\" > <div class=\"tiled-gallery-item tiled-gallery-item-small\" itemprop=\"associatedMedia\" itemscope itemtype=\"http:\/\/schema.org\/ImageObject\"> <a href=\"https:\/\/mincomercionacional.gob.ve\/?attachment_id=17023\" border=\"0\" itemprop=\"url\"> <meta itemprop=\"width\" content=\"187\"> <meta itemprop=\"height\" content=\"125\"> <img decoding=\"async\" class=\"\" data-attachment-id=\"17023\" data-orig-file=\"https:\/\/mincomercionacional.gob.ve\/wp-content\/uploads\/2024\/04\/IMG-20240416-WA0021.jpg\" data-orig-size=\"1080,720\" data-comments-opened=\"\" data-image-meta=\"{&quot;aperture&quot;:&quot;0&quot;,&quot;credit&quot;:&quot;&quot;,&quot;camera&quot;:&quot;&quot;,&quot;caption&quot;:&quot;&quot;,&quot;created_timestamp&quot;:&quot;0&quot;,&quot;copyright&quot;:&quot;&quot;,&quot;focal_length&quot;:&quot;0&quot;,&quot;iso&quot;:&quot;0&quot;,&quot;shutter_speed&quot;:&quot;0&quot;,&quot;title&quot;:&quot;&quot;,&quot;orientation&quot;:&quot;0&quot;}\" data-image-title=\"IMG-20240416-WA0021\" data-image-description=\"\" data-medium-file=\"https:\/\/i0.wp.com\/mincomercionacional.gob.ve\/wp-content\/uploads\/2024\/04\/IMG-20240416-WA0021.jpg?fit=300%2C200&#038;ssl=1\" data-large-file=\"https:\/\/i0.wp.com\/mincomercionacional.gob.ve\/wp-content\/uploads\/2024\/04\/IMG-20240416-WA0021.jpg?fit=1024%2C683&#038;ssl=1\" src=\"https:\/\/i0.wp.com\/mincomercionacional.gob.ve\/wp-content\/uploads\/2024\/04\/IMG-20240416-WA0021.jpg?w=187&#038;h=125&#038;ssl=1\" width=\"187\" height=\"125\" loading=\"lazy\" data-original-width=\"187\" data-original-height=\"125\" itemprop=\"http:\/\/schema.org\/image\" title=\"IMG-20240416-WA0021\" alt=\"IMG-20240416-WA0021\" style=\"width: 187px; height: 125px;\" \/> <\/a> <\/div> <div class=\"tiled-gallery-item tiled-gallery-item-small\" itemprop=\"associatedMedia\" itemscope itemtype=\"http:\/\/schema.org\/ImageObject\"> <a href=\"https:\/\/mincomercionacional.gob.ve\/?attachment_id=17024\" border=\"0\" itemprop=\"url\"> <meta itemprop=\"width\" content=\"187\"> <meta itemprop=\"height\" content=\"125\"> <img decoding=\"async\" class=\"\" data-attachment-id=\"17024\" data-orig-file=\"https:\/\/mincomercionacional.gob.ve\/wp-content\/uploads\/2024\/04\/IMG-20240416-WA0020.jpg\" data-orig-size=\"1080,720\" data-comments-opened=\"\" data-image-meta=\"{&quot;aperture&quot;:&quot;0&quot;,&quot;credit&quot;:&quot;&quot;,&quot;camera&quot;:&quot;&quot;,&quot;caption&quot;:&quot;&quot;,&quot;created_timestamp&quot;:&quot;0&quot;,&quot;copyright&quot;:&quot;&quot;,&quot;focal_length&quot;:&quot;0&quot;,&quot;iso&quot;:&quot;0&quot;,&quot;shutter_speed&quot;:&quot;0&quot;,&quot;title&quot;:&quot;&quot;,&quot;orientation&quot;:&quot;0&quot;}\" data-image-title=\"IMG-20240416-WA0020\" data-image-description=\"\" data-medium-file=\"https:\/\/i0.wp.com\/mincomercionacional.gob.ve\/wp-content\/uploads\/2024\/04\/IMG-20240416-WA0020.jpg?fit=300%2C200&#038;ssl=1\" data-large-file=\"https:\/\/i0.wp.com\/mincomercionacional.gob.ve\/wp-content\/uploads\/2024\/04\/IMG-20240416-WA0020.jpg?fit=1024%2C683&#038;ssl=1\" src=\"https:\/\/i0.wp.com\/mincomercionacional.gob.ve\/wp-content\/uploads\/2024\/04\/IMG-20240416-WA0020.jpg?w=187&#038;h=125&#038;ssl=1\" width=\"187\" height=\"125\" loading=\"lazy\" data-original-width=\"187\" data-original-height=\"125\" itemprop=\"http:\/\/schema.org\/image\" title=\"IMG-20240416-WA0020\" alt=\"IMG-20240416-WA0020\" style=\"width: 187px; height: 125px;\" \/> <\/a> <\/div> <\/div> <!-- close group --> <\/div> <!-- close row --> <div class=\"gallery-row\" style=\"width: 500px; height: 234px;\" data-original-width=\"500\" data-original-height=\"234\" > <div class=\"gallery-group images-2\" style=\"width: 152px; height: 234px;\" data-original-width=\"152\" data-original-height=\"234\" > <div class=\"tiled-gallery-item tiled-gallery-item-small\" itemprop=\"associatedMedia\" itemscope itemtype=\"http:\/\/schema.org\/ImageObject\"> <a href=\"https:\/\/mincomercionacional.gob.ve\/?attachment_id=17022\" border=\"0\" itemprop=\"url\"> <meta itemprop=\"width\" content=\"148\"> <meta itemprop=\"height\" content=\"115\"> <img decoding=\"async\" class=\"\" data-attachment-id=\"17022\" data-orig-file=\"https:\/\/mincomercionacional.gob.ve\/wp-content\/uploads\/2024\/04\/IMG-20240416-WA0031.jpg\" data-orig-size=\"1080,840\" data-comments-opened=\"\" data-image-meta=\"{&quot;aperture&quot;:&quot;0&quot;,&quot;credit&quot;:&quot;&quot;,&quot;camera&quot;:&quot;&quot;,&quot;caption&quot;:&quot;&quot;,&quot;created_timestamp&quot;:&quot;0&quot;,&quot;copyright&quot;:&quot;&quot;,&quot;focal_length&quot;:&quot;0&quot;,&quot;iso&quot;:&quot;0&quot;,&quot;shutter_speed&quot;:&quot;0&quot;,&quot;title&quot;:&quot;&quot;,&quot;orientation&quot;:&quot;0&quot;}\" data-image-title=\"IMG-20240416-WA0031\" data-image-description=\"\" data-medium-file=\"https:\/\/i0.wp.com\/mincomercionacional.gob.ve\/wp-content\/uploads\/2024\/04\/IMG-20240416-WA0031.jpg?fit=300%2C233&#038;ssl=1\" data-large-file=\"https:\/\/i0.wp.com\/mincomercionacional.gob.ve\/wp-content\/uploads\/2024\/04\/IMG-20240416-WA0031.jpg?fit=1024%2C796&#038;ssl=1\" src=\"https:\/\/i0.wp.com\/mincomercionacional.gob.ve\/wp-content\/uploads\/2024\/04\/IMG-20240416-WA0031.jpg?w=148&#038;h=115&#038;ssl=1\" width=\"148\" height=\"115\" loading=\"lazy\" data-original-width=\"148\" data-original-height=\"115\" itemprop=\"http:\/\/schema.org\/image\" title=\"IMG-20240416-WA0031\" alt=\"IMG-20240416-WA0031\" style=\"width: 148px; height: 115px;\" \/> <\/a> <\/div> <div class=\"tiled-gallery-item tiled-gallery-item-small\" itemprop=\"associatedMedia\" itemscope itemtype=\"http:\/\/schema.org\/ImageObject\"> <a href=\"https:\/\/mincomercionacional.gob.ve\/?attachment_id=17018\" border=\"0\" itemprop=\"url\"> <meta itemprop=\"width\" content=\"148\"> <meta itemprop=\"height\" content=\"111\"> <img decoding=\"async\" class=\"\" data-attachment-id=\"17018\" data-orig-file=\"https:\/\/mincomercionacional.gob.ve\/wp-content\/uploads\/2024\/04\/e5c75ca9-5603-4149-8dd3-5be9835d3592.jpg\" data-orig-size=\"1080,810\" data-comments-opened=\"\" data-image-meta=\"{&quot;aperture&quot;:&quot;0&quot;,&quot;credit&quot;:&quot;&quot;,&quot;camera&quot;:&quot;&quot;,&quot;caption&quot;:&quot;&quot;,&quot;created_timestamp&quot;:&quot;0&quot;,&quot;copyright&quot;:&quot;&quot;,&quot;focal_length&quot;:&quot;0&quot;,&quot;iso&quot;:&quot;0&quot;,&quot;shutter_speed&quot;:&quot;0&quot;,&quot;title&quot;:&quot;&quot;,&quot;orientation&quot;:&quot;0&quot;}\" data-image-title=\"e5c75ca9-5603-4149-8dd3-5be9835d3592\" data-image-description=\"\" data-medium-file=\"https:\/\/i0.wp.com\/mincomercionacional.gob.ve\/wp-content\/uploads\/2024\/04\/e5c75ca9-5603-4149-8dd3-5be9835d3592.jpg?fit=300%2C225&#038;ssl=1\" data-large-file=\"https:\/\/i0.wp.com\/mincomercionacional.gob.ve\/wp-content\/uploads\/2024\/04\/e5c75ca9-5603-4149-8dd3-5be9835d3592.jpg?fit=1024%2C768&#038;ssl=1\" src=\"https:\/\/i0.wp.com\/mincomercionacional.gob.ve\/wp-content\/uploads\/2024\/04\/e5c75ca9-5603-4149-8dd3-5be9835d3592.jpg?w=148&#038;h=111&#038;ssl=1\" width=\"148\" height=\"111\" loading=\"lazy\" data-original-width=\"148\" data-original-height=\"111\" itemprop=\"http:\/\/schema.org\/image\" title=\"e5c75ca9-5603-4149-8dd3-5be9835d3592\" alt=\"e5c75ca9-5603-4149-8dd3-5be9835d3592\" style=\"width: 148px; height: 111px;\" \/> <\/a> <\/div> <\/div> <!-- close group --> <div class=\"gallery-group images-1\" style=\"width: 348px; height: 234px;\" data-original-width=\"348\" data-original-height=\"234\" > <div class=\"tiled-gallery-item tiled-gallery-item-large\" itemprop=\"associatedMedia\" itemscope itemtype=\"http:\/\/schema.org\/ImageObject\"> <a href=\"https:\/\/mincomercionacional.gob.ve\/?attachment_id=17025\" border=\"0\" itemprop=\"url\"> <meta itemprop=\"width\" content=\"344\"> <meta itemprop=\"height\" content=\"230\"> <img decoding=\"async\" class=\"\" data-attachment-id=\"17025\" data-orig-file=\"https:\/\/mincomercionacional.gob.ve\/wp-content\/uploads\/2024\/04\/IMG-20240416-WA0019.jpg\" data-orig-size=\"1080,720\" data-comments-opened=\"\" data-image-meta=\"{&quot;aperture&quot;:&quot;0&quot;,&quot;credit&quot;:&quot;&quot;,&quot;camera&quot;:&quot;&quot;,&quot;caption&quot;:&quot;&quot;,&quot;created_timestamp&quot;:&quot;0&quot;,&quot;copyright&quot;:&quot;&quot;,&quot;focal_length&quot;:&quot;0&quot;,&quot;iso&quot;:&quot;0&quot;,&quot;shutter_speed&quot;:&quot;0&quot;,&quot;title&quot;:&quot;&quot;,&quot;orientation&quot;:&quot;0&quot;}\" data-image-title=\"IMG-20240416-WA0019\" data-image-description=\"\" data-medium-file=\"https:\/\/i0.wp.com\/mincomercionacional.gob.ve\/wp-content\/uploads\/2024\/04\/IMG-20240416-WA0019.jpg?fit=300%2C200&#038;ssl=1\" data-large-file=\"https:\/\/i0.wp.com\/mincomercionacional.gob.ve\/wp-content\/uploads\/2024\/04\/IMG-20240416-WA0019.jpg?fit=1024%2C683&#038;ssl=1\" src=\"https:\/\/i0.wp.com\/mincomercionacional.gob.ve\/wp-content\/uploads\/2024\/04\/IMG-20240416-WA0019.jpg?w=344&#038;h=230&#038;ssl=1\" width=\"344\" height=\"230\" loading=\"lazy\" data-original-width=\"344\" data-original-height=\"230\" itemprop=\"http:\/\/schema.org\/image\" title=\"IMG-20240416-WA0019\" alt=\"IMG-20240416-WA0019\" style=\"width: 344px; height: 230px;\" \/> <\/a> <\/div> <\/div> <!-- close group --> <\/div> <!-- close row --> <\/div>\n","protected":false},"excerpt":{"rendered":"<p>Con la consigna \u201cBiden levanta el bloqueo ya\u201d, la vicepresidenta Ejecutiva de la Rep\u00fablica Bolivariana de Venezuela, Delcy Rodr\u00edguez, inici\u00f3 su participaci\u00f3n en el Consejo Nacional de Econom\u00eda Productiva, Cap\u00edtulo Regi\u00f3n Central, efectuada en el estado Carabobo; actividad en la que se recogieron las propuestas de los sectores productivos y empresariales de las jurisdicciones Aragua, &hellip;<\/p>\n","protected":false},"author":21,"featured_media":17027,"comment_status":"closed","ping_status":"open","sticky":false,"template":"","format":"standard","meta":{"footnotes":""},"categories":[1257],"tags":[1550,46,1412,39,1551],"class_list":["post-17010","post","type-post","status-publish","format-standard","has-post-thumbnail","hentry","category-vp","tag-bloqueo-nacional","tag-comercio-nacional","tag-motores-economicos","tag-venezuela","tag-vicepresidenta-ejecutiva"],"jetpack_featured_media_url":"https:\/\/i0.wp.com\/mincomercionacional.gob.ve\/wp-content\/uploads\/2024\/04\/IMG-20240416-WA0029.jpg?fit=1080%2C720&ssl=1","jetpack_shortlink":"https:\/\/wp.me\/pbvjg9-4qm","_links":{"self":[{"href":"https:\/\/mincomercionacional.gob.ve\/index.php?rest_route=\/wp\/v2\/posts\/17010","targetHints":{"allow":["GET"]}}],"collection":[{"href":"https:\/\/mincomercionacional.gob.ve\/index.php?rest_route=\/wp\/v2\/posts"}],"about":[{"href":"https:\/\/mincomercionacional.gob.ve\/index.php?rest_route=\/wp\/v2\/types\/post"}],"author":[{"embeddable":true,"href":"https:\/\/mincomercionacional.gob.ve\/index.php?rest_route=\/wp\/v2\/users\/21"}],"replies":[{"embeddable":true,"href":"https:\/\/mincomercionacional.gob.ve\/index.php?rest_route=%2Fwp%2Fv2%2Fcomments&post=17010"}],"version-history":[{"count":7,"href":"https:\/\/mincomercionacional.gob.ve\/index.php?rest_route=\/wp\/v2\/posts\/17010\/revisions"}],"predecessor-version":[{"id":17026,"href":"https:\/\/mincomercionacional.gob.ve\/index.php?rest_route=\/wp\/v2\/posts\/17010\/revisions\/17026"}],"wp:featuredmedia":[{"embeddable":true,"href":"https:\/\/mincomercionacional.gob.ve\/index.php?rest_route=\/wp\/v2\/media\/17027"}],"wp:attachment":[{"href":"https:\/\/mincomercionacional.gob.ve\/index.php?rest_route=%2Fwp%2Fv2%2Fmedia&parent=17010"}],"wp:term":[{"taxonomy":"category","embeddable":true,"href":"https:\/\/mincomercionacional.gob.ve\/index.php?rest_route=%2Fwp%2Fv2%2Fcategories&post=17010"},{"taxonomy":"post_tag","embeddable":true,"href":"https:\/\/mincomercionacional.gob.ve\/index.php?rest_route=%2Fwp%2Fv2%2Ftags&post=17010"}],"curies":[{"name":"wp","href":"https:\/\/api.w.org\/{rel}","templated":true}]}}