{"id":16920,"date":"2024-04-09T22:10:01","date_gmt":"2024-04-10T02:10:01","guid":{"rendered":"https:\/\/mincomercionacional.gob.ve\/?p=16920"},"modified":"2024-04-09T22:10:01","modified_gmt":"2024-04-10T02:10:01","slug":"venezuela-y-colombia-refuerzan-lazos-de-hermandad-para-fortalecer-la-integracion-bilateral","status":"publish","type":"post","link":"https:\/\/mincomercionacional.gob.ve\/?p=16920","title":{"rendered":"Venezuela y Colombia refuerzan lazos de hermandad para fortalecer la integraci\u00f3n bilateral"},"content":{"rendered":"<p style=\"text-align: justify;\">Los presidentes de Venezuela, Nicol\u00e1s Maduro, y de Colombia, Gustavo Petro, se reunieron este martes en el Palacio de Miraflores, en Caracas, para discutir la integraci\u00f3n bilateral y otros temas de inter\u00e9s com\u00fan.<\/p>\n<p style=\"text-align: justify;\">Ambos mandatarios coincidieron en la importancia de avanzar en la integraci\u00f3n bajo los principios de cooperaci\u00f3n, hermandad y entendimiento. Acordaron fortalecer la cooperaci\u00f3n en \u00e1reas estrat\u00e9gicas como el transporte, el comercio, la econom\u00eda, la energ\u00eda alternativa y tradicional, y las inversiones conjuntas.<\/p>\n<p style=\"text-align: justify;\">El presidente Maduro se\u00f1al\u00f3 que se revisaron las nuevas oportunidades de cooperaci\u00f3n en estas \u00e1reas y se definieron los pr\u00f3ximos pasos para avanzar en la integraci\u00f3n. Indic\u00f3, adem\u00e1s, que ambos pa\u00edses comparten una posici\u00f3n com\u00fan sobre los conflictos en el continente y la necesidad de preservar la paz en la regi\u00f3n.<br \/>\nEl mandatario venezolano asever\u00f3 que \u201cVenezuela siempre estar\u00e1 lista, dispuesta y a la orden de usted, de ustedes, para ayudar m\u00e1s all\u00e1 de lo que se pueda a construir la paz de Colombia\u201d. \u201cLa paz de Colombia es la paz de Venezuela; y tambi\u00e9n la paz y la estabilidad de Venezuela en lo pol\u00edtico, econ\u00f3mico y social, es la tranquilidad y la paz de Colombia, pueblos que nos tenemos que ver con una mirada de cooperaci\u00f3n, de hermandad y entendimiento\u201d, reiter\u00f3.<\/p>\n<p style=\"text-align: justify;\">El presidente Petro, por su parte, reiter\u00f3 el compromiso de Colombia con la paz y la estabilidad en Venezuela. Agreg\u00f3 que ambos pa\u00edses deben trabajar juntos para lograr el bienestar de sus ciudadanos.<\/p>\n","protected":false},"excerpt":{"rendered":"<p>Los presidentes de Venezuela, Nicol\u00e1s Maduro, y de Colombia, Gustavo Petro, se reunieron este martes en el Palacio de Miraflores, en Caracas, para discutir la integraci\u00f3n bilateral y otros temas de inter\u00e9s com\u00fan. Ambos mandatarios coincidieron en la importancia de avanzar en la integraci\u00f3n bajo los principios de cooperaci\u00f3n, hermandad y entendimiento. Acordaron fortalecer la &hellip;<\/p>\n","protected":false},"author":23,"featured_media":16921,"comment_status":"closed","ping_status":"open","sticky":false,"template":"","format":"standard","meta":{"footnotes":""},"categories":[1253],"tags":[1223,87,61,1526,1527,1274,1254,1525,39],"class_list":["post-16920","post","type-post","status-publish","format-standard","has-post-thumbnail","hentry","category-prensa-presidencial","tag-colombia","tag-comercio","tag-economia","tag-energia","tag-integracion","tag-maduro","tag-paz","tag-petro","tag-venezuela"],"jetpack_featured_media_url":"https:\/\/i0.wp.com\/mincomercionacional.gob.ve\/wp-content\/uploads\/2024\/04\/GKwX94-XgAAEzIz.png?fit=810%2C540&ssl=1","jetpack_shortlink":"https:\/\/wp.me\/pbvjg9-4oU","_links":{"self":[{"href":"https:\/\/mincomercionacional.gob.ve\/index.php?rest_route=\/wp\/v2\/posts\/16920","targetHints":{"allow":["GET"]}}],"collection":[{"href":"https:\/\/mincomercionacional.gob.ve\/index.php?rest_route=\/wp\/v2\/posts"}],"about":[{"href":"https:\/\/mincomercionacional.gob.ve\/index.php?rest_route=\/wp\/v2\/types\/post"}],"author":[{"embeddable":true,"href":"https:\/\/mincomercionacional.gob.ve\/index.php?rest_route=\/wp\/v2\/users\/23"}],"replies":[{"embeddable":true,"href":"https:\/\/mincomercionacional.gob.ve\/index.php?rest_route=%2Fwp%2Fv2%2Fcomments&post=16920"}],"version-history":[{"count":1,"href":"https:\/\/mincomercionacional.gob.ve\/index.php?rest_route=\/wp\/v2\/posts\/16920\/revisions"}],"predecessor-version":[{"id":16922,"href":"https:\/\/mincomercionacional.gob.ve\/index.php?rest_route=\/wp\/v2\/posts\/16920\/revisions\/16922"}],"wp:featuredmedia":[{"embeddable":true,"href":"https:\/\/mincomercionacional.gob.ve\/index.php?rest_route=\/wp\/v2\/media\/16921"}],"wp:attachment":[{"href":"https:\/\/mincomercionacional.gob.ve\/index.php?rest_route=%2Fwp%2Fv2%2Fmedia&parent=16920"}],"wp:term":[{"taxonomy":"category","embeddable":true,"href":"https:\/\/mincomercionacional.gob.ve\/index.php?rest_route=%2Fwp%2Fv2%2Fcategories&post=16920"},{"taxonomy":"post_tag","embeddable":true,"href":"https:\/\/mincomercionacional.gob.ve\/index.php?rest_route=%2Fwp%2Fv2%2Ftags&post=16920"}],"curies":[{"name":"wp","href":"https:\/\/api.w.org\/{rel}","templated":true}]}}