{"id":16871,"date":"2024-04-08T10:27:55","date_gmt":"2024-04-08T14:27:55","guid":{"rendered":"https:\/\/mincomercionacional.gob.ve\/?p=16871"},"modified":"2024-04-08T10:27:55","modified_gmt":"2024-04-08T14:27:55","slug":"vicepresidenta-ejecutiva-venezuela-demuestra-que-es-la-unica-con-titulo-sobre-el-territorio-de-la-guayana-esequiba","status":"publish","type":"post","link":"https:\/\/mincomercionacional.gob.ve\/?p=16871","title":{"rendered":"Vicepresidenta Ejecutiva: Venezuela demuestra que es la \u00fanica con t\u00edtulo sobre el territorio de la Guayana Esequiba"},"content":{"rendered":"<p style=\"text-align: justify;\">La vicepresidenta Ejecutiva de la Rep\u00fablica, Delcy Rodr\u00edguez, consign\u00f3 este lunes ante la Corte Internacional de Justicia (CIJ), en La Haya, Pa\u00edses Bajos, el documento en el que est\u00e1 plasmado la verdad hist\u00f3rica y las evidencias que demuestran que Venezuela es la \u00fanica con t\u00edtulo sobre el territorio de la Guayana Esequiba.<\/p>\n<p style=\"text-align: justify;\">\u00abEl laudo criminal de 1899 fue un fraude. Venezuela nunca ha consentido la jurisdicci\u00f3n de la Corte para esta controversia territorial; el \u00fanico instrumento v\u00e1lido es el Acuerdo de Ginebra de 1966 y as\u00ed est\u00e1 demostrado. \u00a1Venceremos!\u00bb, asever\u00f3 la alta funcionaria del Estado venezolano.<\/p>\n<div class=\"tiled-gallery type-rectangular tiled-gallery-unresized\" data-original-width=\"500\" data-carousel-extra='{&quot;blog_id&quot;:1,&quot;permalink&quot;:&quot;https:\\\/\\\/mincomercionacional.gob.ve\\\/?p=16871&quot;,&quot;likes_blog_id&quot;:170001901}' itemscope itemtype=\"http:\/\/schema.org\/ImageGallery\" > <div class=\"gallery-row\" style=\"width: 500px; height: 224px;\" data-original-width=\"500\" data-original-height=\"224\" > <div class=\"gallery-group images-1\" style=\"width: 334px; height: 224px;\" data-original-width=\"334\" data-original-height=\"224\" > <div class=\"tiled-gallery-item tiled-gallery-item-large\" itemprop=\"associatedMedia\" itemscope itemtype=\"http:\/\/schema.org\/ImageObject\"> <a href=\"https:\/\/mincomercionacional.gob.ve\/?attachment_id=16875\" border=\"0\" itemprop=\"url\"> <meta itemprop=\"width\" content=\"330\"> <meta itemprop=\"height\" content=\"220\"> <img decoding=\"async\" class=\"\" data-attachment-id=\"16875\" data-orig-file=\"https:\/\/mincomercionacional.gob.ve\/wp-content\/uploads\/2024\/04\/msg-1001246484941-41163.jpg\" data-orig-size=\"1280,853\" data-comments-opened=\"\" data-image-meta=\"{&quot;aperture&quot;:&quot;0&quot;,&quot;credit&quot;:&quot;&quot;,&quot;camera&quot;:&quot;&quot;,&quot;caption&quot;:&quot;&quot;,&quot;created_timestamp&quot;:&quot;0&quot;,&quot;copyright&quot;:&quot;&quot;,&quot;focal_length&quot;:&quot;0&quot;,&quot;iso&quot;:&quot;0&quot;,&quot;shutter_speed&quot;:&quot;0&quot;,&quot;title&quot;:&quot;&quot;,&quot;orientation&quot;:&quot;0&quot;}\" data-image-title=\"msg-1001246484941-41163\" data-image-description=\"\" data-medium-file=\"https:\/\/i0.wp.com\/mincomercionacional.gob.ve\/wp-content\/uploads\/2024\/04\/msg-1001246484941-41163.jpg?fit=300%2C200&#038;ssl=1\" data-large-file=\"https:\/\/i0.wp.com\/mincomercionacional.gob.ve\/wp-content\/uploads\/2024\/04\/msg-1001246484941-41163.jpg?fit=1024%2C682&#038;ssl=1\" src=\"https:\/\/i0.wp.com\/mincomercionacional.gob.ve\/wp-content\/uploads\/2024\/04\/msg-1001246484941-41163.jpg?w=330&#038;h=220&#038;ssl=1\" width=\"330\" height=\"220\" loading=\"lazy\" data-original-width=\"330\" data-original-height=\"220\" itemprop=\"http:\/\/schema.org\/image\" title=\"msg-1001246484941-41163\" alt=\"msg-1001246484941-41163\" style=\"width: 330px; height: 220px;\" \/> <\/a> <\/div> <\/div> <!-- close group --> <div class=\"gallery-group images-2\" style=\"width: 166px; height: 224px;\" data-original-width=\"166\" data-original-height=\"224\" > <div class=\"tiled-gallery-item tiled-gallery-item-small\" itemprop=\"associatedMedia\" itemscope itemtype=\"http:\/\/schema.org\/ImageObject\"> <a href=\"https:\/\/mincomercionacional.gob.ve\/?attachment_id=16873\" border=\"0\" itemprop=\"url\"> <meta itemprop=\"width\" content=\"162\"> <meta itemprop=\"height\" content=\"108\"> <img decoding=\"async\" class=\"\" data-attachment-id=\"16873\" data-orig-file=\"https:\/\/mincomercionacional.gob.ve\/wp-content\/uploads\/2024\/04\/msg-1001246484941-41160.jpg\" data-orig-size=\"1280,853\" data-comments-opened=\"\" data-image-meta=\"{&quot;aperture&quot;:&quot;0&quot;,&quot;credit&quot;:&quot;&quot;,&quot;camera&quot;:&quot;&quot;,&quot;caption&quot;:&quot;&quot;,&quot;created_timestamp&quot;:&quot;0&quot;,&quot;copyright&quot;:&quot;&quot;,&quot;focal_length&quot;:&quot;0&quot;,&quot;iso&quot;:&quot;0&quot;,&quot;shutter_speed&quot;:&quot;0&quot;,&quot;title&quot;:&quot;&quot;,&quot;orientation&quot;:&quot;0&quot;}\" data-image-title=\"msg-1001246484941-41160\" data-image-description=\"\" data-medium-file=\"https:\/\/i0.wp.com\/mincomercionacional.gob.ve\/wp-content\/uploads\/2024\/04\/msg-1001246484941-41160.jpg?fit=300%2C200&#038;ssl=1\" data-large-file=\"https:\/\/i0.wp.com\/mincomercionacional.gob.ve\/wp-content\/uploads\/2024\/04\/msg-1001246484941-41160.jpg?fit=1024%2C682&#038;ssl=1\" src=\"https:\/\/i0.wp.com\/mincomercionacional.gob.ve\/wp-content\/uploads\/2024\/04\/msg-1001246484941-41160.jpg?w=162&#038;h=108&#038;ssl=1\" width=\"162\" height=\"108\" loading=\"lazy\" data-original-width=\"162\" data-original-height=\"108\" itemprop=\"http:\/\/schema.org\/image\" title=\"msg-1001246484941-41160\" alt=\"msg-1001246484941-41160\" style=\"width: 162px; height: 108px;\" \/> <\/a> <\/div> <div class=\"tiled-gallery-item tiled-gallery-item-small\" itemprop=\"associatedMedia\" itemscope itemtype=\"http:\/\/schema.org\/ImageObject\"> <a href=\"https:\/\/mincomercionacional.gob.ve\/?attachment_id=16874\" border=\"0\" itemprop=\"url\"> <meta itemprop=\"width\" content=\"162\"> <meta itemprop=\"height\" content=\"108\"> <img decoding=\"async\" class=\"\" data-attachment-id=\"16874\" data-orig-file=\"https:\/\/mincomercionacional.gob.ve\/wp-content\/uploads\/2024\/04\/msg-1001246484941-41161.jpg\" data-orig-size=\"1280,853\" data-comments-opened=\"\" data-image-meta=\"{&quot;aperture&quot;:&quot;0&quot;,&quot;credit&quot;:&quot;&quot;,&quot;camera&quot;:&quot;&quot;,&quot;caption&quot;:&quot;&quot;,&quot;created_timestamp&quot;:&quot;0&quot;,&quot;copyright&quot;:&quot;&quot;,&quot;focal_length&quot;:&quot;0&quot;,&quot;iso&quot;:&quot;0&quot;,&quot;shutter_speed&quot;:&quot;0&quot;,&quot;title&quot;:&quot;&quot;,&quot;orientation&quot;:&quot;0&quot;}\" data-image-title=\"msg-1001246484941-41161\" data-image-description=\"\" data-medium-file=\"https:\/\/i0.wp.com\/mincomercionacional.gob.ve\/wp-content\/uploads\/2024\/04\/msg-1001246484941-41161.jpg?fit=300%2C200&#038;ssl=1\" data-large-file=\"https:\/\/i0.wp.com\/mincomercionacional.gob.ve\/wp-content\/uploads\/2024\/04\/msg-1001246484941-41161.jpg?fit=1024%2C682&#038;ssl=1\" src=\"https:\/\/i0.wp.com\/mincomercionacional.gob.ve\/wp-content\/uploads\/2024\/04\/msg-1001246484941-41161.jpg?w=162&#038;h=108&#038;ssl=1\" width=\"162\" height=\"108\" loading=\"lazy\" data-original-width=\"162\" data-original-height=\"108\" itemprop=\"http:\/\/schema.org\/image\" title=\"msg-1001246484941-41161\" alt=\"msg-1001246484941-41161\" style=\"width: 162px; height: 108px;\" \/> <\/a> <\/div> <\/div> <!-- close group --> <\/div> <!-- close row --> <\/div>\n<p style=\"text-align: justify;\">La vicepresidenta adem\u00e1s destac\u00f3 que en cumplimiento al mandato del pueblo, expresado en el referendo del 3 de diciembre, la Rep\u00fablica Bolivariana de Venezuela present\u00f3 su s\u00f3lida verdad hist\u00f3rica, frente a la pretensi\u00f3n de confiscaci\u00f3n de los derechos que desde su nacimiento le corresponden sobre el territorio de la Guayana Esequiba.<\/p>\n<p style=\"text-align: justify;\">\u201cLa verdad de Venezuela prevalecer\u00e1 frente al despojo territorial cometido a trav\u00e9s de un laudo fraudulento y criminal. Venezuela toda, en uni\u00f3n nacional, recuperar\u00e1 la Guayana Esequiba mediante el Acuerdo de Ginebra. \u00a1Lleg\u00f3 la hora de la verdad!\u201d, puntualiz\u00f3 mediante publicaci\u00f3n en su red social Twitter.<\/p>\n<blockquote class=\"twitter-tweet\" data-media-max-width=\"560\">\n<p dir=\"ltr\" lang=\"es\">La verdad de Venezuela prevalecer\u00e1 frente al despojo territorial cometido a trav\u00e9s de un laudo fraudulento y criminal. Venezuela toda, en uni\u00f3n nacional, recuperar\u00e1 la Guayana Esequiba mediante el Acuerdo de Ginebra. \u00a1Lleg\u00f3 la hora de la verdad! <a href=\"https:\/\/t.co\/4sltmUH0pa\">pic.twitter.com\/4sltmUH0pa<\/a><\/p>\n<p>\u2014 Delcy Rodr\u00edguez (@delcyrodriguezv) <a href=\"https:\/\/twitter.com\/delcyrodriguezv\/status\/1777322723636654419?ref_src=twsrc%5Etfw\">April 8, 2024<\/a><\/p><\/blockquote>\n<p><script async src=\"https:\/\/platform.twitter.com\/widgets.js\" charset=\"utf-8\"><\/script><\/p>\n","protected":false},"excerpt":{"rendered":"<p>La vicepresidenta Ejecutiva de la Rep\u00fablica, Delcy Rodr\u00edguez, consign\u00f3 este lunes ante la Corte Internacional de Justicia (CIJ), en La Haya, Pa\u00edses Bajos, el documento en el que est\u00e1 plasmado la verdad hist\u00f3rica y las evidencias que demuestran que Venezuela es la \u00fanica con t\u00edtulo sobre el territorio de la Guayana Esequiba. \u00abEl laudo criminal &hellip;<\/p>\n","protected":false},"author":21,"featured_media":16876,"comment_status":"closed","ping_status":"open","sticky":false,"template":"","format":"standard","meta":{"footnotes":""},"categories":[1257],"tags":[1507,46,1506,39],"class_list":["post-16871","post","type-post","status-publish","format-standard","has-post-thumbnail","hentry","category-vp","tag-cij","tag-comercio-nacional","tag-guayana-esequiba","tag-venezuela"],"jetpack_featured_media_url":"https:\/\/i0.wp.com\/mincomercionacional.gob.ve\/wp-content\/uploads\/2024\/04\/msg-1001246484941-41167.jpg?fit=1280%2C853&ssl=1","jetpack_shortlink":"https:\/\/wp.me\/pbvjg9-4o7","_links":{"self":[{"href":"https:\/\/mincomercionacional.gob.ve\/index.php?rest_route=\/wp\/v2\/posts\/16871","targetHints":{"allow":["GET"]}}],"collection":[{"href":"https:\/\/mincomercionacional.gob.ve\/index.php?rest_route=\/wp\/v2\/posts"}],"about":[{"href":"https:\/\/mincomercionacional.gob.ve\/index.php?rest_route=\/wp\/v2\/types\/post"}],"author":[{"embeddable":true,"href":"https:\/\/mincomercionacional.gob.ve\/index.php?rest_route=\/wp\/v2\/users\/21"}],"replies":[{"embeddable":true,"href":"https:\/\/mincomercionacional.gob.ve\/index.php?rest_route=%2Fwp%2Fv2%2Fcomments&post=16871"}],"version-history":[{"count":1,"href":"https:\/\/mincomercionacional.gob.ve\/index.php?rest_route=\/wp\/v2\/posts\/16871\/revisions"}],"predecessor-version":[{"id":16877,"href":"https:\/\/mincomercionacional.gob.ve\/index.php?rest_route=\/wp\/v2\/posts\/16871\/revisions\/16877"}],"wp:featuredmedia":[{"embeddable":true,"href":"https:\/\/mincomercionacional.gob.ve\/index.php?rest_route=\/wp\/v2\/media\/16876"}],"wp:attachment":[{"href":"https:\/\/mincomercionacional.gob.ve\/index.php?rest_route=%2Fwp%2Fv2%2Fmedia&parent=16871"}],"wp:term":[{"taxonomy":"category","embeddable":true,"href":"https:\/\/mincomercionacional.gob.ve\/index.php?rest_route=%2Fwp%2Fv2%2Fcategories&post=16871"},{"taxonomy":"post_tag","embeddable":true,"href":"https:\/\/mincomercionacional.gob.ve\/index.php?rest_route=%2Fwp%2Fv2%2Ftags&post=16871"}],"curies":[{"name":"wp","href":"https:\/\/api.w.org\/{rel}","templated":true}]}}