{"id":16799,"date":"2024-04-01T15:55:55","date_gmt":"2024-04-01T19:55:55","guid":{"rendered":"http:\/\/mincomercionacional.gob.ve\/?p=16799"},"modified":"2024-04-02T10:16:59","modified_gmt":"2024-04-02T14:16:59","slug":"movilizacion-de-temporadistas-crecio-1263-con-respecto-a-la-semana-santa-del-ano-anterior","status":"publish","type":"post","link":"https:\/\/mincomercionacional.gob.ve\/?p=16799","title":{"rendered":"Movilizaci\u00f3n de temporadistas creci\u00f3 12,63 % con respecto a la Semana Santa del a\u00f1o anterior"},"content":{"rendered":"<p style=\"text-align: justify;\">En el balance general de la Semana Santa Segura 2024, la vicepresidenta Ejecutiva, Delcy Rodr\u00edguez, inform\u00f3 que la movilizaci\u00f3n de temporadistas durante el asueto de la Semana Mayor se increment\u00f3 en 12.63 por ciento, lo que se traduce en 10.621.606 personas movilizadas en todo el territorio nacional en relaci\u00f3n con el a\u00f1o 2023.<\/p>\n<p style=\"text-align: justify;\">La alta funcionaria destac\u00f3 que la cifra de movilizaci\u00f3n es una muestra de la recuperaci\u00f3n de la actividad econ\u00f3mica, con impacto en el motor turismo.<\/p>\n<p style=\"text-align: justify;\">\u201cHemos visto grandes transacciones comerciales\u00bb, dijo al precisar que La Guaira fue el destino m\u00e1s visitado, con \u00abcasi mill\u00f3n y medio de temporadistas\u201d que visitaron las playas. El segundo estado fue Falc\u00f3n; el tercer estado fue Miranda, seguido de Anzo\u00e1tegui, Aragua, Sucre, Carabobo, Distrito Capital, Bol\u00edvar y Lara, siendo el \u00absol y la playa\u00bb la principal actividad tur\u00edstica en gran parte de la naci\u00f3n.<\/p>\n<p style=\"text-align: justify;\">Detall\u00f3 que la movilizaci\u00f3n de feligreses a los templos fue de m\u00e1s de dos millones de personas. \u201cLa misa del mi\u00e9rcoles, en la Plaza Diego Ibarra, se desbord\u00f3. Se reivindic\u00f3 desde la espiritualidad, la vida de Jesucristo, a quien le pedimos por Venezuela, el mundo, y el pueblo palestino\u201d.<\/p>\n<p style=\"text-align: justify;\">Asimismo, se\u00f1al\u00f3 que la segunda actividad tur\u00edstica y recreativa fue el encuentro con la naturaleza, que registr\u00f3 65 por ciento de incremento. \u00abEntre los parques m\u00e1s visitados, est\u00e1 el Francisco de Miranda con 27,7 por ciento, de crecimiento de visitas\u00bb; el Zool\u00f3gico de Caricuao, Waraira Repano, Al\u00ed Primera y Ana Mar\u00eda Campos, este \u00faltimo recientemente inaugurado; entre otros como Morrocoy y Mochima.<\/p>\n<p style=\"text-align: justify;\">Sobre la ocupaci\u00f3n hotelera, la vicepresidenta detall\u00f3 que esta tuvo un promedio de ocupaci\u00f3n del 93 por ciento, en todo el pa\u00eds. \u201cMorrocoy, Puerto Cabello, Los Roques, Mochima, Colonia Tovar, con el 100 por ciento de ocupaci\u00f3n\u201d. Mientras, en Lecher\u00eda y La Guaira se registr\u00f3 98 por ciento; Margarita e Higuerote 97 por ciento, Ocumare de la Costa 96 por ciento, Canaima 95 por ciento, M\u00e9rida 65 por ciento, Puerto la Cruz 71 por ciento\u201d.<\/p>\n<p style=\"text-align: justify;\">\u201cEso es reactivaci\u00f3n de la actividad econ\u00f3mica, espec\u00edficamente del motor turismo que se vio muy bien impactado por la movilizaci\u00f3n del pueblo venezolano\u201d, reiter\u00f3 Rodr\u00edguez.<\/p>\n<p style=\"text-align: justify;\">La vicepresidenta resalt\u00f3 las distintas actividades desplegadas en los 23 estados del pa\u00eds y Caracas como el Mostacho Fest, siendo atendidos 3 millones 928 mil 598 de j\u00f3venes.<\/p>\n<p style=\"text-align: justify;\">Por otro lado, Rodr\u00edguez destac\u00f3 que en lo que va de 2024, \u00abel crecimiento de la actividad comercial, a trav\u00e9s de los puntos de venta, ha crecido 38 por ciento\u00bb en relaci\u00f3n con el a\u00f1o anterior.<\/p>\n<p style=\"text-align: justify;\">\u00abEn el a\u00f1o 2023, se hicieron 16 millones 451 mil 618 transacciones en puntos de venta. En el a\u00f1o 2024, 22 millones 667 mil 394 transacciones electr\u00f3nicas, es decir, un incremento del 38 por ciento\u00bb, relat\u00f3.<\/p>\n<p style=\"text-align: justify;\">Finalmente, resalt\u00f3 el buen comportamiento de todos los venezolanos durante su movilizaci\u00f3n por el territorio nacional. \u201cEstamos expresando que el pueblo venezolano no se rinde, no se suma a las agendas de extremismo, de aquellos que buscan perturbar. El extremismo busca perturbar las fiestas, la actividad econ\u00f3mica, agredir la econom\u00eda, pidiendo m\u00e1s bloqueo, cuando vemos estos n\u00fameros, lo que est\u00e1 detr\u00e1s de estos n\u00fameros es el esfuerzo de venezolanos\u201d.<\/p>\n","protected":false},"excerpt":{"rendered":"<p>En el balance general de la Semana Santa Segura 2024, la vicepresidenta Ejecutiva, Delcy Rodr\u00edguez, inform\u00f3 que la movilizaci\u00f3n de temporadistas durante el asueto de la Semana Mayor se increment\u00f3 en 12.63 por ciento, lo que se traduce en 10.621.606 personas movilizadas en todo el territorio nacional en relaci\u00f3n con el a\u00f1o 2023. La alta &hellip;<\/p>\n","protected":false},"author":21,"featured_media":16800,"comment_status":"closed","ping_status":"open","sticky":false,"template":"","format":"standard","meta":{"footnotes":""},"categories":[1257],"tags":[61,1491,1490,1449],"class_list":["post-16799","post","type-post","status-publish","format-standard","has-post-thumbnail","hentry","category-vp","tag-economia","tag-semana-santa-2024","tag-temporadista","tag-vicepresidenta-ejecutiva-delcy-rodriguez"],"jetpack_featured_media_url":"https:\/\/i0.wp.com\/mincomercionacional.gob.ve\/wp-content\/uploads\/2024\/04\/GKGi-shX0AAA0oL.jpg?fit=768%2C432&ssl=1","jetpack_shortlink":"https:\/\/wp.me\/pbvjg9-4mX","_links":{"self":[{"href":"https:\/\/mincomercionacional.gob.ve\/index.php?rest_route=\/wp\/v2\/posts\/16799","targetHints":{"allow":["GET"]}}],"collection":[{"href":"https:\/\/mincomercionacional.gob.ve\/index.php?rest_route=\/wp\/v2\/posts"}],"about":[{"href":"https:\/\/mincomercionacional.gob.ve\/index.php?rest_route=\/wp\/v2\/types\/post"}],"author":[{"embeddable":true,"href":"https:\/\/mincomercionacional.gob.ve\/index.php?rest_route=\/wp\/v2\/users\/21"}],"replies":[{"embeddable":true,"href":"https:\/\/mincomercionacional.gob.ve\/index.php?rest_route=%2Fwp%2Fv2%2Fcomments&post=16799"}],"version-history":[{"count":1,"href":"https:\/\/mincomercionacional.gob.ve\/index.php?rest_route=\/wp\/v2\/posts\/16799\/revisions"}],"predecessor-version":[{"id":16801,"href":"https:\/\/mincomercionacional.gob.ve\/index.php?rest_route=\/wp\/v2\/posts\/16799\/revisions\/16801"}],"wp:featuredmedia":[{"embeddable":true,"href":"https:\/\/mincomercionacional.gob.ve\/index.php?rest_route=\/wp\/v2\/media\/16800"}],"wp:attachment":[{"href":"https:\/\/mincomercionacional.gob.ve\/index.php?rest_route=%2Fwp%2Fv2%2Fmedia&parent=16799"}],"wp:term":[{"taxonomy":"category","embeddable":true,"href":"https:\/\/mincomercionacional.gob.ve\/index.php?rest_route=%2Fwp%2Fv2%2Fcategories&post=16799"},{"taxonomy":"post_tag","embeddable":true,"href":"https:\/\/mincomercionacional.gob.ve\/index.php?rest_route=%2Fwp%2Fv2%2Ftags&post=16799"}],"curies":[{"name":"wp","href":"https:\/\/api.w.org\/{rel}","templated":true}]}}