{"id":16789,"date":"2024-04-01T12:55:06","date_gmt":"2024-04-01T16:55:06","guid":{"rendered":"http:\/\/mincomercionacional.gob.ve\/?p=16789"},"modified":"2024-04-01T12:55:06","modified_gmt":"2024-04-01T16:55:06","slug":"presidente-nicolas-maduro-asegura-que-esta-lleno-de-energia-para-seguir-trabajando-por-la-patria","status":"publish","type":"post","link":"https:\/\/mincomercionacional.gob.ve\/?p=16789","title":{"rendered":"Presidente Nicol\u00e1s Maduro asegura que est\u00e1 lleno de energ\u00eda para seguir trabajando por la patria"},"content":{"rendered":"<p style=\"text-align: justify;\">\u00abIniciamos abril renovados en nuestra fe y llenos de energ\u00eda para continuar trabajando por la patria\u00bb, destac\u00f3 este lunes el jefe de Estado, Nicol\u00e1s Maduro en un mensaje publicado en sus redes sociales a prop\u00f3sito de invitar al pueblo a una nueva edici\u00f3n de su programa Con Maduro +.<\/p>\n<p style=\"text-align: justify;\">El presidente de la Rep\u00fablica Bolivariana de Venezuela, extendi\u00f3 una cordial invitaci\u00f3n al pueblo venezolano para que sintonicen, como cada lunes, la edici\u00f3n N\u00b0 39 del programa Con Maduro + a las 7:00 p. m., hora de Venezuela, el cual tendr\u00e1 como uno de los temas principales un balance sobre el dispositivo Semana Santa Segura 2024.<\/p>\n<p style=\"text-align: justify;\">Con Maduro + se consolida como una fuente invaluable de informaci\u00f3n que fomenta el di\u00e1logo y la participaci\u00f3n ciudadana, y es transmitido por Venezolana de Televisi\u00f3n (VTV) y las diversas plataformas digitales del mandatario nacional, con la finalidad de romper la censura y el bloqueo de la medi\u00e1tica y mostrar los logros que lleva adelante el Gobierno Bolivariano.<\/p>\n<p>&nbsp;<\/p>\n<blockquote class=\"twitter-tweet\">\n<p dir=\"ltr\" lang=\"es\">Iniciamos abril renovados en nuestra fe y llenos de energ\u00eda para continuar trabajando por la Patria. Agradezco a todos los cuerpos de seguridad del dispositivo Semana Santa Segura 2024, por tan excelente labor&#8230; Nos vemos en \u00abCon Maduro +\u00bb, hoy a las 7:00 PM.<\/p>\n<p>\u2014 Nicol\u00e1s Maduro (@NicolasMaduro) <a href=\"https:\/\/twitter.com\/NicolasMaduro\/status\/1774778600325034289?ref_src=twsrc%5Etfw\">April 1, 2024<\/a><\/p><\/blockquote>\n<p><script async src=\"https:\/\/platform.twitter.com\/widgets.js\" charset=\"utf-8\"><\/script><\/p>\n","protected":false},"excerpt":{"rendered":"<p>\u00abIniciamos abril renovados en nuestra fe y llenos de energ\u00eda para continuar trabajando por la patria\u00bb, destac\u00f3 este lunes el jefe de Estado, Nicol\u00e1s Maduro en un mensaje publicado en sus redes sociales a prop\u00f3sito de invitar al pueblo a una nueva edici\u00f3n de su programa Con Maduro +. El presidente de la Rep\u00fablica Bolivariana &hellip;<\/p>\n","protected":false},"author":5,"featured_media":16793,"comment_status":"closed","ping_status":"open","sticky":false,"template":"","format":"standard","meta":{"footnotes":""},"categories":[1,1253],"tags":[1488,1291,1489,1390,432],"class_list":["post-16789","post","type-post","status-publish","format-standard","has-post-thumbnail","hentry","category-prensa","category-prensa-presidencial","tag-abril","tag-con-maduro","tag-fe","tag-patria","tag-programa"],"jetpack_featured_media_url":"https:\/\/i0.wp.com\/mincomercionacional.gob.ve\/wp-content\/uploads\/2024\/04\/presidente-nicolas-maduro-saludo-pronunciamiento-de-fedecamaras-sobre-cese-de-sanciones-130433-540x304-1.jpg?fit=540%2C304&ssl=1","jetpack_shortlink":"https:\/\/wp.me\/pbvjg9-4mN","_links":{"self":[{"href":"https:\/\/mincomercionacional.gob.ve\/index.php?rest_route=\/wp\/v2\/posts\/16789","targetHints":{"allow":["GET"]}}],"collection":[{"href":"https:\/\/mincomercionacional.gob.ve\/index.php?rest_route=\/wp\/v2\/posts"}],"about":[{"href":"https:\/\/mincomercionacional.gob.ve\/index.php?rest_route=\/wp\/v2\/types\/post"}],"author":[{"embeddable":true,"href":"https:\/\/mincomercionacional.gob.ve\/index.php?rest_route=\/wp\/v2\/users\/5"}],"replies":[{"embeddable":true,"href":"https:\/\/mincomercionacional.gob.ve\/index.php?rest_route=%2Fwp%2Fv2%2Fcomments&post=16789"}],"version-history":[{"count":3,"href":"https:\/\/mincomercionacional.gob.ve\/index.php?rest_route=\/wp\/v2\/posts\/16789\/revisions"}],"predecessor-version":[{"id":16794,"href":"https:\/\/mincomercionacional.gob.ve\/index.php?rest_route=\/wp\/v2\/posts\/16789\/revisions\/16794"}],"wp:featuredmedia":[{"embeddable":true,"href":"https:\/\/mincomercionacional.gob.ve\/index.php?rest_route=\/wp\/v2\/media\/16793"}],"wp:attachment":[{"href":"https:\/\/mincomercionacional.gob.ve\/index.php?rest_route=%2Fwp%2Fv2%2Fmedia&parent=16789"}],"wp:term":[{"taxonomy":"category","embeddable":true,"href":"https:\/\/mincomercionacional.gob.ve\/index.php?rest_route=%2Fwp%2Fv2%2Fcategories&post=16789"},{"taxonomy":"post_tag","embeddable":true,"href":"https:\/\/mincomercionacional.gob.ve\/index.php?rest_route=%2Fwp%2Fv2%2Ftags&post=16789"}],"curies":[{"name":"wp","href":"https:\/\/api.w.org\/{rel}","templated":true}]}}