{"id":16777,"date":"2024-03-31T20:42:11","date_gmt":"2024-04-01T00:42:11","guid":{"rendered":"http:\/\/mincomercionacional.gob.ve\/?p=16777"},"modified":"2024-03-31T20:43:14","modified_gmt":"2024-04-01T00:43:14","slug":"ministerio-de-comercio-garantiza-precios-justos-y-calidad-en-mercados-municipales-de-caracas","status":"publish","type":"post","link":"https:\/\/mincomercionacional.gob.ve\/?p=16777","title":{"rendered":"Ministerio de Comercio garantiza precios justos y calidad en mercados municipales de Caracas"},"content":{"rendered":"<p style=\"text-align: justify;\">En el marco del Plan de Despliegue Regional Semana Santa Segura 2024, el Ministerio del Poder Popular de Comercio Nacional, por instrucci\u00f3n del presidente Nicol\u00e1s Maduro, y del ministro de esta carrera, Luis Villegas, llev\u00f3 a cabo una jornada de inspecci\u00f3n en el Mercado Municipal de Quinta Crespo, y el Mercado Municipal Antonio Jose de Sucre, ubicados en Caracas, Distrito Capital.<\/p>\n<p style=\"text-align: justify;\">La jornada de este domingo 31 de marzo cont\u00f3 con la participaci\u00f3n de 20 funcionarios pertenecientes a la Superintendencia Nacional para la Defensa de los Derechos Socioecon\u00f3micos (Sundde) y 5 al Servicio Aut\u00f3nomo Nacional de Normalizaci\u00f3n, Calidad, Metrolog\u00eda y Reglamentos T\u00e9cnicos (Sencamer).<\/p>\n<p style=\"text-align: justify;\">El objetivo principal de esta iniciativa fue garantizar un comercio sano, precios justos y el acceso a bienes y servicios de alta calidad para los habitantes de la ciudad capital.<\/p>\n<p style=\"text-align: justify;\">En el operativo estuvieron presentes el viceministro de Seguimiento y Control del Comercio y la Distribuci\u00f3n, Hendrick Perdomo; la directora Territorial del Distrito Capital, Yosneyly Segovia; la jefa de la Oficina del Distrito Capital de Sencamer, Maritza Belo; y la jefa de la Oficina del Distrito Capital de la Sundde, Graciela Figueira.<\/p>\n<p style=\"text-align: justify;\">El Mercado Municipal de Quinta Crespo es un importante centro de comercializaci\u00f3n de pescados provenientes del oriente del pa\u00eds y del litoral central, este lugar es conocido por ser un sitio habitual de compra de pescado, carne, pollo, verduras, legumbres, charcuter\u00eda y v\u00edveres.<\/p>\n<p style=\"text-align: justify;\">Por su parte, el Mercado Municipal Antonio Jos\u00e9 de Sucre es un lugar habitual para la compra de pescado, carne, legumbres y otros alimentos por parte de los habitantes de la Parroquia Sucre en Catia. Es un punto de encuentro clave para los residentes de la zona, que acuden en busca de productos frescos y de calidad para satisfacer sus necesidades alimenticias.<\/p>\n<p style=\"text-align: justify;\">Durante la jornada se verific\u00f3 el cumplimiento de las normativas legales de 325 comercios, protegiendo los derechos econ\u00f3micos de los consumidores. Se constat\u00f3 que los productos ofrecidos cumplen con los est\u00e1ndares de calidad y se garantizan precios justos para la poblaci\u00f3n.<\/p>\n<p>&nbsp;<\/p>\n<div class=\"tiled-gallery type-rectangular tiled-gallery-unresized\" data-original-width=\"500\" data-carousel-extra='{&quot;blog_id&quot;:1,&quot;permalink&quot;:&quot;https:\\\/\\\/mincomercionacional.gob.ve\\\/?p=16777&quot;,&quot;likes_blog_id&quot;:170001901}' itemscope itemtype=\"http:\/\/schema.org\/ImageGallery\" > <div class=\"gallery-row\" style=\"width: 500px; height: 413px;\" data-original-width=\"500\" data-original-height=\"413\" > <div class=\"gallery-group images-3\" style=\"width: 189px; height: 413px;\" data-original-width=\"189\" data-original-height=\"413\" > <div class=\"tiled-gallery-item tiled-gallery-item-small\" itemprop=\"associatedMedia\" itemscope itemtype=\"http:\/\/schema.org\/ImageObject\"> <a href=\"https:\/\/mincomercionacional.gob.ve\/?attachment_id=16779\" border=\"0\" itemprop=\"url\"> <meta itemprop=\"width\" content=\"185\"> <meta itemprop=\"height\" content=\"123\"> <img decoding=\"async\" class=\"\" data-attachment-id=\"16779\" data-orig-file=\"https:\/\/mincomercionacional.gob.ve\/wp-content\/uploads\/2024\/03\/photo_4922828426356829627_x.jpg\" data-orig-size=\"800,533\" data-comments-opened=\"\" data-image-meta=\"{&quot;aperture&quot;:&quot;0&quot;,&quot;credit&quot;:&quot;&quot;,&quot;camera&quot;:&quot;&quot;,&quot;caption&quot;:&quot;&quot;,&quot;created_timestamp&quot;:&quot;0&quot;,&quot;copyright&quot;:&quot;&quot;,&quot;focal_length&quot;:&quot;0&quot;,&quot;iso&quot;:&quot;0&quot;,&quot;shutter_speed&quot;:&quot;0&quot;,&quot;title&quot;:&quot;&quot;,&quot;orientation&quot;:&quot;0&quot;}\" data-image-title=\"photo_4922828426356829627_x\" data-image-description=\"\" data-medium-file=\"https:\/\/i0.wp.com\/mincomercionacional.gob.ve\/wp-content\/uploads\/2024\/03\/photo_4922828426356829627_x.jpg?fit=300%2C200&#038;ssl=1\" data-large-file=\"https:\/\/i0.wp.com\/mincomercionacional.gob.ve\/wp-content\/uploads\/2024\/03\/photo_4922828426356829627_x.jpg?fit=800%2C533&#038;ssl=1\" src=\"https:\/\/i0.wp.com\/mincomercionacional.gob.ve\/wp-content\/uploads\/2024\/03\/photo_4922828426356829627_x.jpg?w=185&#038;h=123&#038;ssl=1\" width=\"185\" height=\"123\" loading=\"lazy\" data-original-width=\"185\" data-original-height=\"123\" itemprop=\"http:\/\/schema.org\/image\" title=\"photo_4922828426356829627_x\" alt=\"photo_4922828426356829627_x\" style=\"width: 185px; height: 123px;\" \/> <\/a> <\/div> <div class=\"tiled-gallery-item tiled-gallery-item-small\" itemprop=\"associatedMedia\" itemscope itemtype=\"http:\/\/schema.org\/ImageObject\"> <a href=\"https:\/\/mincomercionacional.gob.ve\/?attachment_id=16780\" border=\"0\" itemprop=\"url\"> <meta itemprop=\"width\" content=\"185\"> <meta itemprop=\"height\" content=\"139\"> <img decoding=\"async\" class=\"\" data-attachment-id=\"16780\" data-orig-file=\"https:\/\/mincomercionacional.gob.ve\/wp-content\/uploads\/2024\/03\/photo_4922828426356829628_y.jpg\" data-orig-size=\"1080,810\" data-comments-opened=\"\" data-image-meta=\"{&quot;aperture&quot;:&quot;0&quot;,&quot;credit&quot;:&quot;&quot;,&quot;camera&quot;:&quot;&quot;,&quot;caption&quot;:&quot;&quot;,&quot;created_timestamp&quot;:&quot;0&quot;,&quot;copyright&quot;:&quot;&quot;,&quot;focal_length&quot;:&quot;0&quot;,&quot;iso&quot;:&quot;0&quot;,&quot;shutter_speed&quot;:&quot;0&quot;,&quot;title&quot;:&quot;&quot;,&quot;orientation&quot;:&quot;0&quot;}\" data-image-title=\"photo_4922828426356829628_y\" data-image-description=\"\" data-medium-file=\"https:\/\/i0.wp.com\/mincomercionacional.gob.ve\/wp-content\/uploads\/2024\/03\/photo_4922828426356829628_y.jpg?fit=300%2C225&#038;ssl=1\" data-large-file=\"https:\/\/i0.wp.com\/mincomercionacional.gob.ve\/wp-content\/uploads\/2024\/03\/photo_4922828426356829628_y.jpg?fit=1024%2C768&#038;ssl=1\" src=\"https:\/\/i0.wp.com\/mincomercionacional.gob.ve\/wp-content\/uploads\/2024\/03\/photo_4922828426356829628_y.jpg?w=185&#038;h=139&#038;ssl=1\" width=\"185\" height=\"139\" loading=\"lazy\" data-original-width=\"185\" data-original-height=\"139\" itemprop=\"http:\/\/schema.org\/image\" title=\"photo_4922828426356829628_y\" alt=\"photo_4922828426356829628_y\" style=\"width: 185px; height: 139px;\" \/> <\/a> <\/div> <div class=\"tiled-gallery-item tiled-gallery-item-small\" itemprop=\"associatedMedia\" itemscope itemtype=\"http:\/\/schema.org\/ImageObject\"> <a href=\"https:\/\/mincomercionacional.gob.ve\/?attachment_id=16781\" border=\"0\" itemprop=\"url\"> <meta itemprop=\"width\" content=\"185\"> <meta itemprop=\"height\" content=\"139\"> <img decoding=\"async\" class=\"\" data-attachment-id=\"16781\" data-orig-file=\"https:\/\/mincomercionacional.gob.ve\/wp-content\/uploads\/2024\/03\/photo_4922828426356829629_y.jpg\" data-orig-size=\"1080,810\" data-comments-opened=\"\" data-image-meta=\"{&quot;aperture&quot;:&quot;0&quot;,&quot;credit&quot;:&quot;&quot;,&quot;camera&quot;:&quot;&quot;,&quot;caption&quot;:&quot;&quot;,&quot;created_timestamp&quot;:&quot;0&quot;,&quot;copyright&quot;:&quot;&quot;,&quot;focal_length&quot;:&quot;0&quot;,&quot;iso&quot;:&quot;0&quot;,&quot;shutter_speed&quot;:&quot;0&quot;,&quot;title&quot;:&quot;&quot;,&quot;orientation&quot;:&quot;0&quot;}\" data-image-title=\"photo_4922828426356829629_y\" data-image-description=\"\" data-medium-file=\"https:\/\/i0.wp.com\/mincomercionacional.gob.ve\/wp-content\/uploads\/2024\/03\/photo_4922828426356829629_y.jpg?fit=300%2C225&#038;ssl=1\" data-large-file=\"https:\/\/i0.wp.com\/mincomercionacional.gob.ve\/wp-content\/uploads\/2024\/03\/photo_4922828426356829629_y.jpg?fit=1024%2C768&#038;ssl=1\" src=\"https:\/\/i0.wp.com\/mincomercionacional.gob.ve\/wp-content\/uploads\/2024\/03\/photo_4922828426356829629_y.jpg?w=185&#038;h=139&#038;ssl=1\" width=\"185\" height=\"139\" loading=\"lazy\" data-original-width=\"185\" data-original-height=\"139\" itemprop=\"http:\/\/schema.org\/image\" title=\"photo_4922828426356829629_y\" alt=\"photo_4922828426356829629_y\" style=\"width: 185px; height: 139px;\" \/> <\/a> <\/div> <\/div> <!-- close group --> <div class=\"gallery-group images-1\" style=\"width: 311px; height: 413px;\" data-original-width=\"311\" data-original-height=\"413\" > <div class=\"tiled-gallery-item tiled-gallery-item-large\" itemprop=\"associatedMedia\" itemscope itemtype=\"http:\/\/schema.org\/ImageObject\"> <a href=\"https:\/\/mincomercionacional.gob.ve\/?attachment_id=16782\" border=\"0\" itemprop=\"url\"> <meta itemprop=\"width\" content=\"307\"> <meta itemprop=\"height\" content=\"409\"> <img decoding=\"async\" class=\"\" data-attachment-id=\"16782\" data-orig-file=\"https:\/\/mincomercionacional.gob.ve\/wp-content\/uploads\/2024\/03\/photo_4922828426356829630_y.jpg\" data-orig-size=\"810,1080\" data-comments-opened=\"\" data-image-meta=\"{&quot;aperture&quot;:&quot;0&quot;,&quot;credit&quot;:&quot;&quot;,&quot;camera&quot;:&quot;&quot;,&quot;caption&quot;:&quot;&quot;,&quot;created_timestamp&quot;:&quot;0&quot;,&quot;copyright&quot;:&quot;&quot;,&quot;focal_length&quot;:&quot;0&quot;,&quot;iso&quot;:&quot;0&quot;,&quot;shutter_speed&quot;:&quot;0&quot;,&quot;title&quot;:&quot;&quot;,&quot;orientation&quot;:&quot;0&quot;}\" data-image-title=\"photo_4922828426356829630_y\" data-image-description=\"\" data-medium-file=\"https:\/\/i0.wp.com\/mincomercionacional.gob.ve\/wp-content\/uploads\/2024\/03\/photo_4922828426356829630_y.jpg?fit=225%2C300&#038;ssl=1\" data-large-file=\"https:\/\/i0.wp.com\/mincomercionacional.gob.ve\/wp-content\/uploads\/2024\/03\/photo_4922828426356829630_y.jpg?fit=768%2C1024&#038;ssl=1\" src=\"https:\/\/i0.wp.com\/mincomercionacional.gob.ve\/wp-content\/uploads\/2024\/03\/photo_4922828426356829630_y.jpg?w=307&#038;h=409&#038;ssl=1\" width=\"307\" height=\"409\" loading=\"lazy\" data-original-width=\"307\" data-original-height=\"409\" itemprop=\"http:\/\/schema.org\/image\" title=\"photo_4922828426356829630_y\" alt=\"photo_4922828426356829630_y\" style=\"width: 307px; height: 409px;\" \/> <\/a> <\/div> <\/div> <!-- close group --> <\/div> <!-- close row --> <div class=\"gallery-row\" style=\"width: 500px; height: 247px;\" data-original-width=\"500\" data-original-height=\"247\" > <div class=\"gallery-group images-1\" style=\"width: 328px; height: 247px;\" data-original-width=\"328\" data-original-height=\"247\" > <div class=\"tiled-gallery-item tiled-gallery-item-large\" itemprop=\"associatedMedia\" itemscope itemtype=\"http:\/\/schema.org\/ImageObject\"> <a href=\"https:\/\/mincomercionacional.gob.ve\/?attachment_id=16783\" border=\"0\" itemprop=\"url\"> <meta itemprop=\"width\" content=\"324\"> <meta itemprop=\"height\" content=\"243\"> <img decoding=\"async\" class=\"\" data-attachment-id=\"16783\" data-orig-file=\"https:\/\/mincomercionacional.gob.ve\/wp-content\/uploads\/2024\/03\/photo_4922828426356829631_y.jpg\" data-orig-size=\"1080,810\" data-comments-opened=\"\" data-image-meta=\"{&quot;aperture&quot;:&quot;0&quot;,&quot;credit&quot;:&quot;&quot;,&quot;camera&quot;:&quot;&quot;,&quot;caption&quot;:&quot;&quot;,&quot;created_timestamp&quot;:&quot;0&quot;,&quot;copyright&quot;:&quot;&quot;,&quot;focal_length&quot;:&quot;0&quot;,&quot;iso&quot;:&quot;0&quot;,&quot;shutter_speed&quot;:&quot;0&quot;,&quot;title&quot;:&quot;&quot;,&quot;orientation&quot;:&quot;0&quot;}\" data-image-title=\"photo_4922828426356829631_y\" data-image-description=\"\" data-medium-file=\"https:\/\/i0.wp.com\/mincomercionacional.gob.ve\/wp-content\/uploads\/2024\/03\/photo_4922828426356829631_y.jpg?fit=300%2C225&#038;ssl=1\" data-large-file=\"https:\/\/i0.wp.com\/mincomercionacional.gob.ve\/wp-content\/uploads\/2024\/03\/photo_4922828426356829631_y.jpg?fit=1024%2C768&#038;ssl=1\" src=\"https:\/\/i0.wp.com\/mincomercionacional.gob.ve\/wp-content\/uploads\/2024\/03\/photo_4922828426356829631_y.jpg?w=324&#038;h=243&#038;ssl=1\" width=\"324\" height=\"243\" loading=\"lazy\" data-original-width=\"324\" data-original-height=\"243\" itemprop=\"http:\/\/schema.org\/image\" title=\"photo_4922828426356829631_y\" alt=\"photo_4922828426356829631_y\" style=\"width: 324px; height: 243px;\" \/> <\/a> <\/div> <\/div> <!-- close group --> <div class=\"gallery-group images-2\" style=\"width: 172px; height: 247px;\" data-original-width=\"172\" data-original-height=\"247\" > <div class=\"tiled-gallery-item tiled-gallery-item-small\" itemprop=\"associatedMedia\" itemscope itemtype=\"http:\/\/schema.org\/ImageObject\"> <a href=\"https:\/\/mincomercionacional.gob.ve\/?attachment_id=16784\" border=\"0\" itemprop=\"url\"> <meta itemprop=\"width\" content=\"168\"> <meta itemprop=\"height\" content=\"126\"> <img decoding=\"async\" class=\"\" data-attachment-id=\"16784\" data-orig-file=\"https:\/\/mincomercionacional.gob.ve\/wp-content\/uploads\/2024\/03\/photo_4922828426356829632_y.jpg\" data-orig-size=\"1280,960\" data-comments-opened=\"\" data-image-meta=\"{&quot;aperture&quot;:&quot;0&quot;,&quot;credit&quot;:&quot;&quot;,&quot;camera&quot;:&quot;&quot;,&quot;caption&quot;:&quot;&quot;,&quot;created_timestamp&quot;:&quot;0&quot;,&quot;copyright&quot;:&quot;&quot;,&quot;focal_length&quot;:&quot;0&quot;,&quot;iso&quot;:&quot;0&quot;,&quot;shutter_speed&quot;:&quot;0&quot;,&quot;title&quot;:&quot;&quot;,&quot;orientation&quot;:&quot;0&quot;}\" data-image-title=\"photo_4922828426356829632_y\" data-image-description=\"\" data-medium-file=\"https:\/\/i0.wp.com\/mincomercionacional.gob.ve\/wp-content\/uploads\/2024\/03\/photo_4922828426356829632_y.jpg?fit=300%2C225&#038;ssl=1\" data-large-file=\"https:\/\/i0.wp.com\/mincomercionacional.gob.ve\/wp-content\/uploads\/2024\/03\/photo_4922828426356829632_y.jpg?fit=1024%2C768&#038;ssl=1\" src=\"https:\/\/i0.wp.com\/mincomercionacional.gob.ve\/wp-content\/uploads\/2024\/03\/photo_4922828426356829632_y.jpg?w=168&#038;h=126&#038;ssl=1\" width=\"168\" height=\"126\" loading=\"lazy\" data-original-width=\"168\" data-original-height=\"126\" itemprop=\"http:\/\/schema.org\/image\" title=\"photo_4922828426356829632_y\" alt=\"photo_4922828426356829632_y\" style=\"width: 168px; height: 126px;\" \/> <\/a> <\/div> <div class=\"tiled-gallery-item tiled-gallery-item-small\" itemprop=\"associatedMedia\" itemscope itemtype=\"http:\/\/schema.org\/ImageObject\"> <a href=\"https:\/\/mincomercionacional.gob.ve\/?attachment_id=16785\" border=\"0\" itemprop=\"url\"> <meta itemprop=\"width\" content=\"168\"> <meta itemprop=\"height\" content=\"113\"> <img decoding=\"async\" class=\"\" data-attachment-id=\"16785\" data-orig-file=\"https:\/\/mincomercionacional.gob.ve\/wp-content\/uploads\/2024\/03\/photo_4922828426356829634_y.jpg\" data-orig-size=\"1080,721\" data-comments-opened=\"\" data-image-meta=\"{&quot;aperture&quot;:&quot;0&quot;,&quot;credit&quot;:&quot;&quot;,&quot;camera&quot;:&quot;&quot;,&quot;caption&quot;:&quot;&quot;,&quot;created_timestamp&quot;:&quot;0&quot;,&quot;copyright&quot;:&quot;&quot;,&quot;focal_length&quot;:&quot;0&quot;,&quot;iso&quot;:&quot;0&quot;,&quot;shutter_speed&quot;:&quot;0&quot;,&quot;title&quot;:&quot;&quot;,&quot;orientation&quot;:&quot;0&quot;}\" data-image-title=\"photo_4922828426356829634_y\" data-image-description=\"\" data-medium-file=\"https:\/\/i0.wp.com\/mincomercionacional.gob.ve\/wp-content\/uploads\/2024\/03\/photo_4922828426356829634_y.jpg?fit=300%2C200&#038;ssl=1\" data-large-file=\"https:\/\/i0.wp.com\/mincomercionacional.gob.ve\/wp-content\/uploads\/2024\/03\/photo_4922828426356829634_y.jpg?fit=1024%2C684&#038;ssl=1\" src=\"https:\/\/i0.wp.com\/mincomercionacional.gob.ve\/wp-content\/uploads\/2024\/03\/photo_4922828426356829634_y.jpg?w=168&#038;h=113&#038;ssl=1\" width=\"168\" height=\"113\" loading=\"lazy\" data-original-width=\"168\" data-original-height=\"113\" itemprop=\"http:\/\/schema.org\/image\" title=\"photo_4922828426356829634_y\" alt=\"photo_4922828426356829634_y\" style=\"width: 168px; height: 113px;\" \/> <\/a> <\/div> <\/div> <!-- close group --> <\/div> <!-- close row --> <div class=\"gallery-row\" style=\"width: 500px; height: 666px;\" data-original-width=\"500\" data-original-height=\"666\" > <div class=\"gallery-group images-1\" style=\"width: 500px; height: 666px;\" data-original-width=\"500\" data-original-height=\"666\" > <div class=\"tiled-gallery-item tiled-gallery-item-large\" itemprop=\"associatedMedia\" itemscope itemtype=\"http:\/\/schema.org\/ImageObject\"> <a href=\"https:\/\/mincomercionacional.gob.ve\/?attachment_id=16786\" border=\"0\" itemprop=\"url\"> <meta itemprop=\"width\" content=\"496\"> <meta itemprop=\"height\" content=\"662\"> <img decoding=\"async\" class=\"\" data-attachment-id=\"16786\" data-orig-file=\"https:\/\/mincomercionacional.gob.ve\/wp-content\/uploads\/2024\/03\/photo_4922828426356829635_y.jpg\" data-orig-size=\"809,1080\" data-comments-opened=\"\" data-image-meta=\"{&quot;aperture&quot;:&quot;0&quot;,&quot;credit&quot;:&quot;&quot;,&quot;camera&quot;:&quot;&quot;,&quot;caption&quot;:&quot;&quot;,&quot;created_timestamp&quot;:&quot;0&quot;,&quot;copyright&quot;:&quot;&quot;,&quot;focal_length&quot;:&quot;0&quot;,&quot;iso&quot;:&quot;0&quot;,&quot;shutter_speed&quot;:&quot;0&quot;,&quot;title&quot;:&quot;&quot;,&quot;orientation&quot;:&quot;0&quot;}\" data-image-title=\"photo_4922828426356829635_y\" data-image-description=\"\" data-medium-file=\"https:\/\/i0.wp.com\/mincomercionacional.gob.ve\/wp-content\/uploads\/2024\/03\/photo_4922828426356829635_y.jpg?fit=225%2C300&#038;ssl=1\" data-large-file=\"https:\/\/i0.wp.com\/mincomercionacional.gob.ve\/wp-content\/uploads\/2024\/03\/photo_4922828426356829635_y.jpg?fit=767%2C1024&#038;ssl=1\" src=\"https:\/\/i0.wp.com\/mincomercionacional.gob.ve\/wp-content\/uploads\/2024\/03\/photo_4922828426356829635_y.jpg?w=496&#038;h=662&#038;ssl=1\" width=\"496\" height=\"662\" loading=\"lazy\" data-original-width=\"496\" data-original-height=\"662\" itemprop=\"http:\/\/schema.org\/image\" title=\"photo_4922828426356829635_y\" alt=\"photo_4922828426356829635_y\" style=\"width: 496px; height: 662px;\" \/> <\/a> <\/div> <\/div> <!-- close group --> <\/div> <!-- close row --> <\/div>\n","protected":false},"excerpt":{"rendered":"<p>En el marco del Plan de Despliegue Regional Semana Santa Segura 2024, el Ministerio del Poder Popular de Comercio Nacional, por instrucci\u00f3n del presidente Nicol\u00e1s Maduro, y del ministro de esta carrera, Luis Villegas, llev\u00f3 a cabo una jornada de inspecci\u00f3n en el Mercado Municipal de Quinta Crespo, y el Mercado Municipal Antonio Jose de &hellip;<\/p>\n","protected":false},"author":5,"featured_media":16778,"comment_status":"closed","ping_status":"open","sticky":false,"template":"","format":"standard","meta":{"footnotes":""},"categories":[1256,1],"tags":[223,46,1487,60,59],"class_list":["post-16777","post","type-post","status-publish","format-standard","has-post-thumbnail","hentry","category-comercio-nacional","category-prensa","tag-caracas","tag-comercio-nacional","tag-normativas","tag-sencamer","tag-sundde"],"jetpack_featured_media_url":"https:\/\/i0.wp.com\/mincomercionacional.gob.ve\/wp-content\/uploads\/2024\/03\/photo_4922828426356829633_y.jpg?fit=1080%2C810&ssl=1","jetpack_shortlink":"https:\/\/wp.me\/pbvjg9-4mB","_links":{"self":[{"href":"https:\/\/mincomercionacional.gob.ve\/index.php?rest_route=\/wp\/v2\/posts\/16777","targetHints":{"allow":["GET"]}}],"collection":[{"href":"https:\/\/mincomercionacional.gob.ve\/index.php?rest_route=\/wp\/v2\/posts"}],"about":[{"href":"https:\/\/mincomercionacional.gob.ve\/index.php?rest_route=\/wp\/v2\/types\/post"}],"author":[{"embeddable":true,"href":"https:\/\/mincomercionacional.gob.ve\/index.php?rest_route=\/wp\/v2\/users\/5"}],"replies":[{"embeddable":true,"href":"https:\/\/mincomercionacional.gob.ve\/index.php?rest_route=%2Fwp%2Fv2%2Fcomments&post=16777"}],"version-history":[{"count":1,"href":"https:\/\/mincomercionacional.gob.ve\/index.php?rest_route=\/wp\/v2\/posts\/16777\/revisions"}],"predecessor-version":[{"id":16787,"href":"https:\/\/mincomercionacional.gob.ve\/index.php?rest_route=\/wp\/v2\/posts\/16777\/revisions\/16787"}],"wp:featuredmedia":[{"embeddable":true,"href":"https:\/\/mincomercionacional.gob.ve\/index.php?rest_route=\/wp\/v2\/media\/16778"}],"wp:attachment":[{"href":"https:\/\/mincomercionacional.gob.ve\/index.php?rest_route=%2Fwp%2Fv2%2Fmedia&parent=16777"}],"wp:term":[{"taxonomy":"category","embeddable":true,"href":"https:\/\/mincomercionacional.gob.ve\/index.php?rest_route=%2Fwp%2Fv2%2Fcategories&post=16777"},{"taxonomy":"post_tag","embeddable":true,"href":"https:\/\/mincomercionacional.gob.ve\/index.php?rest_route=%2Fwp%2Fv2%2Ftags&post=16777"}],"curies":[{"name":"wp","href":"https:\/\/api.w.org\/{rel}","templated":true}]}}