{"id":16417,"date":"2024-03-14T14:33:38","date_gmt":"2024-03-14T18:33:38","guid":{"rendered":"http:\/\/mincomercionacional.gob.ve\/?p=16417"},"modified":"2024-03-14T14:33:38","modified_gmt":"2024-03-14T18:33:38","slug":"sapi-realizo-mas-de-2-800-consultas-tecnicas-durante-el-mes-de-febrero","status":"publish","type":"post","link":"https:\/\/mincomercionacional.gob.ve\/?p=16417","title":{"rendered":"SAPI realiz\u00f3 m\u00e1s de 2.800 consultas t\u00e9cnicas durante el mes de febrero"},"content":{"rendered":"<p style=\"text-align: justify;\">El Ministerio del Poder Popular de Comercio Nacional, a trav\u00e9s de su ente adscrito el Servicio Aut\u00f3nomo de la Propiedad Intelectual (SAPI), realiz\u00f3 durante el mes de febrero dos mil 814 consultas t\u00e9cnicas sobre Marcas, Patentes, Derecho de Autor e Indicaciones Geogr\u00e1ficas Protegidas (IGP).<\/p>\n<p style=\"text-align: justify;\">La informaci\u00f3n fue referida en un mensaje publicado en la cuenta de la red social Instagram @sapi_venezuela, en la que se\u00f1alaron que adicionalmente se ofrecieron asesor\u00edas a mil 393 mujeres y mil 421 hombres, a trav\u00e9s de la atenci\u00f3n de mil 368 presenciales; mil 222 v\u00eda telef\u00f3nica; 133 redes sociales y 91 por taquilla virtual.<\/p>\n<p style=\"text-align: justify;\">El SAPI, es un ente adscrito del Ministerio del Poder Popular de Comercio Nacional, encargado de la materia de protecci\u00f3n de los derechos de los inventores, descubridores, introductores sobre las creaciones inventos o descubrimientos, relacionados con la industria; productores, fabricantes o comerciantes sobre las frases o signos especiales; as\u00ed como, los derechos de los autores sobre todas las obras del ingenio de car\u00e1cter creador, ya sean de \u00edndole literaria, cient\u00edfica o art\u00edstica, cualquiera sea su g\u00e9nero, forma de expresi\u00f3n, m\u00e9rito o destino.<\/p>\n<p>&nbsp;<\/p>\n<blockquote class=\"instagram-media\" style=\"background: #FFF; border: 0; border-radius: 3px; box-shadow: 0 0 1px 0 rgba(0,0,0,0.5),0 1px 10px 0 rgba(0,0,0,0.15); margin: 1px; max-width: 540px; min-width: 326px; padding: 0; width: calc(100% - 2px);\" data-instgrm-captioned=\"\" data-instgrm-permalink=\"https:\/\/www.instagram.com\/p\/C4d88iGOj36\/?utm_source=ig_embed&amp;utm_campaign=loading\" data-instgrm-version=\"14\">\n<div style=\"padding: 16px;\">\n<p>&nbsp;<\/p>\n<div style=\"display: flex; flex-direction: row; align-items: center;\">\n<div style=\"background-color: #f4f4f4; border-radius: 50%; flex-grow: 0; height: 40px; margin-right: 14px; width: 40px;\"><\/div>\n<div style=\"display: flex; flex-direction: column; flex-grow: 1; justify-content: center;\">\n<div style=\"background-color: #f4f4f4; border-radius: 4px; flex-grow: 0; height: 14px; margin-bottom: 6px; width: 100px;\"><\/div>\n<div style=\"background-color: #f4f4f4; border-radius: 4px; flex-grow: 0; height: 14px; width: 60px;\"><\/div>\n<\/div>\n<\/div>\n<div style=\"padding: 19% 0;\"><\/div>\n<div style=\"display: block; height: 50px; margin: 0 auto 12px; width: 50px;\"><\/div>\n<div style=\"padding-top: 8px;\">\n<div style=\"color: #3897f0; font-family: Arial,sans-serif; font-size: 14px; font-style: normal; font-weight: 550; line-height: 18px;\">View this post on Instagram<\/div>\n<\/div>\n<div style=\"padding: 12.5% 0;\"><\/div>\n<div style=\"display: flex; flex-direction: row; margin-bottom: 14px; align-items: center;\">\n<div>\n<div style=\"background-color: #f4f4f4; border-radius: 50%; height: 12.5px; width: 12.5px; transform: translateX(0px) translateY(7px);\"><\/div>\n<div style=\"background-color: #f4f4f4; height: 12.5px; transform: rotate(-45deg) translateX(3px) translateY(1px); width: 12.5px; flex-grow: 0; margin-right: 14px; margin-left: 2px;\"><\/div>\n<div style=\"background-color: #f4f4f4; border-radius: 50%; height: 12.5px; width: 12.5px; transform: translateX(9px) translateY(-18px);\"><\/div>\n<\/div>\n<div style=\"margin-left: 8px;\">\n<div style=\"background-color: #f4f4f4; border-radius: 50%; flex-grow: 0; height: 20px; width: 20px;\"><\/div>\n<div style=\"width: 0; height: 0; border-top: 2px solid transparent; border-left: 6px solid #f4f4f4; border-bottom: 2px solid transparent; transform: translateX(16px) translateY(-4px) rotate(30deg);\"><\/div>\n<\/div>\n<div style=\"margin-left: auto;\">\n<div style=\"width: 0px; border-top: 8px solid #F4F4F4; border-right: 8px solid transparent; transform: translateY(16px);\"><\/div>\n<div style=\"background-color: #f4f4f4; flex-grow: 0; height: 12px; width: 16px; transform: translateY(-4px);\"><\/div>\n<div style=\"width: 0; height: 0; border-top: 8px solid #F4F4F4; border-left: 8px solid transparent; transform: translateY(-4px) translateX(8px);\"><\/div>\n<\/div>\n<\/div>\n<div style=\"display: flex; flex-direction: column; flex-grow: 1; justify-content: center; margin-bottom: 24px;\">\n<div style=\"background-color: #f4f4f4; border-radius: 4px; flex-grow: 0; height: 14px; margin-bottom: 6px; width: 224px;\"><\/div>\n<div style=\"background-color: #f4f4f4; border-radius: 4px; flex-grow: 0; height: 14px; width: 144px;\"><\/div>\n<\/div>\n<p>&nbsp;<\/p>\n<p style=\"color: #c9c8cd; font-family: Arial,sans-serif; font-size: 14px; line-height: 17px; margin-bottom: 0; margin-top: 8px; overflow: hidden; padding: 8px 0 7px; text-align: center; text-overflow: ellipsis; white-space: nowrap;\"><a style=\"color: #c9c8cd; font-family: Arial,sans-serif; font-size: 14px; font-style: normal; font-weight: normal; line-height: 17px; text-decoration: none;\" href=\"https:\/\/www.instagram.com\/p\/C4d88iGOj36\/?utm_source=ig_embed&amp;utm_campaign=loading\" target=\"_blank\" rel=\"noopener\">A post shared by SAPI (@sapi_venezuela)<\/a><\/p>\n<\/div>\n<\/blockquote>\n<p><script async src=\"\/\/www.instagram.com\/embed.js\"><\/script><\/p>\n","protected":false},"excerpt":{"rendered":"<p>El Ministerio del Poder Popular de Comercio Nacional, a trav\u00e9s de su ente adscrito el Servicio Aut\u00f3nomo de la Propiedad Intelectual (SAPI), realiz\u00f3 durante el mes de febrero dos mil 814 consultas t\u00e9cnicas sobre Marcas, Patentes, Derecho de Autor e Indicaciones Geogr\u00e1ficas Protegidas (IGP). La informaci\u00f3n fue referida en un mensaje publicado en la cuenta &hellip;<\/p>\n","protected":false},"author":5,"featured_media":16421,"comment_status":"closed","ping_status":"open","sticky":false,"template":"","format":"standard","meta":{"footnotes":""},"categories":[79,1],"tags":[1418,1419,547,34,75],"class_list":["post-16417","post","type-post","status-publish","format-standard","has-post-thumbnail","hentry","category-noticias","category-prensa","tag-autores","tag-consultas-tecnicas","tag-derechos-de-autor","tag-ministerio-de-comercio-nacional","tag-sapi"],"jetpack_featured_media_url":"https:\/\/i0.wp.com\/mincomercionacional.gob.ve\/wp-content\/uploads\/2024\/03\/SAPI.jpg?fit=723%2C442&ssl=1","jetpack_shortlink":"https:\/\/wp.me\/pbvjg9-4gN","_links":{"self":[{"href":"https:\/\/mincomercionacional.gob.ve\/index.php?rest_route=\/wp\/v2\/posts\/16417","targetHints":{"allow":["GET"]}}],"collection":[{"href":"https:\/\/mincomercionacional.gob.ve\/index.php?rest_route=\/wp\/v2\/posts"}],"about":[{"href":"https:\/\/mincomercionacional.gob.ve\/index.php?rest_route=\/wp\/v2\/types\/post"}],"author":[{"embeddable":true,"href":"https:\/\/mincomercionacional.gob.ve\/index.php?rest_route=\/wp\/v2\/users\/5"}],"replies":[{"embeddable":true,"href":"https:\/\/mincomercionacional.gob.ve\/index.php?rest_route=%2Fwp%2Fv2%2Fcomments&post=16417"}],"version-history":[{"count":2,"href":"https:\/\/mincomercionacional.gob.ve\/index.php?rest_route=\/wp\/v2\/posts\/16417\/revisions"}],"predecessor-version":[{"id":16432,"href":"https:\/\/mincomercionacional.gob.ve\/index.php?rest_route=\/wp\/v2\/posts\/16417\/revisions\/16432"}],"wp:featuredmedia":[{"embeddable":true,"href":"https:\/\/mincomercionacional.gob.ve\/index.php?rest_route=\/wp\/v2\/media\/16421"}],"wp:attachment":[{"href":"https:\/\/mincomercionacional.gob.ve\/index.php?rest_route=%2Fwp%2Fv2%2Fmedia&parent=16417"}],"wp:term":[{"taxonomy":"category","embeddable":true,"href":"https:\/\/mincomercionacional.gob.ve\/index.php?rest_route=%2Fwp%2Fv2%2Fcategories&post=16417"},{"taxonomy":"post_tag","embeddable":true,"href":"https:\/\/mincomercionacional.gob.ve\/index.php?rest_route=%2Fwp%2Fv2%2Ftags&post=16417"}],"curies":[{"name":"wp","href":"https:\/\/api.w.org\/{rel}","templated":true}]}}