{"id":16256,"date":"2024-03-05T21:20:09","date_gmt":"2024-03-06T01:20:09","guid":{"rendered":"http:\/\/mincomercionacional.gob.ve\/?p=16256"},"modified":"2024-03-05T21:32:47","modified_gmt":"2024-03-06T01:32:47","slug":"gobierno-nacional-impulsa-el-crecimiento-de-la-economia-durante-el-2024","status":"publish","type":"post","link":"https:\/\/mincomercionacional.gob.ve\/?p=16256","title":{"rendered":"Gobierno Nacional impulsa el crecimiento de la econom\u00eda durante el 2024"},"content":{"rendered":"<p style=\"text-align: justify;\">La vicepresidenta Ejecutiva de la Rep\u00fablica Bolivariana de Venezuela, Delcy Rodr\u00edguez, lider\u00f3 un encuentro con el equipo econ\u00f3mico del pa\u00eds, para impulsar el crecimiento de la econom\u00eda venezolana durante este 2024.<\/p>\n<p style=\"text-align: justify;\">El encuentro se llev\u00f3 a cabo en la sede del Ministerio de Econom\u00eda, Finanzas y Comercio Exterior y forma parte en atenci\u00f3n a las instrucciones del presidente Nicol\u00e1s Maduro.<\/p>\n<p>Desde el a\u00f1o 2019, el Ejecutivo nacional ha priorizado diferentes motores productivos ante la imposici\u00f3n de medidas coercitivas unilaterales por parte del Gobierno de Estados Unidos (EE. UU.)<\/p>\n<p style=\"text-align: justify;\">Estuvieron presentes en la reuni\u00f3n el ministro de Comercio Nacional Luis Antonio Villegas; vicepresidente sectorial de Econom\u00eda, Jos\u00e9 F\u00e9lix Ribas Alvarado; el presidente del Banco Central de Venezuela (BCV) Calixto Ortega, entre otras autoridades de equipo Econ\u00f3mico del Estado venezolano.<\/p>\n<p style=\"text-align: justify;\">De esta forma, el Gobierno Bolivariano, con base a las 7 Transformaciones (7T) rumbo al 2030, sigue trabajando para garantizar el bienestar del pueblo venezolano.<\/p>\n<p>&nbsp;<\/p>\n<p>Fuente: Vicepresidencia de la Rep\u00fablica Bolivariana de Venezuela<\/p>\n","protected":false},"excerpt":{"rendered":"<p>La vicepresidenta Ejecutiva de la Rep\u00fablica Bolivariana de Venezuela, Delcy Rodr\u00edguez, lider\u00f3 un encuentro con el equipo econ\u00f3mico del pa\u00eds, para impulsar el crecimiento de la econom\u00eda venezolana durante este 2024. El encuentro se llev\u00f3 a cabo en la sede del Ministerio de Econom\u00eda, Finanzas y Comercio Exterior y forma parte en atenci\u00f3n a las &hellip;<\/p>\n","protected":false},"author":5,"featured_media":16257,"comment_status":"closed","ping_status":"open","sticky":false,"template":"","format":"standard","meta":{"footnotes":""},"categories":[1257],"tags":[1354,1053,768,1353,1352,1351],"class_list":["post-16256","post","type-post","status-publish","format-standard","has-post-thumbnail","hentry","category-vp","tag-7t","tag-crecimiento","tag-delcy-rodriguez","tag-economia-venezolana","tag-economico","tag-sector"],"jetpack_featured_media_url":"https:\/\/i0.wp.com\/mincomercionacional.gob.ve\/wp-content\/uploads\/2024\/03\/Encuentro-reunion.jpg?fit=1710%2C913&ssl=1","jetpack_shortlink":"https:\/\/wp.me\/pbvjg9-4ec","_links":{"self":[{"href":"https:\/\/mincomercionacional.gob.ve\/index.php?rest_route=\/wp\/v2\/posts\/16256","targetHints":{"allow":["GET"]}}],"collection":[{"href":"https:\/\/mincomercionacional.gob.ve\/index.php?rest_route=\/wp\/v2\/posts"}],"about":[{"href":"https:\/\/mincomercionacional.gob.ve\/index.php?rest_route=\/wp\/v2\/types\/post"}],"author":[{"embeddable":true,"href":"https:\/\/mincomercionacional.gob.ve\/index.php?rest_route=\/wp\/v2\/users\/5"}],"replies":[{"embeddable":true,"href":"https:\/\/mincomercionacional.gob.ve\/index.php?rest_route=%2Fwp%2Fv2%2Fcomments&post=16256"}],"version-history":[{"count":1,"href":"https:\/\/mincomercionacional.gob.ve\/index.php?rest_route=\/wp\/v2\/posts\/16256\/revisions"}],"predecessor-version":[{"id":16258,"href":"https:\/\/mincomercionacional.gob.ve\/index.php?rest_route=\/wp\/v2\/posts\/16256\/revisions\/16258"}],"wp:featuredmedia":[{"embeddable":true,"href":"https:\/\/mincomercionacional.gob.ve\/index.php?rest_route=\/wp\/v2\/media\/16257"}],"wp:attachment":[{"href":"https:\/\/mincomercionacional.gob.ve\/index.php?rest_route=%2Fwp%2Fv2%2Fmedia&parent=16256"}],"wp:term":[{"taxonomy":"category","embeddable":true,"href":"https:\/\/mincomercionacional.gob.ve\/index.php?rest_route=%2Fwp%2Fv2%2Fcategories&post=16256"},{"taxonomy":"post_tag","embeddable":true,"href":"https:\/\/mincomercionacional.gob.ve\/index.php?rest_route=%2Fwp%2Fv2%2Ftags&post=16256"}],"curies":[{"name":"wp","href":"https:\/\/api.w.org\/{rel}","templated":true}]}}