{"id":16027,"date":"2024-02-09T21:04:17","date_gmt":"2024-02-10T01:04:17","guid":{"rendered":"http:\/\/mincomercionacional.gob.ve\/?p=16027"},"modified":"2024-02-10T17:19:18","modified_gmt":"2024-02-10T21:19:18","slug":"profesionales-de-sencamer-en-maracay-reciben-formacion-en-materia-de-calidad-y-metrologia","status":"publish","type":"post","link":"https:\/\/mincomercionacional.gob.ve\/?p=16027","title":{"rendered":"Profesionales de Sencamer en Maracay reciben formaci\u00f3n en materia de calidad y metrolog\u00eda"},"content":{"rendered":"<p>Trabajadores de los Laboratorios Nacionales de Metrolog\u00eda de SENCAMER en Maracay, estado Aragua, recibieron talleres de formaci\u00f3n en materia de Metrolog\u00eda Industrial y Comunicaci\u00f3n Asertiva a trav\u00e9s del Centro de Estudios para la Infraestructura de la Calidad (CEIC).<\/p>\n<p style=\"text-align: justify;\">Para reforzar las competencias de los 77 t\u00e9cnicos en el \u00e1rea de la metrolog\u00eda industrial, el Ing. Carlos Pineda comparti\u00f3 su experiencia adquirida en el Instituto Nacional de Calidad de Per\u00fa (Inacal), con un taller de verificaci\u00f3n de medidores de gas tipo rotativo y de turbina en entornos industriales.<\/p>\n<p>La segunda jornada const\u00f3 de un taller din\u00e1mico de \u00abT\u00e9cnicas de comunicaci\u00f3n verbal y escrita implementadas por un t\u00e9cnico metr\u00f3logo\u00bb, con el fin de mejorar las habilidades de lenguaje verbal y corporal, en aras de mantener una comunicaci\u00f3n asertiva, que oriente la eficiencia de los servidores p\u00fablicos en las \u00e1reas t\u00e9cnicas del comercio nacional.<\/p>\n<p>Estas formaciones tienen por objetivo sensibilizar y capacitar al personal en materia de calidad, para optimizar los procesos de verificaci\u00f3n de gas sean y garantizar que el equipo de profesionales del Ministerio de Comercio Nacional brinden un servicio eficaz y eficiente que cubra las necesidades requeridas en el sector industrial de Venezuela.<\/p>\n","protected":false},"excerpt":{"rendered":"<p>Trabajadores de los Laboratorios Nacionales de Metrolog\u00eda de SENCAMER en Maracay, estado Aragua, recibieron talleres de formaci\u00f3n en materia de Metrolog\u00eda Industrial y Comunicaci\u00f3n Asertiva a trav\u00e9s del Centro de Estudios para la Infraestructura de la Calidad (CEIC). Para reforzar las competencias de los 77 t\u00e9cnicos en el \u00e1rea de la metrolog\u00eda industrial, el Ing. &hellip;<\/p>\n","protected":false},"author":5,"featured_media":16028,"comment_status":"closed","ping_status":"open","sticky":false,"template":"","format":"standard","meta":{"footnotes":""},"categories":[1256],"tags":[],"class_list":["post-16027","post","type-post","status-publish","format-standard","has-post-thumbnail","hentry","category-comercio-nacional"],"jetpack_featured_media_url":"https:\/\/i0.wp.com\/mincomercionacional.gob.ve\/wp-content\/uploads\/2024\/02\/IMG-20240209-WA0255.jpg?fit=1600%2C792&ssl=1","jetpack_shortlink":"https:\/\/wp.me\/pbvjg9-4av","_links":{"self":[{"href":"https:\/\/mincomercionacional.gob.ve\/index.php?rest_route=\/wp\/v2\/posts\/16027","targetHints":{"allow":["GET"]}}],"collection":[{"href":"https:\/\/mincomercionacional.gob.ve\/index.php?rest_route=\/wp\/v2\/posts"}],"about":[{"href":"https:\/\/mincomercionacional.gob.ve\/index.php?rest_route=\/wp\/v2\/types\/post"}],"author":[{"embeddable":true,"href":"https:\/\/mincomercionacional.gob.ve\/index.php?rest_route=\/wp\/v2\/users\/5"}],"replies":[{"embeddable":true,"href":"https:\/\/mincomercionacional.gob.ve\/index.php?rest_route=%2Fwp%2Fv2%2Fcomments&post=16027"}],"version-history":[{"count":1,"href":"https:\/\/mincomercionacional.gob.ve\/index.php?rest_route=\/wp\/v2\/posts\/16027\/revisions"}],"predecessor-version":[{"id":16029,"href":"https:\/\/mincomercionacional.gob.ve\/index.php?rest_route=\/wp\/v2\/posts\/16027\/revisions\/16029"}],"wp:featuredmedia":[{"embeddable":true,"href":"https:\/\/mincomercionacional.gob.ve\/index.php?rest_route=\/wp\/v2\/media\/16028"}],"wp:attachment":[{"href":"https:\/\/mincomercionacional.gob.ve\/index.php?rest_route=%2Fwp%2Fv2%2Fmedia&parent=16027"}],"wp:term":[{"taxonomy":"category","embeddable":true,"href":"https:\/\/mincomercionacional.gob.ve\/index.php?rest_route=%2Fwp%2Fv2%2Fcategories&post=16027"},{"taxonomy":"post_tag","embeddable":true,"href":"https:\/\/mincomercionacional.gob.ve\/index.php?rest_route=%2Fwp%2Fv2%2Ftags&post=16027"}],"curies":[{"name":"wp","href":"https:\/\/api.w.org\/{rel}","templated":true}]}}