{"id":15452,"date":"2023-09-27T06:57:28","date_gmt":"2023-09-27T10:57:28","guid":{"rendered":"http:\/\/mincomercionacional.gob.ve\/?p=15452"},"modified":"2023-09-27T06:57:28","modified_gmt":"2023-09-27T10:57:28","slug":"comercio-entre-colombia-y-venezuela-suma-casi-200-millones-de-dolares","status":"publish","type":"post","link":"https:\/\/mincomercionacional.gob.ve\/?p=15452","title":{"rendered":"Comercio entre Colombia y Venezuela suma casi 200 millones de d\u00f3lares"},"content":{"rendered":"<p>El comercio entre Colombia y Venezuela por los puentes fronterizos lleg\u00f3 a los 196,8 millones de d\u00f3lares entre el 26 de septiembre del a\u00f1o pasado, cuando ambos pa\u00edses reabrieron oficialmente su frontera com\u00fan que estuvo cerrada siete a\u00f1os, y el 31 de agosto de 2023, informaron este martes fuentes oficiales.<\/p>\n<p>\u00abAl cumplir el primer a\u00f1o de la reapertura de los puentes Sim\u00f3n Bol\u00edvar y Francisco de Paula Santander, en Norte de Santander, y la puesta en marcha del puente Atanasio Girardot en enero de este a\u00f1o el balance es positivo\u00bb, afirm\u00f3 el ministro de Comercio, Industria y Turismo de Colombia, Germ\u00e1n Uma\u00f1a.<\/p>\n<p>Seg\u00fan un informe de seguimiento de esa cartera, el comercio por esos tres puentes fue de 209.610 toneladas de productos, transportadas en 8.900 camiones, refiere EFE.<\/p>\n<p>Del total de dinero comerciado entre ambos pa\u00edses, para Colombia 177 millones de d\u00f3lares fueron exportaciones y 19,8 millones de d\u00f3lares importaciones.<\/p>\n<p>Entre los productos intercambiados figuran baldosas, tornillos, cajas de cart\u00f3n, papel higi\u00e9nico, servilletas, alimentos, aceites, bobinas de acero, material ferroso, envase de vidrio colado y piedra laja al natural.<\/p>\n<p>El ministro valor\u00f3 adem\u00e1s que, m\u00e1s all\u00e1 de las cifras, la reapertura de la frontera ha permitido recuperar la institucionalidad y ha provocado un impacto social y econ\u00f3mico para el departamento de Norte de Santander.<\/p>\n","protected":false},"excerpt":{"rendered":"<p>El comercio entre Colombia y Venezuela por los puentes fronterizos lleg\u00f3 a los 196,8 millones de d\u00f3lares entre el 26 de septiembre del a\u00f1o pasado, cuando ambos pa\u00edses reabrieron oficialmente su frontera com\u00fan que estuvo cerrada siete a\u00f1os, y el 31 de agosto de 2023, informaron este martes fuentes oficiales. \u00abAl cumplir el primer a\u00f1o &hellip;<\/p>\n","protected":false},"author":14,"featured_media":15453,"comment_status":"closed","ping_status":"open","sticky":false,"template":"","format":"standard","meta":{"footnotes":""},"categories":[1256],"tags":[732,283,1223,39],"class_list":["post-15452","post","type-post","status-publish","format-standard","has-post-thumbnail","hentry","category-comercio-nacional","tag-dhelizalvarez","tag-ministeriodecomercionacional","tag-colombia","tag-venezuela"],"jetpack_featured_media_url":"https:\/\/i0.wp.com\/mincomercionacional.gob.ve\/wp-content\/uploads\/2023\/09\/0788d00af170dc003e01ac8c0ec1f1efea32f19aw-600x337-73ab52.jpg?fit=800%2C500&ssl=1","jetpack_shortlink":"https:\/\/wp.me\/pbvjg9-41e","_links":{"self":[{"href":"https:\/\/mincomercionacional.gob.ve\/index.php?rest_route=\/wp\/v2\/posts\/15452","targetHints":{"allow":["GET"]}}],"collection":[{"href":"https:\/\/mincomercionacional.gob.ve\/index.php?rest_route=\/wp\/v2\/posts"}],"about":[{"href":"https:\/\/mincomercionacional.gob.ve\/index.php?rest_route=\/wp\/v2\/types\/post"}],"author":[{"embeddable":true,"href":"https:\/\/mincomercionacional.gob.ve\/index.php?rest_route=\/wp\/v2\/users\/14"}],"replies":[{"embeddable":true,"href":"https:\/\/mincomercionacional.gob.ve\/index.php?rest_route=%2Fwp%2Fv2%2Fcomments&post=15452"}],"version-history":[{"count":1,"href":"https:\/\/mincomercionacional.gob.ve\/index.php?rest_route=\/wp\/v2\/posts\/15452\/revisions"}],"predecessor-version":[{"id":15454,"href":"https:\/\/mincomercionacional.gob.ve\/index.php?rest_route=\/wp\/v2\/posts\/15452\/revisions\/15454"}],"wp:featuredmedia":[{"embeddable":true,"href":"https:\/\/mincomercionacional.gob.ve\/index.php?rest_route=\/wp\/v2\/media\/15453"}],"wp:attachment":[{"href":"https:\/\/mincomercionacional.gob.ve\/index.php?rest_route=%2Fwp%2Fv2%2Fmedia&parent=15452"}],"wp:term":[{"taxonomy":"category","embeddable":true,"href":"https:\/\/mincomercionacional.gob.ve\/index.php?rest_route=%2Fwp%2Fv2%2Fcategories&post=15452"},{"taxonomy":"post_tag","embeddable":true,"href":"https:\/\/mincomercionacional.gob.ve\/index.php?rest_route=%2Fwp%2Fv2%2Ftags&post=15452"}],"curies":[{"name":"wp","href":"https:\/\/api.w.org\/{rel}","templated":true}]}}