{"id":14798,"date":"2023-08-11T11:49:58","date_gmt":"2023-08-11T15:49:58","guid":{"rendered":"http:\/\/mincomercionacional.gob.ve\/?p=14798"},"modified":"2023-08-11T11:50:33","modified_gmt":"2023-08-11T15:50:33","slug":"presidente-firmo-decreto-de-activacion-de-zonas-economicas-especiales","status":"publish","type":"post","link":"https:\/\/mincomercionacional.gob.ve\/?p=14798","title":{"rendered":"Presidente firm\u00f3 decreto de activaci\u00f3n de Zonas Econ\u00f3micas Especiales"},"content":{"rendered":"<p style=\"text-align: justify;\">Maduro asegur\u00f3 que el turismo \u00abes el arma secreta del nuevo modelo econ\u00f3mico del pa\u00eds\u00bb<\/p>\n<p style=\"text-align: justify;\">El presidente de la Rep\u00fablica, Nicol\u00e1s Maduro firm\u00f3 los decretos para la creaci\u00f3n de las Zonas Econ\u00f3micas Especiales durante la jornada de trabajo especial dedicada a la Creaci\u00f3n de las Zonas Econ\u00f3micas Especiales (ZEE).<\/p>\n<p style=\"text-align: justify;\">En primer lugar, firm\u00f3 el decreto para la activaci\u00f3n de la Zona Econ\u00f3mica Especial de la Isla La Tortuga y design\u00f3 como autoridad \u00fanica al contraalmirante Anibal Coronado Mill\u00e1n.<\/p>\n<p style=\"text-align: justify;\">Maduro asegur\u00f3 que Ley Org\u00e1nica de las Zonas Econ\u00f3micas Especiales permitir\u00e1 avanzar \u201cen la construcci\u00f3n de un nuevo modelo para integrar perfectamente las capacidades econ\u00f3micas, productivas, tecnol\u00f3gicas de las distintas regiones del pa\u00eds\u201d, destac\u00f3 el jefe de Estado<\/p>\n<p style=\"text-align: justify;\">\u201cEn el pa\u00eds actualmente se producen 90% de los alimentos en tierra venezolana, primera vez en tierra venezolana\u201d, asegur\u00f3.<\/p>\n<p style=\"text-align: justify;\">\u201cCon la firma del decreto vamos a proceder a abrir la rueda de negocios para que los inversionistas puedan ser pioneros en la construcci\u00f3n de uno de los proyectos m\u00e1s importantes del Caribe y Am\u00e9rica Latina\u201d, subray\u00f3 al momento de plasmar la r\u00fabrica en el decreto que activa a la isla La Tortuga como ZEE.<\/p>\n<p style=\"text-align: justify;\">Seguidamente firm\u00f3 el decreto para activar la la activaci\u00f3n de la Zona Econ\u00f3mica Especial de Paraguan\u00e1 y design\u00f3 como autoridad \u00fanica a Sergio Luis Quintero.<\/p>\n<p style=\"text-align: justify;\">\u201cParaguan\u00e1 es un importante centro log\u00edstico, portuario, aeroportuario y tur\u00edstico\u201d, destac\u00f3.<\/p>\n<p style=\"text-align: justify;\">Pidi\u00f3 el plan de desarrollo de las tareas que se van a ejecutar en cada una de las zonas.<\/p>\n<p style=\"text-align: justify;\">Tambi\u00e9n firm\u00f3 la activaci\u00f3n de la ZEE Militar de Aragua, donde design\u00f3 al G\/D Rosas Col\u00f3n como autoridad \u00fanica.<\/p>\n<p style=\"text-align: justify;\">\u201cHemos venido trabajando, arduamente para crear una plataforma. No empezamos en cero\u201d, dijo tras destacar las bondades geogr\u00e1ficas de la zona por tener acceso a la capital y al principal puerto, que es Puerto Cabello, as\u00ed como la puerta del llano.<\/p>\n<p style=\"text-align: justify;\">El ministro para la Defensa, Vladimir Padrino L\u00f3pez, coment\u00f3 que ya se adelant\u00f3 trabajo con el motor de la industria militar y el Consejo Cient\u00edfico militar \u201cpara establecer encadenamientos productivos: Pl\u00e1sticos, metalmec\u00e1nica, textiles y calzados, son las primeras \u00e1reas que se est\u00e1n trabajando\u201d, destac\u00f3 el ministro Padrino L\u00f3pez.<\/p>\n<p style=\"text-align: justify;\">\u201cLa guerra actual se est\u00e1 desarrollando pr\u00e1cticamente en el aire y los drones son una estrategia militar fundamental, para lo cual se requieren los mejores expertos del mundo\u201d, dijo el presidente Maduro.<br \/>\nLa Guaira y Margarita<\/p>\n<p><img data-recalc-dims=\"1\" loading=\"lazy\" decoding=\"async\" data-attachment-id=\"14800\" data-permalink=\"https:\/\/mincomercionacional.gob.ve\/?attachment_id=14800\" data-orig-file=\"https:\/\/i0.wp.com\/mincomercionacional.gob.ve\/wp-content\/uploads\/2023\/08\/ejecutivo-firma-decreto-para-activar-zonas-economicas-especiales-10230.png?fit=900%2C505&amp;ssl=1\" data-orig-size=\"900,505\" data-comments-opened=\"0\" data-image-meta=\"{&quot;aperture&quot;:&quot;0&quot;,&quot;credit&quot;:&quot;&quot;,&quot;camera&quot;:&quot;&quot;,&quot;caption&quot;:&quot;&quot;,&quot;created_timestamp&quot;:&quot;0&quot;,&quot;copyright&quot;:&quot;&quot;,&quot;focal_length&quot;:&quot;0&quot;,&quot;iso&quot;:&quot;0&quot;,&quot;shutter_speed&quot;:&quot;0&quot;,&quot;title&quot;:&quot;&quot;,&quot;orientation&quot;:&quot;0&quot;}\" data-image-title=\"ejecutivo-firma-decreto-para-activar-zonas-economicas-especiales-10230\" data-image-description=\"\" data-image-caption=\"\" data-medium-file=\"https:\/\/i0.wp.com\/mincomercionacional.gob.ve\/wp-content\/uploads\/2023\/08\/ejecutivo-firma-decreto-para-activar-zonas-economicas-especiales-10230.png?fit=300%2C168&amp;ssl=1\" data-large-file=\"https:\/\/i0.wp.com\/mincomercionacional.gob.ve\/wp-content\/uploads\/2023\/08\/ejecutivo-firma-decreto-para-activar-zonas-economicas-especiales-10230.png?fit=900%2C505&amp;ssl=1\" class=\"alignnone size-full wp-image-14800\" src=\"https:\/\/i0.wp.com\/mincomercionacional.gob.ve\/wp-content\/uploads\/2023\/08\/ejecutivo-firma-decreto-para-activar-zonas-economicas-especiales-10230.png?resize=900%2C505\" alt=\"\" width=\"900\" height=\"505\" \/><\/p>\n<p style=\"text-align: justify;\">La ZEE del estado La Guaira tambi\u00e9n fue activada, cuya autoridad \u00fanica ser\u00e1 Marcos Mel\u00e9ndez Mata, seg\u00fan anunci\u00f3 el presidente Maduro.<\/p>\n<p style=\"text-align: justify;\">El gobernador de La Guaira, Alejandro Ter\u00e1n, destac\u00f3 la estrategia de la Ley Org\u00e1nica de las Zonas Econ\u00f3micas Especiales trav\u00e9s del despliegue de las fuerzas productivas y la derrota del ilegal bloqueo financiero que ha afectado la econom\u00eda venezolana.<\/p>\n<p style=\"text-align: justify;\">En el encuentro que se realiza en el Sal\u00f3n Boyac\u00e1 del Palacio de Miraflores, ubicado en Caracas, acompa\u00f1an al Jefe de Estado la vicepresidenta ejecutiva, Delcy Rodr\u00edguez y el Superintendente Nacional de las Zonas Econ\u00f3micas Especiales, Johann \u00c1lvarez M\u00e1rquez.<\/p>\n<p style=\"text-align: justify;\">Las ZEE se definen como una \u201cdelimitaci\u00f3n geogr\u00e1fica que cuenta con un r\u00e9gimen socioecon\u00f3mico especial y extraordinario, en cuyas poligonales se desarrollan actividades econ\u00f3micas previstas en la Ley objetivos establecidos en el Plan de Desarrollo Econ\u00f3mico y Social de la Naci\u00f3n\u201d.<\/p>\n<p style=\"text-align: justify;\">Dentro de sus prop\u00f3sitos fundamentales se encuentran el desarrollo de un nuevo modelo productivo nacional; el cual busca diversificar y aumentar las exportaciones, innovar procesos en aras de impulsar cadenas productivas y mercados internacionales; as\u00ed como tambi\u00e9n fortalecer el aparato industrial y promover la sustituci\u00f3n selectiva de importaciones.<\/p>\n","protected":false},"excerpt":{"rendered":"<p>Maduro asegur\u00f3 que el turismo \u00abes el arma secreta del nuevo modelo econ\u00f3mico del pa\u00eds\u00bb El presidente de la Rep\u00fablica, Nicol\u00e1s Maduro firm\u00f3 los decretos para la creaci\u00f3n de las Zonas Econ\u00f3micas Especiales durante la jornada de trabajo especial dedicada a la Creaci\u00f3n de las Zonas Econ\u00f3micas Especiales (ZEE). En primer lugar, firm\u00f3 el decreto &hellip;<\/p>\n","protected":false},"author":12,"featured_media":14799,"comment_status":"closed","ping_status":"open","sticky":false,"template":"","format":"standard","meta":{"footnotes":""},"categories":[1,1253],"tags":[],"class_list":["post-14798","post","type-post","status-publish","format-standard","has-post-thumbnail","hentry","category-prensa","category-prensa-presidencial"],"jetpack_featured_media_url":"https:\/\/i0.wp.com\/mincomercionacional.gob.ve\/wp-content\/uploads\/2023\/08\/0608MG__3668_P_W.jpg?fit=900%2C600&ssl=1","jetpack_shortlink":"https:\/\/wp.me\/pbvjg9-3QG","_links":{"self":[{"href":"https:\/\/mincomercionacional.gob.ve\/index.php?rest_route=\/wp\/v2\/posts\/14798","targetHints":{"allow":["GET"]}}],"collection":[{"href":"https:\/\/mincomercionacional.gob.ve\/index.php?rest_route=\/wp\/v2\/posts"}],"about":[{"href":"https:\/\/mincomercionacional.gob.ve\/index.php?rest_route=\/wp\/v2\/types\/post"}],"author":[{"embeddable":true,"href":"https:\/\/mincomercionacional.gob.ve\/index.php?rest_route=\/wp\/v2\/users\/12"}],"replies":[{"embeddable":true,"href":"https:\/\/mincomercionacional.gob.ve\/index.php?rest_route=%2Fwp%2Fv2%2Fcomments&post=14798"}],"version-history":[{"count":2,"href":"https:\/\/mincomercionacional.gob.ve\/index.php?rest_route=\/wp\/v2\/posts\/14798\/revisions"}],"predecessor-version":[{"id":14802,"href":"https:\/\/mincomercionacional.gob.ve\/index.php?rest_route=\/wp\/v2\/posts\/14798\/revisions\/14802"}],"wp:featuredmedia":[{"embeddable":true,"href":"https:\/\/mincomercionacional.gob.ve\/index.php?rest_route=\/wp\/v2\/media\/14799"}],"wp:attachment":[{"href":"https:\/\/mincomercionacional.gob.ve\/index.php?rest_route=%2Fwp%2Fv2%2Fmedia&parent=14798"}],"wp:term":[{"taxonomy":"category","embeddable":true,"href":"https:\/\/mincomercionacional.gob.ve\/index.php?rest_route=%2Fwp%2Fv2%2Fcategories&post=14798"},{"taxonomy":"post_tag","embeddable":true,"href":"https:\/\/mincomercionacional.gob.ve\/index.php?rest_route=%2Fwp%2Fv2%2Ftags&post=14798"}],"curies":[{"name":"wp","href":"https:\/\/api.w.org\/{rel}","templated":true}]}}