{"id":14768,"date":"2023-08-07T13:43:38","date_gmt":"2023-08-07T17:43:38","guid":{"rendered":"http:\/\/mincomercionacional.gob.ve\/?p=14768"},"modified":"2023-08-07T13:43:38","modified_gmt":"2023-08-07T17:43:38","slug":"vicepresidenta-rodriguez-los-brics-estan-construyendo-un-nuevo-multilateralismo","status":"publish","type":"post","link":"https:\/\/mincomercionacional.gob.ve\/?p=14768","title":{"rendered":"Vicepresidenta Rodr\u00edguez: Los Brics est\u00e1n construyendo un nuevo multilateralismo"},"content":{"rendered":"<p style=\"text-align: justify;\">La Vicepresidenta Ejecutiva de la Rep\u00fablica, Delcy Rodr\u00edguez, destac\u00f3 durante su participaci\u00f3n en el C\u00f3nclave India \u2013 ALC (Am\u00e9rica Latina y el Caribe), que Venezuela se encuentra preparada para estudiar todas las ofertas exportables, pese a las Medidas Coercitivas Unilaterales (MCU) que afectan la econom\u00eda nacional.<\/p>\n<p style=\"text-align: justify;\">Rodr\u00edguez ratific\u00f3 que el bloqueo contra la Patria \u201ces un bloqueo contra el pueblo, socavan las normas del comercio internacional\u201d y asegur\u00f3 que a pesar de ello, \u00abVenezuela siempre estar\u00e1 en primera fila de la f\u00f3rmula energ\u00e9tica internacional\u00bb.<\/p>\n<p style=\"text-align: justify;\">La Vicepresidenta tambi\u00e9n recalc\u00f3 que las MCU son extorsivas, vulneran la legalidad \u201cy el pueblo venezolano en su conjunto pide el levantamiento de las sanciones ilegales\u201d, subrayando que, \u201cVenezuela nunca podr\u00e1 ser aislada, el bloqueo criminal no ha podido contra el pa\u00eds, ellos han fracasado y este c\u00f3nclave lo ha demostrado\u201d.<\/p>\n<p style=\"text-align: justify;\"><img data-recalc-dims=\"1\" loading=\"lazy\" decoding=\"async\" data-attachment-id=\"14770\" data-permalink=\"https:\/\/mincomercionacional.gob.ve\/?attachment_id=14770\" data-orig-file=\"https:\/\/i0.wp.com\/mincomercionacional.gob.ve\/wp-content\/uploads\/2023\/08\/IMG-20230803-WA0244-1536x1023-1.jpg?fit=1536%2C1023&amp;ssl=1\" data-orig-size=\"1536,1023\" data-comments-opened=\"0\" data-image-meta=\"{&quot;aperture&quot;:&quot;0&quot;,&quot;credit&quot;:&quot;&quot;,&quot;camera&quot;:&quot;&quot;,&quot;caption&quot;:&quot;&quot;,&quot;created_timestamp&quot;:&quot;0&quot;,&quot;copyright&quot;:&quot;&quot;,&quot;focal_length&quot;:&quot;0&quot;,&quot;iso&quot;:&quot;0&quot;,&quot;shutter_speed&quot;:&quot;0&quot;,&quot;title&quot;:&quot;&quot;,&quot;orientation&quot;:&quot;0&quot;}\" data-image-title=\"IMG-20230803-WA0244-1536&amp;#215;1023\" data-image-description=\"\" data-image-caption=\"\" data-medium-file=\"https:\/\/i0.wp.com\/mincomercionacional.gob.ve\/wp-content\/uploads\/2023\/08\/IMG-20230803-WA0244-1536x1023-1.jpg?fit=300%2C200&amp;ssl=1\" data-large-file=\"https:\/\/i0.wp.com\/mincomercionacional.gob.ve\/wp-content\/uploads\/2023\/08\/IMG-20230803-WA0244-1536x1023-1.jpg?fit=1024%2C682&amp;ssl=1\" class=\"alignnone size-full wp-image-14770\" src=\"https:\/\/i0.wp.com\/mincomercionacional.gob.ve\/wp-content\/uploads\/2023\/08\/IMG-20230803-WA0244-1536x1023-1.jpg?resize=1536%2C1023\" alt=\"\" width=\"1536\" height=\"1023\" \/><\/p>\n<p style=\"text-align: justify;\">Asimismo, precis\u00f3 que el presidente Nicol\u00e1s Maduro ya formaliz\u00f3 el ingreso de Venezuela a los BRICS en su comisi\u00f3n de energ\u00eda, para colocar al servicio de este importante bloque la reserva de petr\u00f3leo m\u00e1s grande del planeta, que est\u00e1 \u201cdibujando una nueva internacionalidad, nuevas relaciones de cooperaci\u00f3n, alejado por completo del unilateralismo y la construcci\u00f3n verdadera del multilateralismo\u201d.<\/p>\n<p style=\"text-align: justify;\">Cabe destacar que la delegaci\u00f3n venezolana llev\u00f3 propuestas en el marco de los 18 Motores Productivos de la econom\u00eda venezolana, ya que la India es un pa\u00eds clave para el comercio mundial, y se espera que para el 2040, sea la primera naci\u00f3n con m\u00e1s demanda en energ\u00eda.<\/p>\n<p style=\"text-align: justify;\">Asimismo, es importante resaltar que en los pr\u00f3ximos d\u00edas se llevar\u00e1 a cabo una Cumbre de los BRICS en la ciudad sudafricana de Johannesburgo, donde Venezuela contar\u00e1 con su participaci\u00f3n, gracias a la vanguardia internacional que se ha venido construyendo producto de la Diplomacia Bolivariana de Paz.<\/p>\n<p><img data-recalc-dims=\"1\" loading=\"lazy\" decoding=\"async\" data-attachment-id=\"14772\" data-permalink=\"https:\/\/mincomercionacional.gob.ve\/?attachment_id=14772\" data-orig-file=\"https:\/\/i0.wp.com\/mincomercionacional.gob.ve\/wp-content\/uploads\/2023\/08\/IMG-20230803-WA0243-1536x1023-1.jpg?fit=1536%2C1023&amp;ssl=1\" data-orig-size=\"1536,1023\" data-comments-opened=\"0\" data-image-meta=\"{&quot;aperture&quot;:&quot;0&quot;,&quot;credit&quot;:&quot;&quot;,&quot;camera&quot;:&quot;&quot;,&quot;caption&quot;:&quot;&quot;,&quot;created_timestamp&quot;:&quot;0&quot;,&quot;copyright&quot;:&quot;&quot;,&quot;focal_length&quot;:&quot;0&quot;,&quot;iso&quot;:&quot;0&quot;,&quot;shutter_speed&quot;:&quot;0&quot;,&quot;title&quot;:&quot;&quot;,&quot;orientation&quot;:&quot;0&quot;}\" data-image-title=\"IMG-20230803-WA0243-1536&amp;#215;1023\" data-image-description=\"\" data-image-caption=\"\" data-medium-file=\"https:\/\/i0.wp.com\/mincomercionacional.gob.ve\/wp-content\/uploads\/2023\/08\/IMG-20230803-WA0243-1536x1023-1.jpg?fit=300%2C200&amp;ssl=1\" data-large-file=\"https:\/\/i0.wp.com\/mincomercionacional.gob.ve\/wp-content\/uploads\/2023\/08\/IMG-20230803-WA0243-1536x1023-1.jpg?fit=1024%2C682&amp;ssl=1\" class=\"alignnone size-full wp-image-14772\" src=\"https:\/\/i0.wp.com\/mincomercionacional.gob.ve\/wp-content\/uploads\/2023\/08\/IMG-20230803-WA0243-1536x1023-1.jpg?resize=1536%2C1023\" alt=\"\" width=\"1536\" height=\"1023\" \/><\/p>\n","protected":false},"excerpt":{"rendered":"<p>La Vicepresidenta Ejecutiva de la Rep\u00fablica, Delcy Rodr\u00edguez, destac\u00f3 durante su participaci\u00f3n en el C\u00f3nclave India \u2013 ALC (Am\u00e9rica Latina y el Caribe), que Venezuela se encuentra preparada para estudiar todas las ofertas exportables, pese a las Medidas Coercitivas Unilaterales (MCU) que afectan la econom\u00eda nacional. Rodr\u00edguez ratific\u00f3 que el bloqueo contra la Patria \u201ces &hellip;<\/p>\n","protected":false},"author":12,"featured_media":14769,"comment_status":"closed","ping_status":"open","sticky":false,"template":"","format":"standard","meta":{"footnotes":""},"categories":[1257],"tags":[],"class_list":["post-14768","post","type-post","status-publish","format-standard","has-post-thumbnail","hentry","category-vp"],"jetpack_featured_media_url":"https:\/\/i0.wp.com\/mincomercionacional.gob.ve\/wp-content\/uploads\/2023\/08\/IMG-20230803-WA0242.jpg?fit=1600%2C1066&ssl=1","jetpack_shortlink":"https:\/\/wp.me\/pbvjg9-3Qc","_links":{"self":[{"href":"https:\/\/mincomercionacional.gob.ve\/index.php?rest_route=\/wp\/v2\/posts\/14768","targetHints":{"allow":["GET"]}}],"collection":[{"href":"https:\/\/mincomercionacional.gob.ve\/index.php?rest_route=\/wp\/v2\/posts"}],"about":[{"href":"https:\/\/mincomercionacional.gob.ve\/index.php?rest_route=\/wp\/v2\/types\/post"}],"author":[{"embeddable":true,"href":"https:\/\/mincomercionacional.gob.ve\/index.php?rest_route=\/wp\/v2\/users\/12"}],"replies":[{"embeddable":true,"href":"https:\/\/mincomercionacional.gob.ve\/index.php?rest_route=%2Fwp%2Fv2%2Fcomments&post=14768"}],"version-history":[{"count":1,"href":"https:\/\/mincomercionacional.gob.ve\/index.php?rest_route=\/wp\/v2\/posts\/14768\/revisions"}],"predecessor-version":[{"id":14773,"href":"https:\/\/mincomercionacional.gob.ve\/index.php?rest_route=\/wp\/v2\/posts\/14768\/revisions\/14773"}],"wp:featuredmedia":[{"embeddable":true,"href":"https:\/\/mincomercionacional.gob.ve\/index.php?rest_route=\/wp\/v2\/media\/14769"}],"wp:attachment":[{"href":"https:\/\/mincomercionacional.gob.ve\/index.php?rest_route=%2Fwp%2Fv2%2Fmedia&parent=14768"}],"wp:term":[{"taxonomy":"category","embeddable":true,"href":"https:\/\/mincomercionacional.gob.ve\/index.php?rest_route=%2Fwp%2Fv2%2Fcategories&post=14768"},{"taxonomy":"post_tag","embeddable":true,"href":"https:\/\/mincomercionacional.gob.ve\/index.php?rest_route=%2Fwp%2Fv2%2Ftags&post=14768"}],"curies":[{"name":"wp","href":"https:\/\/api.w.org\/{rel}","templated":true}]}}