{"id":14758,"date":"2023-08-07T13:22:09","date_gmt":"2023-08-07T17:22:09","guid":{"rendered":"http:\/\/mincomercionacional.gob.ve\/?p=14758"},"modified":"2023-08-07T13:22:09","modified_gmt":"2023-08-07T17:22:09","slug":"venezuela-registra-63-de-crecimiento-en-exportacion-de-bienes","status":"publish","type":"post","link":"https:\/\/mincomercionacional.gob.ve\/?p=14758","title":{"rendered":"Venezuela registra 63% de crecimiento en exportaci\u00f3n de bienes"},"content":{"rendered":"<p style=\"text-align: justify;\">El presidente de la Rep\u00fablica, Nicol\u00e1s Maduro, inform\u00f3 que seg\u00fan datos registrados por la Comisi\u00f3n Econ\u00f3mica para Am\u00e9rica Latina y el Caribe (CEPAL), al cierre del a\u00f1o 2022, Venezuela ocupa el segundo lugar en la variaci\u00f3n porcentual del crecimiento de exportaciones de bienes de toda Am\u00e9rica Latina y el Caribe, lo que permite registrar un crecimiento de 63%.<\/p>\n<p style=\"text-align: justify;\">En tanto, Trinidad y Tobago ocupa el primer lugar con un 69% de crecimiento de exportaciones de bienes, fundamentalmente en el \u00e1rea de alimentos, mientras que Colombia ocupa el tercer lugar con 49%; para arrojar un promedio en la regi\u00f3n del 43%.<\/p>\n<p style=\"text-align: justify;\">En este sentido, apunt\u00f3 que en las importaciones Ecuador se ubica en el primer lugar con 41%, Surinam ocupa el segundo lugar con un 40% y Jamaica el tercer lugar con un 39%.<\/p>\n<p style=\"text-align: justify;\">\u201cY en los \u00faltimos lugares con apenas un 12% -de importaciones- Venezuela. Quiere decir que hemos invertido la tendencia, puedo decir que de acuerdo a estos datos de la CEPAL, nuestro pa\u00eds comienza a ser un pa\u00eds diversificado que exporta y empieza a sustituir las importaciones y a producir lo que antes import\u00e1bamos\u201d, asever\u00f3 el Dignatario.<\/p>\n<p style=\"text-align: justify;\">\u201cPrimeros pasos y logros para Venezuela convertirse en exportadora de bienes, vamos por el camino correcto, estamos en el lado correcto de la historia (\u2026) Venezuela comienza a sustituir las importaciones\u201d, asever\u00f3.<\/p>\n<p style=\"text-align: justify;\">La informaci\u00f3n la dio a conocer el Mandatario, durante la jornada denominada Socialismo Productivo dedicada a mostrar los logros de econom\u00eda del pa\u00eds, desde el Palacio de Miraflores, ubicado en Caracas.<\/p>\n","protected":false},"excerpt":{"rendered":"<p>El presidente de la Rep\u00fablica, Nicol\u00e1s Maduro, inform\u00f3 que seg\u00fan datos registrados por la Comisi\u00f3n Econ\u00f3mica para Am\u00e9rica Latina y el Caribe (CEPAL), al cierre del a\u00f1o 2022, Venezuela ocupa el segundo lugar en la variaci\u00f3n porcentual del crecimiento de exportaciones de bienes de toda Am\u00e9rica Latina y el Caribe, lo que permite registrar un &hellip;<\/p>\n","protected":false},"author":12,"featured_media":14759,"comment_status":"closed","ping_status":"open","sticky":false,"template":"","format":"standard","meta":{"footnotes":""},"categories":[1,1253],"tags":[],"class_list":["post-14758","post","type-post","status-publish","format-standard","has-post-thumbnail","hentry","category-prensa","category-prensa-presidencial"],"jetpack_featured_media_url":"https:\/\/i0.wp.com\/mincomercionacional.gob.ve\/wp-content\/uploads\/2023\/08\/WhatsApp-Image-2023-08-07-at-1.00.52-PM.jpeg?fit=900%2C600&ssl=1","jetpack_shortlink":"https:\/\/wp.me\/pbvjg9-3Q2","_links":{"self":[{"href":"https:\/\/mincomercionacional.gob.ve\/index.php?rest_route=\/wp\/v2\/posts\/14758","targetHints":{"allow":["GET"]}}],"collection":[{"href":"https:\/\/mincomercionacional.gob.ve\/index.php?rest_route=\/wp\/v2\/posts"}],"about":[{"href":"https:\/\/mincomercionacional.gob.ve\/index.php?rest_route=\/wp\/v2\/types\/post"}],"author":[{"embeddable":true,"href":"https:\/\/mincomercionacional.gob.ve\/index.php?rest_route=\/wp\/v2\/users\/12"}],"replies":[{"embeddable":true,"href":"https:\/\/mincomercionacional.gob.ve\/index.php?rest_route=%2Fwp%2Fv2%2Fcomments&post=14758"}],"version-history":[{"count":1,"href":"https:\/\/mincomercionacional.gob.ve\/index.php?rest_route=\/wp\/v2\/posts\/14758\/revisions"}],"predecessor-version":[{"id":14760,"href":"https:\/\/mincomercionacional.gob.ve\/index.php?rest_route=\/wp\/v2\/posts\/14758\/revisions\/14760"}],"wp:featuredmedia":[{"embeddable":true,"href":"https:\/\/mincomercionacional.gob.ve\/index.php?rest_route=\/wp\/v2\/media\/14759"}],"wp:attachment":[{"href":"https:\/\/mincomercionacional.gob.ve\/index.php?rest_route=%2Fwp%2Fv2%2Fmedia&parent=14758"}],"wp:term":[{"taxonomy":"category","embeddable":true,"href":"https:\/\/mincomercionacional.gob.ve\/index.php?rest_route=%2Fwp%2Fv2%2Fcategories&post=14758"},{"taxonomy":"post_tag","embeddable":true,"href":"https:\/\/mincomercionacional.gob.ve\/index.php?rest_route=%2Fwp%2Fv2%2Ftags&post=14758"}],"curies":[{"name":"wp","href":"https:\/\/api.w.org\/{rel}","templated":true}]}}