{"id":14697,"date":"2023-07-19T12:03:53","date_gmt":"2023-07-19T16:03:53","guid":{"rendered":"http:\/\/mincomercionacional.gob.ve\/?p=14697"},"modified":"2023-07-19T12:05:31","modified_gmt":"2023-07-19T16:05:31","slug":"delcy-rodriguez-venimos-a-decirle-a-europa-que-hay-camino-para-el-respeto-y-la-cooperacion","status":"publish","type":"post","link":"https:\/\/mincomercionacional.gob.ve\/?p=14697","title":{"rendered":"Delcy Rodr\u00edguez: Venimos a decirle a Europa que hay camino para el respeto y la cooperaci\u00f3n"},"content":{"rendered":"<p style=\"text-align: justify;\">Diversas organizaciones y actores pol\u00edticos y sociales han organizado una Cumbre de los Pueblos, en paralelo al desarrollo de la Cumbre de Jefas y Jefes de Estado y Gobierno de la Comunidad de Estados Latinoamericano y del Caribe (CELAC) y la Uni\u00f3n Europea (UE), que se desarrolla en Bruselas B\u00e9lgica, en la que particip\u00f3 en esta primera jornada de trabajo la vicepresidenta Ejecutiva de la Rep\u00fablica, Delcy Rodr\u00edguez.<\/p>\n<p style=\"text-align: justify;\">Durante su intervenci\u00f3n, resalt\u00f3 que luego de m\u00e1s de 20 a\u00f1os de Revoluci\u00f3n, se puede decir que se ha cuidado a la Am\u00e9rica Latina del fascismo y si algo debe definir este per\u00edodo es la capacidad de resistencia ante las agresiones multiformes.<\/p>\n<p style=\"text-align: justify;\">\u00abVenimos a decirle a Europa que hay camino para el respeto, la cooperaci\u00f3n, con la dignidad de un pueblo que no se rinde\u00bb, resalt\u00f3 Rodr\u00edguez.<\/p>\n<p style=\"text-align: justify;\">Entre ese proceso de resistencia recalc\u00f3 que el gobierno de Estados Unidos apoy\u00f3 el fallido &lt;&gt; de Juan Guaid\u00f3, irrespetando la Constituci\u00f3n de la Rep\u00fablica, queriendo robar el petr\u00f3leo del pa\u00eds y congelar sus activos en el extranjero.<\/p>\n<blockquote class=\"quote-light\">\n<p style=\"text-align: justify;\">Nos deben reparaci\u00f3n \u00e9tica y moral, claro que nos deben. Si algo pueden tener certeza es que en Venezuela no pasar\u00e1n, en Venezuela el fascismo no pasar\u00e1<\/p>\n<p style=\"text-align: justify;\">Delcy Rodr\u00edguez, Vicepresidenta Ejecutiva<\/p>\n<\/blockquote>\n<p style=\"text-align: justify;\">En ese orden de ideas, expres\u00f3 que se debe cambiar el modelo depredador del capitalismo que vulnera la estabilidad de los pueblos libres y soberanos. \u00abM\u00e1s de 900 Medidas Coercitivas Unilaterales le han paralizado las manos al Estado venezolano, sus ingresos han mermado, pero a pesar de eso estamos aqu\u00ed de pie\u00bb, apunt\u00f3 Rodr\u00edguez.<\/p>\n<p style=\"text-align: justify;\">Asimismo, hizo menci\u00f3n al intento de magnicidio contra el presidente Nicol\u00e1s Maduro, as\u00ed como de las incursiones mercenarias que intentaron apropiarse por la fuerza el poder en la naci\u00f3n.<\/p>\n<p style=\"text-align: justify;\">Rodr\u00edguez se\u00f1al\u00f3 que el hegemon imperial ha intentado imponer un modelo que solo ha creado profundas desigualdades, \u00absiendo nuestra regi\u00f3n la m\u00e1s desigual\u00bb, dijo.<br \/>\n<img data-recalc-dims=\"1\" loading=\"lazy\" decoding=\"async\" data-attachment-id=\"14699\" data-permalink=\"https:\/\/mincomercionacional.gob.ve\/?attachment_id=14699\" data-orig-file=\"https:\/\/i0.wp.com\/mincomercionacional.gob.ve\/wp-content\/uploads\/2023\/07\/WhatsApp-Image-2023-07-19-at-11.58.17-AM.jpeg?fit=1600%2C1066&amp;ssl=1\" data-orig-size=\"1600,1066\" data-comments-opened=\"0\" data-image-meta=\"{&quot;aperture&quot;:&quot;0&quot;,&quot;credit&quot;:&quot;&quot;,&quot;camera&quot;:&quot;&quot;,&quot;caption&quot;:&quot;&quot;,&quot;created_timestamp&quot;:&quot;0&quot;,&quot;copyright&quot;:&quot;&quot;,&quot;focal_length&quot;:&quot;0&quot;,&quot;iso&quot;:&quot;0&quot;,&quot;shutter_speed&quot;:&quot;0&quot;,&quot;title&quot;:&quot;&quot;,&quot;orientation&quot;:&quot;0&quot;}\" data-image-title=\"WhatsApp Image 2023-07-19 at 11.58.17 AM\" data-image-description=\"\" data-image-caption=\"\" data-medium-file=\"https:\/\/i0.wp.com\/mincomercionacional.gob.ve\/wp-content\/uploads\/2023\/07\/WhatsApp-Image-2023-07-19-at-11.58.17-AM.jpeg?fit=300%2C200&amp;ssl=1\" data-large-file=\"https:\/\/i0.wp.com\/mincomercionacional.gob.ve\/wp-content\/uploads\/2023\/07\/WhatsApp-Image-2023-07-19-at-11.58.17-AM.jpeg?fit=1024%2C682&amp;ssl=1\" class=\"alignnone size-full wp-image-14699\" src=\"https:\/\/i0.wp.com\/mincomercionacional.gob.ve\/wp-content\/uploads\/2023\/07\/WhatsApp-Image-2023-07-19-at-11.58.17-AM.jpeg?resize=1600%2C1066\" alt=\"\" width=\"1600\" height=\"1066\" \/><\/p>\n<p style=\"text-align: justify;\">Es por ello que la Vicepresidenta Ejecutiva asever\u00f3 que a pesar de las agresiones, se reivindica este espacio con la Uni\u00f3n Europea (UE), para hablar entre pares, siempre de pie con el derecho de igualdad, como lo defiende la Carta de las Naciones Unidas.<\/p>\n<p style=\"text-align: justify;\">\u00abEstamos aqu\u00ed con la alegr\u00eda de siempre que tiene el venezolano de defender nuestra libertad y a nuestro padre Bol\u00edvar y a Hugo Ch\u00e1vez\u00bb, apunt\u00f3.<\/p>\n<p><iframe loading=\"lazy\" title=\"Delcy Rodr\u00edguez: Venimos a decirle a Europa que hay camino para el respeto y la cooperaci\u00f3n\" width=\"500\" height=\"375\" src=\"https:\/\/www.youtube.com\/embed\/-6LA60_F2jY?feature=oembed\" frameborder=\"0\" allow=\"accelerometer; autoplay; clipboard-write; encrypted-media; gyroscope; picture-in-picture; web-share\" referrerpolicy=\"strict-origin-when-cross-origin\" allowfullscreen><\/iframe><\/p>\n","protected":false},"excerpt":{"rendered":"<p>Diversas organizaciones y actores pol\u00edticos y sociales han organizado una Cumbre de los Pueblos, en paralelo al desarrollo de la Cumbre de Jefas y Jefes de Estado y Gobierno de la Comunidad de Estados Latinoamericano y del Caribe (CELAC) y la Uni\u00f3n Europea (UE), que se desarrolla en Bruselas B\u00e9lgica, en la que particip\u00f3 en &hellip;<\/p>\n","protected":false},"author":12,"featured_media":14700,"comment_status":"closed","ping_status":"open","sticky":false,"template":"","format":"standard","meta":{"footnotes":""},"categories":[1,1257],"tags":[],"class_list":["post-14697","post","type-post","status-publish","format-standard","has-post-thumbnail","hentry","category-prensa","category-vp"],"jetpack_featured_media_url":"https:\/\/i0.wp.com\/mincomercionacional.gob.ve\/wp-content\/uploads\/2023\/07\/WhatsApp-Image-2023-07-19-at-12.02.40-PM.jpeg?fit=1110%2C998&ssl=1","jetpack_shortlink":"https:\/\/wp.me\/pbvjg9-3P3","_links":{"self":[{"href":"https:\/\/mincomercionacional.gob.ve\/index.php?rest_route=\/wp\/v2\/posts\/14697","targetHints":{"allow":["GET"]}}],"collection":[{"href":"https:\/\/mincomercionacional.gob.ve\/index.php?rest_route=\/wp\/v2\/posts"}],"about":[{"href":"https:\/\/mincomercionacional.gob.ve\/index.php?rest_route=\/wp\/v2\/types\/post"}],"author":[{"embeddable":true,"href":"https:\/\/mincomercionacional.gob.ve\/index.php?rest_route=\/wp\/v2\/users\/12"}],"replies":[{"embeddable":true,"href":"https:\/\/mincomercionacional.gob.ve\/index.php?rest_route=%2Fwp%2Fv2%2Fcomments&post=14697"}],"version-history":[{"count":1,"href":"https:\/\/mincomercionacional.gob.ve\/index.php?rest_route=\/wp\/v2\/posts\/14697\/revisions"}],"predecessor-version":[{"id":14701,"href":"https:\/\/mincomercionacional.gob.ve\/index.php?rest_route=\/wp\/v2\/posts\/14697\/revisions\/14701"}],"wp:featuredmedia":[{"embeddable":true,"href":"https:\/\/mincomercionacional.gob.ve\/index.php?rest_route=\/wp\/v2\/media\/14700"}],"wp:attachment":[{"href":"https:\/\/mincomercionacional.gob.ve\/index.php?rest_route=%2Fwp%2Fv2%2Fmedia&parent=14697"}],"wp:term":[{"taxonomy":"category","embeddable":true,"href":"https:\/\/mincomercionacional.gob.ve\/index.php?rest_route=%2Fwp%2Fv2%2Fcategories&post=14697"},{"taxonomy":"post_tag","embeddable":true,"href":"https:\/\/mincomercionacional.gob.ve\/index.php?rest_route=%2Fwp%2Fv2%2Ftags&post=14697"}],"curies":[{"name":"wp","href":"https:\/\/api.w.org\/{rel}","templated":true}]}}