{"id":14633,"date":"2023-06-29T19:11:41","date_gmt":"2023-06-29T23:11:41","guid":{"rendered":"http:\/\/mincomercionacional.gob.ve\/?p=14633"},"modified":"2023-06-29T19:11:41","modified_gmt":"2023-06-29T23:11:41","slug":"exoneradas-las-tasas-para-el-registro-de-patentes-de-emprendedores","status":"publish","type":"post","link":"https:\/\/mincomercionacional.gob.ve\/?p=14633","title":{"rendered":"Exoneradas las tasas para el registro de patentes de emprendedores"},"content":{"rendered":"<p style=\"text-align: justify;\">En aras de incentivar la participaci\u00f3n, originalidad y crecimiento de los emprendimientos, nuestro presidente Nicol\u00e1s Maduro, aprob\u00f3 la exoneraci\u00f3n de las tasas para el registro de patentes ante el Servicio Aut\u00f3nomo de Propiedad Intelectual (SAPI).<\/p>\n<p style=\"text-align: justify;\">Desde la Plaza Bicentenario, ubicada en el Palacio de Miraflores, puntualiz\u00f3 que la medida favorecer\u00e1 a los emprendedores inscritos en la plataforma Emprender Juntos, que suma 712.000 registros.<\/p>\n<p style=\"text-align: justify;\">\u201cVamos a sacar un decreto donde exoneramos de tasas para el registro de patentes ante el Servicio Aut\u00f3nomo de Propiedad Intelectual a todos los emprendedores y emprendedoras registrados y certificados en la plataforma Emprender Juntos\u201d, anunci\u00f3 durante una jornada de trabajo dedicada al Motor Emprendedor.<\/p>\n<p style=\"text-align: justify;\">Previamente, el ministro del Poder Popular para Comercio Nacional, Antonio Morales, detall\u00f3 que, a la fecha, m\u00e1s de 5.300 emprendedores han sido atendidos en el SAPI, donde han desplegado jornadas de formaci\u00f3n sobre planificaci\u00f3n y tr\u00e1mites administrativos vinculados a la obtenci\u00f3n y protecci\u00f3n de marcas, fundamentalmente para evitar que <em>\u201calgunas compa\u00f1\u00edas se aprovechen de las innovaciones y generar una competencia desleal\u201d.<\/em><\/p>\n<p style=\"text-align: justify;\"><strong>Prensa Presidencial<\/strong><\/p>\n<p><img data-recalc-dims=\"1\" loading=\"lazy\" decoding=\"async\" data-attachment-id=\"14635\" data-permalink=\"https:\/\/mincomercionacional.gob.ve\/?attachment_id=14635\" data-orig-file=\"https:\/\/i0.wp.com\/mincomercionacional.gob.ve\/wp-content\/uploads\/2023\/06\/07d449fd-5c41-4ecc-b101-67a2e155a391.jpg?fit=1024%2C683&amp;ssl=1\" data-orig-size=\"1024,683\" data-comments-opened=\"0\" data-image-meta=\"{&quot;aperture&quot;:&quot;0&quot;,&quot;credit&quot;:&quot;&quot;,&quot;camera&quot;:&quot;&quot;,&quot;caption&quot;:&quot;&quot;,&quot;created_timestamp&quot;:&quot;0&quot;,&quot;copyright&quot;:&quot;&quot;,&quot;focal_length&quot;:&quot;0&quot;,&quot;iso&quot;:&quot;0&quot;,&quot;shutter_speed&quot;:&quot;0&quot;,&quot;title&quot;:&quot;&quot;,&quot;orientation&quot;:&quot;0&quot;}\" data-image-title=\"07d449fd-5c41-4ecc-b101-67a2e155a391\" data-image-description=\"\" data-image-caption=\"\" data-medium-file=\"https:\/\/i0.wp.com\/mincomercionacional.gob.ve\/wp-content\/uploads\/2023\/06\/07d449fd-5c41-4ecc-b101-67a2e155a391.jpg?fit=300%2C200&amp;ssl=1\" data-large-file=\"https:\/\/i0.wp.com\/mincomercionacional.gob.ve\/wp-content\/uploads\/2023\/06\/07d449fd-5c41-4ecc-b101-67a2e155a391.jpg?fit=1024%2C683&amp;ssl=1\" class=\"alignnone size-full wp-image-14635\" src=\"https:\/\/i0.wp.com\/mincomercionacional.gob.ve\/wp-content\/uploads\/2023\/06\/07d449fd-5c41-4ecc-b101-67a2e155a391.jpg?resize=1024%2C683\" alt=\"\" width=\"1024\" height=\"683\" \/><\/p>\n","protected":false},"excerpt":{"rendered":"<p>En aras de incentivar la participaci\u00f3n, originalidad y crecimiento de los emprendimientos, nuestro presidente Nicol\u00e1s Maduro, aprob\u00f3 la exoneraci\u00f3n de las tasas para el registro de patentes ante el Servicio Aut\u00f3nomo de Propiedad Intelectual (SAPI). Desde la Plaza Bicentenario, ubicada en el Palacio de Miraflores, puntualiz\u00f3 que la medida favorecer\u00e1 a los emprendedores inscritos en &hellip;<\/p>\n","protected":false},"author":14,"featured_media":14634,"comment_status":"closed","ping_status":"open","sticky":false,"template":"","format":"standard","meta":{"footnotes":""},"categories":[1,1257],"tags":[34,329,75],"class_list":["post-14633","post","type-post","status-publish","format-standard","has-post-thumbnail","hentry","category-prensa","category-vp","tag-ministerio-de-comercio-nacional","tag-produccion-nacional","tag-sapi"],"jetpack_featured_media_url":"https:\/\/i0.wp.com\/mincomercionacional.gob.ve\/wp-content\/uploads\/2023\/06\/fd1f77d7-a70f-4698-abbe-679fe5ba7f2a.jpg?fit=900%2C600&ssl=1","jetpack_shortlink":"https:\/\/wp.me\/pbvjg9-3O1","_links":{"self":[{"href":"https:\/\/mincomercionacional.gob.ve\/index.php?rest_route=\/wp\/v2\/posts\/14633","targetHints":{"allow":["GET"]}}],"collection":[{"href":"https:\/\/mincomercionacional.gob.ve\/index.php?rest_route=\/wp\/v2\/posts"}],"about":[{"href":"https:\/\/mincomercionacional.gob.ve\/index.php?rest_route=\/wp\/v2\/types\/post"}],"author":[{"embeddable":true,"href":"https:\/\/mincomercionacional.gob.ve\/index.php?rest_route=\/wp\/v2\/users\/14"}],"replies":[{"embeddable":true,"href":"https:\/\/mincomercionacional.gob.ve\/index.php?rest_route=%2Fwp%2Fv2%2Fcomments&post=14633"}],"version-history":[{"count":1,"href":"https:\/\/mincomercionacional.gob.ve\/index.php?rest_route=\/wp\/v2\/posts\/14633\/revisions"}],"predecessor-version":[{"id":14636,"href":"https:\/\/mincomercionacional.gob.ve\/index.php?rest_route=\/wp\/v2\/posts\/14633\/revisions\/14636"}],"wp:featuredmedia":[{"embeddable":true,"href":"https:\/\/mincomercionacional.gob.ve\/index.php?rest_route=\/wp\/v2\/media\/14634"}],"wp:attachment":[{"href":"https:\/\/mincomercionacional.gob.ve\/index.php?rest_route=%2Fwp%2Fv2%2Fmedia&parent=14633"}],"wp:term":[{"taxonomy":"category","embeddable":true,"href":"https:\/\/mincomercionacional.gob.ve\/index.php?rest_route=%2Fwp%2Fv2%2Fcategories&post=14633"},{"taxonomy":"post_tag","embeddable":true,"href":"https:\/\/mincomercionacional.gob.ve\/index.php?rest_route=%2Fwp%2Fv2%2Ftags&post=14633"}],"curies":[{"name":"wp","href":"https:\/\/api.w.org\/{rel}","templated":true}]}}