{"id":14500,"date":"2023-05-24T12:16:57","date_gmt":"2023-05-24T16:16:57","guid":{"rendered":"http:\/\/mincomercionacional.gob.ve\/?p=14500"},"modified":"2023-05-24T12:16:57","modified_gmt":"2023-05-24T16:16:57","slug":"ii-foro-economico-euroasiatico-debe-conducir-a-la-creacion-de-un-mecanismo-financiero-justo","status":"publish","type":"post","link":"https:\/\/mincomercionacional.gob.ve\/?p=14500","title":{"rendered":"II Foro Econ\u00f3mico Euroasi\u00e1tico debe conducir a la creaci\u00f3n de un mecanismo financiero justo"},"content":{"rendered":"<p style=\"text-align: justify;\">El debate del II Foro Econ\u00f3mico Euroasi\u00e1tico, que se desarrolla este 24 y 25 de mayo en Rusia, debe conducir a la creaci\u00f3n de un \u201cnuevo mecanismo financiero internacional que d\u00e9 al comercio verdaderas libertades para su expansi\u00f3n\u201d, plante\u00f3 la vicepresidente de la Rep\u00fablica, Delcy Rodr\u00edguez.<\/p>\n<p style=\"text-align: justify;\">A trav\u00e9s de un mensaje audiovisual, enfatiz\u00f3 la necesidad de reflexionar sobre un nuevo esquema financiero basado en \u201cun comercio justo, compensado y que permita a los pa\u00edses relacionarse de forma menos presionada por la hegemon\u00eda que ejerce Estados Unidos\u201d, dado que esta condici\u00f3n de supremac\u00eda le ha permitido \u201cafectar a cientos de miles de habitantes en este planeta de forma extorsiva\u201d por el chantaje que supone el dominio del d\u00f3lar.<\/p>\n<p style=\"text-align: justify;\">Rodr\u00edguez reiter\u00f3 que, bajo este escenario, debe surgir \u201cun comercio justo, una moneda que sirva a la humanidad y no solamente al hegem\u00f3n\u201d.<\/p>\n<p style=\"text-align: justify;\">En este sentido, subray\u00f3 el rol protag\u00f3nico de los pa\u00edses BRICS (Brasil, Rusia, India, China y Sud\u00e1frica) en la configuraci\u00f3n de una nueva ingenier\u00eda financiera internacional que d\u00e9 pie a \u201cun andamiaje financiero internacional que permita realmente dar libertad a las relaciones econ\u00f3micas, comerciales y financieras\u201d.<\/p>\n<p style=\"text-align: justify;\">En nombre del Gobierno Nacional, la vicepresidenta Rodr\u00edguez extendi\u00f3 el respaldo del pueblo venezolano a las iniciativas que apuntan a la construcci\u00f3n de un mundo de equilibrio, respetuoso del derecho internacional y que preserve la integridad del planeta.<\/p>\n","protected":false},"excerpt":{"rendered":"<p>El debate del II Foro Econ\u00f3mico Euroasi\u00e1tico, que se desarrolla este 24 y 25 de mayo en Rusia, debe conducir a la creaci\u00f3n de un \u201cnuevo mecanismo financiero internacional que d\u00e9 al comercio verdaderas libertades para su expansi\u00f3n\u201d, plante\u00f3 la vicepresidente de la Rep\u00fablica, Delcy Rodr\u00edguez. A trav\u00e9s de un mensaje audiovisual, enfatiz\u00f3 la necesidad &hellip;<\/p>\n","protected":false},"author":12,"featured_media":14501,"comment_status":"closed","ping_status":"open","sticky":false,"template":"","format":"standard","meta":{"footnotes":""},"categories":[1,1257],"tags":[],"class_list":["post-14500","post","type-post","status-publish","format-standard","has-post-thumbnail","hentry","category-prensa","category-vp"],"jetpack_featured_media_url":"https:\/\/i0.wp.com\/mincomercionacional.gob.ve\/wp-content\/uploads\/2023\/05\/WhatsApp-Image-2023-05-24-at-11.38.09-AM.jpeg?fit=900%2C600&ssl=1","jetpack_shortlink":"https:\/\/wp.me\/pbvjg9-3LS","_links":{"self":[{"href":"https:\/\/mincomercionacional.gob.ve\/index.php?rest_route=\/wp\/v2\/posts\/14500","targetHints":{"allow":["GET"]}}],"collection":[{"href":"https:\/\/mincomercionacional.gob.ve\/index.php?rest_route=\/wp\/v2\/posts"}],"about":[{"href":"https:\/\/mincomercionacional.gob.ve\/index.php?rest_route=\/wp\/v2\/types\/post"}],"author":[{"embeddable":true,"href":"https:\/\/mincomercionacional.gob.ve\/index.php?rest_route=\/wp\/v2\/users\/12"}],"replies":[{"embeddable":true,"href":"https:\/\/mincomercionacional.gob.ve\/index.php?rest_route=%2Fwp%2Fv2%2Fcomments&post=14500"}],"version-history":[{"count":1,"href":"https:\/\/mincomercionacional.gob.ve\/index.php?rest_route=\/wp\/v2\/posts\/14500\/revisions"}],"predecessor-version":[{"id":14502,"href":"https:\/\/mincomercionacional.gob.ve\/index.php?rest_route=\/wp\/v2\/posts\/14500\/revisions\/14502"}],"wp:featuredmedia":[{"embeddable":true,"href":"https:\/\/mincomercionacional.gob.ve\/index.php?rest_route=\/wp\/v2\/media\/14501"}],"wp:attachment":[{"href":"https:\/\/mincomercionacional.gob.ve\/index.php?rest_route=%2Fwp%2Fv2%2Fmedia&parent=14500"}],"wp:term":[{"taxonomy":"category","embeddable":true,"href":"https:\/\/mincomercionacional.gob.ve\/index.php?rest_route=%2Fwp%2Fv2%2Fcategories&post=14500"},{"taxonomy":"post_tag","embeddable":true,"href":"https:\/\/mincomercionacional.gob.ve\/index.php?rest_route=%2Fwp%2Fv2%2Ftags&post=14500"}],"curies":[{"name":"wp","href":"https:\/\/api.w.org\/{rel}","templated":true}]}}