{"id":1445,"date":"2019-12-17T15:18:05","date_gmt":"2019-12-17T19:18:05","guid":{"rendered":"http:\/\/mincomercionacional.gob.ve\/?p=1445"},"modified":"2019-12-17T15:18:05","modified_gmt":"2019-12-17T19:18:05","slug":"eneida-laya-trabajamos-para-impulsar-la-produccion-nacional-y-aumentar-la-oferta","status":"publish","type":"post","link":"https:\/\/mincomercionacional.gob.ve\/?p=1445","title":{"rendered":"Eneida Laya: Trabajamos para impulsar la producci\u00f3n nacional y aumentar la oferta"},"content":{"rendered":"<p>&nbsp;<\/p>\n<p>La ministra del Poder Popular de Comercio Nacional y presidenta del Banco del Tesoro, Eneida Laya, ratific\u00f3 este martes su compromiso con el sector productivo, a fin de generar un s\u00f3lido sistema de oferta y demanda que fortalezca la econom\u00eda del pa\u00eds.<\/p>\n<p>\u201cVamos a seguir impulsando la producci\u00f3n nacional para que nuestros empresarios puedan ofrecer al pueblo sus productos (\u2026) as\u00ed habr\u00e1 un equilibrio, porque a mayor producci\u00f3n, mayor oferta\u201d, asever\u00f3 Laya, durante una entrevista al programa Caf\u00e9 en la Ma\u00f1ana, que transmite Venezolana de Televisi\u00f3n (VTV).<\/p>\n<p>\u201cTenemos que ir hacia una econom\u00eda real y no hacia una econom\u00eda especulativa\u201d, acot\u00f3.<\/p>\n<p>En este sentido, inform\u00f3 que la cartera de cr\u00e9dito neto del Banco del Tesoro se ubic\u00f3 en noviembre en Bs. 505.886.690.962,97 y se espera cerrar el a\u00f1o en m\u00e1s de Bs. 600.000.000.000,00, destinados a la inversi\u00f3n productiva.<\/p>\n<p>Destac\u00f3 que adem\u00e1s de los cr\u00e9ditos a empresas, la instituci\u00f3n financiera ha entregado 14.126 financiamientos a emprendedores del pa\u00eds dedicado a la producci\u00f3n agr\u00edcola, pecuaria, textil, de reposter\u00eda, etc.<\/p>\n<p><strong>Plataforma tecnol\u00f3gica<\/strong><\/p>\n<p>Laya manifest\u00f3 que adem\u00e1s del financiamiento, el banco ha avanzado en la modernizaci\u00f3n de su plataforma tecnol\u00f3gica, por ello en octubre pasado se concret\u00f3 la sustituci\u00f3n del hardware de la instituci\u00f3n para ampliar la capacidad de almacenamiento y procesamiento de datos que permiten mayor rapidez al hacer transacciones en la web.<\/p>\n<p>Adem\u00e1s, est\u00e1 prevista la puesta en funcionamiento de la nueva p\u00e1gina transaccional, a los fines de seguir mejorando la prestaci\u00f3n de servicios virtuales.<\/p>\n<p>Igualmente, se han hecho inversiones en canales electr\u00f3nicos, con un saldo de 14.243 puntos de venta activos, que representan un incremento de 364% con respecto a marzo de 2017, cuando Laya inici\u00f3 su gesti\u00f3n y se registraban 3.912 POS en el pa\u00eds.<\/p>\n<p>Indic\u00f3 que se dise\u00f1aron aplicaciones como Tesoro Pago M\u00f3vil, BT M\u00f3vil y se han instalado kioscos comunitarios electr\u00f3nicos para ampliar los canales de pago y con ello seguir aportando al fortalecimiento de la actividad econ\u00f3mica del pa\u00eds.<\/p>\n<p><strong>Gobierno de Calle<\/strong><\/p>\n<p>Laya destac\u00f3 que la cartera de Comercio Nacional realiz\u00f3 a inicios de mes de diciembre jornadas de gobierno de calle, en los estados Gu\u00e1rico y Portuguesa.<br \/>\nEn la actualidad, la jornada est\u00e1 instalada en Apure y el a\u00f1o entrante tendr\u00e1 lugar en los estados Trujillo, Barinas y Anzo\u00e1tegui para acabar con la burocratizaci\u00f3n de acceso a los servicios que ofrece este ministerio en los tr\u00e1mites de comercializaci\u00f3n.<\/p>\n","protected":false},"excerpt":{"rendered":"<p>&nbsp; La ministra del Poder Popular de Comercio Nacional y presidenta del Banco del Tesoro, Eneida Laya, ratific\u00f3 este martes su compromiso con el sector productivo, a fin de generar un s\u00f3lido sistema de oferta y demanda que fortalezca la econom\u00eda del pa\u00eds. \u201cVamos a seguir impulsando la producci\u00f3n nacional para que nuestros empresarios puedan &hellip;<\/p>\n","protected":false},"author":5,"featured_media":1447,"comment_status":"closed","ping_status":"open","sticky":false,"template":"","format":"standard","meta":{"footnotes":""},"categories":[1],"tags":[],"class_list":["post-1445","post","type-post","status-publish","format-standard","has-post-thumbnail","hentry","category-prensa"],"jetpack_featured_media_url":"https:\/\/i0.wp.com\/mincomercionacional.gob.ve\/wp-content\/uploads\/2019\/12\/WhatsApp-Image-2019-12-17-at-11.55.33-AM.jpeg?fit=960%2C640&ssl=1","jetpack_shortlink":"https:\/\/wp.me\/pbvjg9-nj","_links":{"self":[{"href":"https:\/\/mincomercionacional.gob.ve\/index.php?rest_route=\/wp\/v2\/posts\/1445","targetHints":{"allow":["GET"]}}],"collection":[{"href":"https:\/\/mincomercionacional.gob.ve\/index.php?rest_route=\/wp\/v2\/posts"}],"about":[{"href":"https:\/\/mincomercionacional.gob.ve\/index.php?rest_route=\/wp\/v2\/types\/post"}],"author":[{"embeddable":true,"href":"https:\/\/mincomercionacional.gob.ve\/index.php?rest_route=\/wp\/v2\/users\/5"}],"replies":[{"embeddable":true,"href":"https:\/\/mincomercionacional.gob.ve\/index.php?rest_route=%2Fwp%2Fv2%2Fcomments&post=1445"}],"version-history":[{"count":1,"href":"https:\/\/mincomercionacional.gob.ve\/index.php?rest_route=\/wp\/v2\/posts\/1445\/revisions"}],"predecessor-version":[{"id":1448,"href":"https:\/\/mincomercionacional.gob.ve\/index.php?rest_route=\/wp\/v2\/posts\/1445\/revisions\/1448"}],"wp:featuredmedia":[{"embeddable":true,"href":"https:\/\/mincomercionacional.gob.ve\/index.php?rest_route=\/wp\/v2\/media\/1447"}],"wp:attachment":[{"href":"https:\/\/mincomercionacional.gob.ve\/index.php?rest_route=%2Fwp%2Fv2%2Fmedia&parent=1445"}],"wp:term":[{"taxonomy":"category","embeddable":true,"href":"https:\/\/mincomercionacional.gob.ve\/index.php?rest_route=%2Fwp%2Fv2%2Fcategories&post=1445"},{"taxonomy":"post_tag","embeddable":true,"href":"https:\/\/mincomercionacional.gob.ve\/index.php?rest_route=%2Fwp%2Fv2%2Ftags&post=1445"}],"curies":[{"name":"wp","href":"https:\/\/api.w.org\/{rel}","templated":true}]}}